{"id":129421,"date":"2026-08-28T04:45:51","date_gmt":"2026-08-28T10:45:51","guid":{"rendered":"https:\/\/losperiodistas.com.mx\/portal\/?p=129421"},"modified":"2026-08-28T04:45:58","modified_gmt":"2026-08-28T10:45:58","slug":"como-una-politica-de-seguridad-de-amlo-alimento-la-mayor-red-de-huachicol-fiscal-en-mexico-segun-experto-infobae","status":"publish","type":"post","link":"https:\/\/losperiodistas.com.mx\/portal\/como-una-politica-de-seguridad-de-amlo-alimento-la-mayor-red-de-huachicol-fiscal-en-mexico-segun-experto-infobae\/","title":{"rendered":"C\u00f3mo una pol\u00edtica de seguridad de AMLO aliment\u00f3 la mayor red de huachicol fiscal en M\u00e9xico, seg\u00fan experto | Infobae"},"content":{"rendered":"\n<h2 class=\"wp-block-heading has-medium-font-size\">El investigador Francisco Barn\u00e9s de Castro, exrector de la UNAM, document\u00f3 que el huachicol fiscal se dispar\u00f3 en 2019 cuando el gobierno de L\u00f3pez Obrador cerr\u00f3 los ductos de Pemex, alcanzando su pico en 2021<\/h2>\n\n\n\n<figure class=\"wp-block-image size-full\"><img fetchpriority=\"high\" decoding=\"async\" width=\"992\" height=\"558\" src=\"https:\/\/losperiodistas.com.mx\/portal\/wp-content\/uploads\/2026\/08\/WZFVBNOKT5EZ7EDIWOU3QPFPZE.jpg\" alt=\"\" class=\"wp-image-129452\" srcset=\"https:\/\/losperiodistas.com.mx\/portal\/wp-content\/uploads\/2026\/08\/WZFVBNOKT5EZ7EDIWOU3QPFPZE.jpg 992w, https:\/\/losperiodistas.com.mx\/portal\/wp-content\/uploads\/2026\/08\/WZFVBNOKT5EZ7EDIWOU3QPFPZE-300x169.jpg 300w, https:\/\/losperiodistas.com.mx\/portal\/wp-content\/uploads\/2026\/08\/WZFVBNOKT5EZ7EDIWOU3QPFPZE-768x432.jpg 768w\" sizes=\"(max-width: 992px) 100vw, 992px\" \/><figcaption class=\"wp-element-caption\">Cerrar los ductos de Pemex en 2019 redujo el robo de combustible, pero dispar\u00f3 el huachicol fiscal. (Infobae\/Anayeli Tapia)<\/figcaption><\/figure>\n\n\n\n<p class=\"has-medium-font-size\"><strong>Por <a href=\"https:\/\/www.infobae.com\/autor\/anayeli-tapia-sandoval\/\">Anayeli Tapia Sandoval<\/a> \/ Infobae<\/strong><\/p>\n\n\n\n<p>Cerrar los&nbsp;<strong>ductos<\/strong>&nbsp;<strong>de Pemex<\/strong>&nbsp;en&nbsp;<strong>2019&nbsp;<\/strong>redujo el robo de combustible por perforaci\u00f3n de tuber\u00edas, pero abri\u00f3 la puerta al mayor esquema de&nbsp;<strong>huachicol fiscal<\/strong>&nbsp;de la historia de M\u00e9xico: los c\u00e1rteles trasladaron su modelo de negocio hacia los&nbsp;<strong>puertos y las aduanas mar\u00edtimas<\/strong>, aprovechando la misma infraestructura de almacenamiento y distribuci\u00f3n que ya ten\u00edan construida.<\/p>\n\n\n\n<p><a href=\"https:\/\/www.infobae.com\/mexico\/2026\/08\/26\/detienen-en-huamantla-a-la-reina-del-sur-objetivo-prioritario-de-autoridades-en-tlaxcala\/\" target=\"_blank\" rel=\"noreferrer noopener\"><\/a><\/p>\n\n\n\n<figure class=\"wp-block-image\"><a class=\"recommended-card recommended-card--infobae recommended-card--first\" href=\"https:\/\/www.infobae.com\/mexico\/2026\/08\/26\/detienen-en-huamantla-a-la-reina-del-sur-objetivo-prioritario-de-autoridades-en-tlaxcala\/\" target=\"_blank\" rel=\"noreferrer noopener\"><img decoding=\"async\" src=\"https:\/\/www.infobae.com\/resizer\/v2\/6RKHFK6WGZAIFNZ7P3NK5DLK4Y.jpg?auth=7bc2516069b372d1dc3161b5c2f8ff897e68ddcf9d89461e41ccd87235c42212&amp;smart=true&amp;width=256&amp;height=140&amp;quality=85\" alt=\"Detienen en Huamantla a \u201cLa Reina del Sur\u201d, objetivo prioritario de autoridades en Tlaxcala\"\/><\/a><\/figure>\n\n\n\n<p><a href=\"https:\/\/www.infobae.com\/mexico\/2026\/08\/26\/detienen-en-huamantla-a-la-reina-del-sur-objetivo-prioritario-de-autoridades-en-tlaxcala\/\" target=\"_blank\" rel=\"noreferrer noopener\">Te puede interesar:<strong>Detienen en Huamantla a \u201cLa Reina del Sur\u201d, objetivo prioritario de autoridades en Tlaxcala<\/strong><\/a><a href=\"https:\/\/www.infobae.com\/mexico\/2026\/08\/26\/detienen-en-huamantla-a-la-reina-del-sur-objetivo-prioritario-de-autoridades-en-tlaxcala\/\" target=\"_blank\" rel=\"noreferrer noopener\"><\/a><\/p>\n\n\n\n<p>Esa es la hip\u00f3tesis central que el investigador&nbsp;<strong>Francisco Jos\u00e9 Barn\u00e9s de Castro,&nbsp;<\/strong>exrector de la UNAM y exsubsecretario de Energ\u00eda, desarroll\u00f3 en un an\u00e1lisis publicado en la revista&nbsp;<em>Energ\u00eda a Debate.<\/em><\/p>\n\n\n\n<p>La p\u00e9rdida recaudatoria acumulada entre 2019 y mediados de 2026 supera los&nbsp;<strong>730 mil millones de pesos<\/strong>, seg\u00fan estimaciones de Barn\u00e9s de Castro construidas con datos oficiales de tres fuentes: la Agencia de Informaci\u00f3n Energ\u00e9tica de Estados Unidos, la Secretar\u00eda de Energ\u00eda y el Banco de M\u00e9xico. Solo en 2025, la evasi\u00f3n del IVA y el IEPS por contrabando de di\u00e9sel de Estados Unidos se estima en&nbsp;<strong>29 mil millones de pesos<\/strong>.<\/p>\n\n\n\n<p><a href=\"https:\/\/www.infobae.com\/mexico\/2026\/08\/28\/temblor-hoy-en-mexico-noticias-actividad-sismica-28-de-agosto-de-2026\/\" target=\"_blank\" rel=\"noreferrer noopener\"><\/a><\/p>\n\n\n\n<figure class=\"wp-block-image\"><a class=\"recommended-card recommended-card--infobae recommended-card--first\" href=\"https:\/\/www.infobae.com\/mexico\/2026\/08\/28\/temblor-hoy-en-mexico-noticias-actividad-sismica-28-de-agosto-de-2026\/\" target=\"_blank\" rel=\"noreferrer noopener\"><img decoding=\"async\" src=\"https:\/\/www.infobae.com\/resizer\/v2\/STQDGTFSXNETTP7W7OC5CLVX7M.png?auth=b6b9a3cb36fae2363555e5cfd82e9a79ee976627aa2a90b8ec97320dcf8394ab&amp;smart=true&amp;width=256&amp;height=140&amp;quality=85\" alt=\"Temblor hoy en M\u00e9xico: noticias actividad s\u00edsmica 28 de agosto de 2026\"\/><\/a><\/figure>\n\n\n\n<p><a href=\"https:\/\/www.infobae.com\/mexico\/2026\/08\/28\/temblor-hoy-en-mexico-noticias-actividad-sismica-28-de-agosto-de-2026\/\" target=\"_blank\" rel=\"noreferrer noopener\">Te puede interesar:<strong>Temblor hoy en M\u00e9xico: noticias actividad s\u00edsmica 28 de agosto de 2026<\/strong><\/a><a href=\"https:\/\/www.infobae.com\/mexico\/2026\/08\/28\/temblor-hoy-en-mexico-noticias-actividad-sismica-28-de-agosto-de-2026\/\" target=\"_blank\" rel=\"noreferrer noopener\"><\/a><\/p>\n\n\n\n<p><\/p>\n\n\n\n<p>El volumen total de combustible il\u00edcito que entr\u00f3 al pa\u00eds en ese periodo asciende a aproximadamente&nbsp;<strong>935 millones de barriles<\/strong>&nbsp;de gasolina y di\u00e9sel combinados. Solo el contrabando de di\u00e9sel proveniente de Estados Unidos acumula&nbsp;<strong>141.5 millones de barriles&nbsp;<\/strong>en siete a\u00f1os y medio, equivalentes a&nbsp;<strong>22,500 millones de litros<\/strong>, seg\u00fan los datos cruzados por Barn\u00e9s de Castro.<\/p>\n\n\n\n<h2 class=\"wp-block-heading\" id=\"durante-el-gobierno-de-amlo-el-contrabando-fue-7-veces-mayor-que-con-pena-nieto\">Durante el gobierno de AMLO el contrabando fue 7 veces mayor que con Pe\u00f1a Nieto<\/h2>\n\n\n\n<p><img decoding=\"async\" alt=\"Enrique Pe\u00f1a Nieto AMLO\" height=\"1070\" width=\"1796\" src=\"https:\/\/www.infobae.com\/resizer\/v2\/GNUGJQJUPBC47KQ4PUJNZ4DRCE.jpg?auth=763531522ceb4c2c187a9d392e21d28e66b771b2477d4d8fffe239978488ff7f&amp;smart=true&amp;width=350&amp;height=209&amp;quality=85\">(Foto: especial)<\/p>\n\n\n\n<p>La comparaci\u00f3n por sexenio es el dato m\u00e1s contundente del an\u00e1lisis. Durante el gobierno de&nbsp;<strong>Felipe Calder\u00f3n<\/strong>, entre enero de 2007 y noviembre de 2012, M\u00e9xico lleg\u00f3 a reportar m\u00e1s&nbsp;<strong>importaciones de di\u00e9sel&nbsp;<\/strong>de las que Estados Unidos dice haber exportado, lo que arroja una diferencia negativa de&nbsp;<strong>13.1 millones de barriles<\/strong>: sin contrabando detectable a gran escala.<\/p>\n\n\n\n<p><a href=\"https:\/\/www.infobae.com\/mexico\/2026\/08\/26\/emma-coronel-habla-de-su-polemico-tatuaje-de-pizza-que-ha-sido-relacionado-con-los-chapitos\/\" target=\"_blank\" rel=\"noreferrer noopener\"><\/a><\/p>\n\n\n\n<figure class=\"wp-block-image\"><a class=\"recommended-card recommended-card--infobae recommended-card--first\" href=\"https:\/\/www.infobae.com\/mexico\/2026\/08\/26\/emma-coronel-habla-de-su-polemico-tatuaje-de-pizza-que-ha-sido-relacionado-con-los-chapitos\/\" target=\"_blank\" rel=\"noreferrer noopener\"><img decoding=\"async\" src=\"https:\/\/www.infobae.com\/resizer\/v2\/A3TKEFVCBBDCRGFAW5C4RF3MVE.jpg?auth=5ef91b1836876df32868ffe872c9128d6ac33c353c71539b2cf80e0cf855441b&amp;smart=true&amp;width=256&amp;height=140&amp;quality=85\" alt=\"Emma Coronel habla de su pol\u00e9mico tatuaje de pizza que ha sido relacionado con Los Chapitos\"\/><\/a><\/figure>\n\n\n\n<p><a href=\"https:\/\/www.infobae.com\/mexico\/2026\/08\/26\/emma-coronel-habla-de-su-polemico-tatuaje-de-pizza-que-ha-sido-relacionado-con-los-chapitos\/\" target=\"_blank\" rel=\"noreferrer noopener\">Te puede interesar:<strong>Emma Coronel habla de su pol\u00e9mico tatuaje de pizza que ha sido relacionado con Los Chapitos<\/strong><\/a><a href=\"https:\/\/www.infobae.com\/mexico\/2026\/08\/26\/emma-coronel-habla-de-su-polemico-tatuaje-de-pizza-que-ha-sido-relacionado-con-los-chapitos\/\" target=\"_blank\" rel=\"noreferrer noopener\"><\/a><\/p>\n\n\n\n<p>Con<strong>&nbsp;Enrique Pe\u00f1a Nieto<\/strong>, entre diciembre de 2012 y noviembre de 2018, la diferencia entre lo que export\u00f3 Estados Unidos y lo que M\u00e9xico registr\u00f3 como importaci\u00f3n legal fue de&nbsp;<strong>10.5 millones de barriles<\/strong>, equivalente al&nbsp;<strong>2.6%<\/strong>&nbsp;del volumen exportado. Un contrabando presente pero marginal.<\/p>\n\n\n\n<p>El quiebre ocurre con&nbsp;<strong>Andr\u00e9s Manuel L\u00f3pez Obrador<\/strong>. Entre diciembre de 2018 y septiembre de 2024, la diferencia acumulada entre exportaciones estadounidenses e importaciones legales mexicanas ascendi\u00f3 a&nbsp;<strong>112.5 millones de barriles<\/strong>, el&nbsp;<strong>18.9%<\/strong>&nbsp;del volumen total exportado por Estados Unidos a M\u00e9xico en ese periodo. Es decir, casi&nbsp;<strong>uno de cada cinco barriles de di\u00e9sel que sali\u00f3 de Estados Unidos con destino a M\u00e9xico no fue registrado<\/strong>&nbsp;como tal al entrar al pa\u00eds.<\/p>\n\n\n\n<p>En el actual sexenio, entre octubre de 2024 y abril de 2026, el contrabando acumula ya&nbsp;<strong>29 millones de barriles<\/strong>, con un porcentaje que escala al&nbsp;<strong>22.8%<\/strong>&nbsp;del volumen exportado, el m\u00e1s alto registrado. Barn\u00e9s de Castro atribuye ese dato no a una expansi\u00f3n del esquema sino a que los operativos de la actual administraci\u00f3n a\u00fan<strong>&nbsp;no han logrado cerrar del todo las rutas activas.<\/strong><\/p>\n\n\n\n<h2 class=\"wp-block-heading\" id=\"en-2021-el-ano-pico\">En 2021, el a\u00f1o pico<\/h2>\n\n\n\n<p><img decoding=\"async\" alt=\"AMLO en la ma\u00f1anera del mi\u00e9rcoles 7 de agosto\" height=\"1080\" width=\"1920\" src=\"https:\/\/www.infobae.com\/resizer\/v2\/ECQCZVEJZBAKVINAVXG2XJ4IGQ.jpg?auth=4c19516dce0e5fbdefd749df6a13ce027b70f5048c94e8c6d11e485ac957a187&amp;smart=true&amp;width=350&amp;height=197&amp;quality=85\">(Gobierno de M\u00e9xico)<\/p>\n\n\n\n<p>La metodolog\u00eda de Barn\u00e9s de Castro es directa: comparar mes a mes cu\u00e1nto di\u00e9sel export\u00f3 Estados Unidos a M\u00e9xico con cu\u00e1nto registr\u00f3 M\u00e9xico como importaci\u00f3n legal. Cuando la diferencia es notable y sostenida, la explicaci\u00f3n es una sola: el excedente entr\u00f3 declarado como otro producto.<\/p>\n\n\n\n<p>\u201cSi las cifras son similares o hay peque\u00f1as variaciones hacia arriba o hacia abajo, puedes suponer que no hay contrabando o que el contrabando es m\u00ednimo\u201d, explic\u00f3 Barn\u00e9s de Castro en una entrevista con&nbsp;<em>Aristegui Noticias.<\/em>&nbsp;\u201cCuando la diferencia es notable entre lo que exporta Estados Unidos a M\u00e9xico y lo que importa M\u00e9xico oficialmente, est\u00e1 claramente una diferencia de que est\u00e1 entrando di\u00e9sel que fue exportado de Estados Unidos como di\u00e9sel y que se import\u00f3 a M\u00e9xico bajo otro rubro diferente.\u201d<\/p>\n\n\n\n<p>Los datos anuales muestran la progresi\u00f3n con precisi\u00f3n: en 2019 entraron&nbsp;<strong>12 millones de barriles<\/strong>&nbsp;de contrabando, en 2020 subieron a&nbsp;<strong>23 millones<\/strong>&nbsp;y en 2021 llegaron al pico de&nbsp;<strong>35 millones de barriles<\/strong>. Ese a\u00f1o, el huachicol fiscal represent\u00f3 el&nbsp;<strong>32.4%<\/strong>&nbsp;del di\u00e9sel importado de Estados Unidos y el&nbsp;<strong>25%<\/strong>&nbsp;del consumo total de di\u00e9sel en el pa\u00eds. Pemex import\u00f3 el 40%, el sector privado legal otro 30%, y el resto lo introdujo el sector privado de manera il\u00edcita.<\/p>\n\n\n\n<p>\u201cEstamos hablando de m\u00e1s de 140 millones de barriles solo de Estados Unidos, que es lo que puedo identificar aqu\u00ed\u201d, dijo Barn\u00e9s de Castro a Carmen Aristegui.<\/p>\n\n\n\n<h2 class=\"wp-block-heading\" id=\"el-crimen-organizado-no-tuvo-que-construir-nada:-la-red-ya-existia\">El crimen organizado no tuvo que construir nada: la red ya exist\u00eda<\/h2>\n\n\n\n<p><img loading=\"lazy\" decoding=\"async\" alt=\"Huachicol Marinos Saucedo\" height=\"1080\" width=\"1920\" src=\"https:\/\/www.infobae.com\/resizer\/v2\/EQXHFSWRABHAZKWPC6EC3BNNYI.jpg?auth=1aa67b7391c8ed2ecdb1ed18e96bc04bb033dfbafe585229c6e5cd30119cea3d&amp;smart=true&amp;width=350&amp;height=197&amp;quality=85\">Imagen: Jes\u00fas A. Avil\u00e9s \/ Infobae M\u00e9xico<\/p>\n\n\n\n<p>La hip\u00f3tesis de Barn\u00e9s de Castro sobre el&nbsp;<strong>origen del disparo del huachicol fiscal<\/strong>&nbsp;tiene una l\u00f3gica operativa que los datos respaldan: cuando el gobierno federal<strong>&nbsp;cerr\u00f3 y militariz\u00f3 los ductos de Pemex en 2019<\/strong>, el robo de infraestructura cay\u00f3, pero los c\u00e1rteles no desaparecieron.&nbsp;<strong>Ten\u00edan bodegas, pipas, rutas de distribuci\u00f3n y contactos en gasolineras.&nbsp;<\/strong>Solo necesitaban otra fuente de combustible barato.<\/p>\n\n\n\n<p>\u201c\u00bfQu\u00e9 ocurri\u00f3 en ese hueco donde el crimen organizado se qued\u00f3 sin material de trabajo? Pues<strong>&nbsp;se coludi\u00f3, seguramente, con las autoridades&nbsp;<\/strong>necesarias para empezar el negocio del huachicol fiscal, porque es justo esos tres a\u00f1os cuando se dispara\u201d.<\/p>\n\n\n\n<p>La coincidencia temporal es la evidencia m\u00e1s contundente de su argumento: los a\u00f1os en que cae el robo de ductos son exactamente los a\u00f1os en que crece el contrabando mar\u00edtimo.&nbsp;<strong>\u201cCuando hay ausencia de piquetes de ductos es cuando crece de manera impresionante el huachicol fiscal\u201d<\/strong>, se\u00f1al\u00f3 el investigador en la misma entrevista.<\/p>\n\n\n\n<p>La infraestructura reutilizada explica adem\u00e1s la velocidad con que el esquema escal\u00f3.<strong>&nbsp;Armar desde cero una red capaz de mover 35 millones de barriles al a\u00f1o habr\u00eda tomado a\u00f1os.<\/strong>&nbsp;Adaptarla a partir de una ya existente, con almacenes, transportistas y distribuidores conocidos, es otra historia. El&nbsp;<strong>C\u00e1rtel Jalisco Nueva Generaci\u00f3n (CJNG)<\/strong>&nbsp;aparece identificado por Barn\u00e9s de Castro como uno de los actores activos en ambas modalidades, tanto en el robo de ductos como en el huachicol fiscal posterior.<\/p>\n\n\n\n<p>La misma estrategia que cerr\u00f3 los ductos transfiri\u00f3 el control de las aduanas mar\u00edtimas a la&nbsp;<strong>Secretar\u00eda de Marina<\/strong>. Fueron precisamente mandos navales los que, seg\u00fan la FGR, terminaron facilitando el esquema: el&nbsp;<strong>excontralmirante Fernando Far\u00edas Laguna<\/strong>&nbsp;y su hermano el&nbsp;<strong>exvicealmirante Manuel Roberto Far\u00edas Laguna<\/strong>&nbsp;fueron vinculados a proceso en agosto de 2026 por encabezar la red de contrabando que oper\u00f3 en los puertos de Tampico, Altamira, Ensenada y Guaymas.<\/p>\n\n\n\n<h2 class=\"wp-block-heading\" id=\"los-datos-desmienten-la-version-de-morena-sobre-el-origen-del-fenomeno\">Los datos desmienten la versi\u00f3n de Morena sobre el origen del fen\u00f3meno<\/h2>\n\n\n\n<p><img loading=\"lazy\" decoding=\"async\" alt=\"Ariadna Montiel afirm\u00f3 que Alejandro Arcos no es militante de Morena. | YouTube Morena\" height=\"1080\" width=\"1920\" src=\"https:\/\/www.infobae.com\/resizer\/v2\/4S43JSODKVC5DM43VRYQJ56P3M.jpg?auth=c4dd113de63664cb8580dbeb6c931d72478b690495be8ec4dd596e3aafd42048&amp;smart=true&amp;width=350&amp;height=197&amp;quality=85\">Ariadna Montiel defendi\u00f3 a AMLO al hablar del huachicol fiscal.| YouTube Morena<\/p>\n\n\n\n<p>El an\u00e1lisis de Barn\u00e9s de Castro choca de frente con la versi\u00f3n que la dirigente nacional de&nbsp;<strong>Morena,<\/strong>&nbsp;<strong>Ariadna Montiel Reyes<\/strong>, ofreci\u00f3 el 18 de agosto de 2026, cuando afirm\u00f3 que el huachicol fiscal se origin\u00f3 en las<strong>&nbsp;pol\u00edticas energ\u00e9ticas<\/strong>&nbsp;de los gobiernos de&nbsp;<strong>Calder\u00f3n y Pe\u00f1a Nieto.<\/strong><\/p>\n\n\n\n<p>Barn\u00e9s de Castro lo refut\u00f3 con un argumento que invierte la l\u00f3gica del planteamiento: \u201cNo requieres permiso para contrabandear di\u00e9sel. Todo lo contrario: est\u00e1s contrabandeando para evitar usar el permiso y evitar pagar el IEPS y el IVA. El permiso te estorba. Evades usarlo e importas bajo otro producto que no requiere permiso de la Secretar\u00eda de Energ\u00eda, porque lo est\u00e1s declarando bajo otro nombre.\u201d<\/p>\n\n\n\n<p>Los n\u00fameros por sexenio son la refutaci\u00f3n m\u00e1s directa: con Calder\u00f3n no hay contrabando detectable, con Pe\u00f1a Nieto es marginal al 2.6%, y con L\u00f3pez Obrador escala al 18.9%. La diferencia entre el sexenio de Pe\u00f1a Nieto y el de L\u00f3pez Obrador, en t\u00e9rminos de volumen de contrabando, es de&nbsp;<strong>102 millones de barriles<\/strong>.<\/p>\n\n\n\n<p>Las cifras de Barn\u00e9s de Castro consideran \u00fanicamente el di\u00e9sel proveniente de Estados Unidos. El contrabando que llega de Canad\u00e1 y otros pa\u00edses no aparece en sus cuentas, advirtiendo que las cifras son una estimaci\u00f3n conservadora: \u201cSabemos que hay una cantidad adicional de contrabando de di\u00e9sel que est\u00e1 llegando de otras partes del mundo\u201d.<\/p>\n\n\n\n<p>Fuente: <a href=\"https:\/\/www.infobae.com\/mexico\/2026\/08\/28\/como-una-politica-de-seguridad-de-amlo-alimento-la-mayor-red-de-huachicol-fiscal-en-mexico-segun-experto\/\">https:\/\/www.infobae.com\/mexico\/2026\/08\/28\/como-una-politica-de-seguridad-de-amlo-alimento-la-mayor-red-de-huachicol-fiscal-en-mexico-segun-experto\/<\/a><\/p>\n","protected":false},"excerpt":{"rendered":"<p>El investigador Francisco Barn\u00e9s de Castro, exrector de la UNAM, document\u00f3 que el huachicol fiscal se dispar\u00f3 en 2019 cuando [&hellip;]<\/p>\n","protected":false},"author":1,"featured_media":129452,"comment_status":"open","ping_status":"open","sticky":false,"template":"","format":"standard","meta":{"site-sidebar-layout":"default","site-content-layout":"","ast-site-content-layout":"default","site-content-style":"default","site-sidebar-style":"default","ast-global-header-display":"","ast-banner-title-visibility":"","ast-main-header-display":"","ast-hfb-above-header-display":"","ast-hfb-below-header-display":"","ast-hfb-mobile-header-display":"","site-post-title":"","ast-breadcrumbs-content":"","ast-featured-img":"","footer-sml-layout":"","theme-transparent-header-meta":"","adv-header-id-meta":"","stick-header-meta":"","header-above-stick-meta":"","header-main-stick-meta":"","header-below-stick-meta":"","astra-migrate-meta-layouts":"default","ast-page-background-enabled":"default","ast-page-background-meta":{"desktop":{"background-color":"var(--ast-global-color-4)","background-image":"","background-repeat":"repeat","background-position":"center center","background-size":"auto","background-attachment":"scroll","background-type":"","background-media":"","overlay-type":"","overlay-color":"","overlay-opacity":"","overlay-gradient":""},"tablet":{"background-color":"","background-image":"","background-repeat":"repeat","background-position":"center center","background-size":"auto","background-attachment":"scroll","background-type":"","background-media":"","overlay-type":"","overlay-color":"","overlay-opacity":"","overlay-gradient":""},"mobile":{"background-color":"","background-image":"","background-repeat":"repeat","background-position":"center center","background-size":"auto","background-attachment":"scroll","background-type":"","background-media":"","overlay-type":"","overlay-color":"","overlay-opacity":"","overlay-gradient":""}},"ast-content-background-meta":{"desktop":{"background-color":"var(--ast-global-color-5)","background-image":"","background-repeat":"repeat","background-position":"center center","background-size":"auto","background-attachment":"scroll","background-type":"","background-media":"","overlay-type":"","overlay-color":"","overlay-opacity":"","overlay-gradient":""},"tablet":{"background-color":"var(--ast-global-color-5)","background-image":"","background-repeat":"repeat","background-position":"center center","background-size":"auto","background-attachment":"scroll","background-type":"","background-media":"","overlay-type":"","overlay-color":"","overlay-opacity":"","overlay-gradient":""},"mobile":{"background-color":"var(--ast-global-color-5)","background-image":"","background-repeat":"repeat","background-position":"center center","background-size":"auto","background-attachment":"scroll","background-type":"","background-media":"","overlay-type":"","overlay-color":"","overlay-opacity":"","overlay-gradient":""}},"footnotes":""},"categories":[8],"tags":[52725,52724,37379],"class_list":["post-129421","post","type-post","status-publish","format-standard","has-post-thumbnail","hentry","category-noticias","tag-amlo-provoco-huachicol-fiscal","tag-francisco-bvarnes-de-castro9","tag-huachicol-fiscal"],"_links":{"self":[{"href":"https:\/\/losperiodistas.com.mx\/portal\/wp-json\/wp\/v2\/posts\/129421","targetHints":{"allow":["GET"]}}],"collection":[{"href":"https:\/\/losperiodistas.com.mx\/portal\/wp-json\/wp\/v2\/posts"}],"about":[{"href":"https:\/\/losperiodistas.com.mx\/portal\/wp-json\/wp\/v2\/types\/post"}],"author":[{"embeddable":true,"href":"https:\/\/losperiodistas.com.mx\/portal\/wp-json\/wp\/v2\/users\/1"}],"replies":[{"embeddable":true,"href":"https:\/\/losperiodistas.com.mx\/portal\/wp-json\/wp\/v2\/comments?post=129421"}],"version-history":[{"count":1,"href":"https:\/\/losperiodistas.com.mx\/portal\/wp-json\/wp\/v2\/posts\/129421\/revisions"}],"predecessor-version":[{"id":129453,"href":"https:\/\/losperiodistas.com.mx\/portal\/wp-json\/wp\/v2\/posts\/129421\/revisions\/129453"}],"wp:featuredmedia":[{"embeddable":true,"href":"https:\/\/losperiodistas.com.mx\/portal\/wp-json\/wp\/v2\/media\/129452"}],"wp:attachment":[{"href":"https:\/\/losperiodistas.com.mx\/portal\/wp-json\/wp\/v2\/media?parent=129421"}],"wp:term":[{"taxonomy":"category","embeddable":true,"href":"https:\/\/losperiodistas.com.mx\/portal\/wp-json\/wp\/v2\/categories?post=129421"},{"taxonomy":"post_tag","embeddable":true,"href":"https:\/\/losperiodistas.com.mx\/portal\/wp-json\/wp\/v2\/tags?post=129421"}],"curies":[{"name":"wp","href":"https:\/\/api.w.org\/{rel}","templated":true}]}}