{"id":129418,"date":"2026-08-27T12:22:02","date_gmt":"2026-08-27T18:22:02","guid":{"rendered":"https:\/\/losperiodistas.com.mx\/portal\/?p=129418"},"modified":"2026-08-27T12:22:04","modified_gmt":"2026-08-27T18:22:04","slug":"descubren-un-asentamiento-maya-que-retrata-la-vida-cotidiana-de-quienes-nunca-vivieron-en-los-palacios-historia-ng","status":"publish","type":"post","link":"https:\/\/losperiodistas.com.mx\/portal\/descubren-un-asentamiento-maya-que-retrata-la-vida-cotidiana-de-quienes-nunca-vivieron-en-los-palacios-historia-ng\/","title":{"rendered":"Descubren un asentamiento maya que retrata la vida cotidiana de quienes nunca vivieron en los palacios | Historia NG"},"content":{"rendered":"\n<h2 class=\"wp-block-heading has-light-green-cyan-background-color has-background has-medium-font-size\">El hallazgo de K\u2019oxol Ja\u2019 II, en Yucat\u00e1n, permite asomarse a la vida cotidiana de las poblaciones mayas que quedaron fuera de las grandes historias de reyes, sacerdotes y pir\u00e1mides.<\/h2>\n\n\n\n<figure class=\"wp-block-image size-large\"><img fetchpriority=\"high\" decoding=\"async\" width=\"1024\" height=\"607\" src=\"https:\/\/losperiodistas.com.mx\/portal\/wp-content\/uploads\/2026\/08\/vista_18404e7b_260827112410_1280x759-1024x607.jpeg\" alt=\"\" class=\"wp-image-129419\" srcset=\"https:\/\/losperiodistas.com.mx\/portal\/wp-content\/uploads\/2026\/08\/vista_18404e7b_260827112410_1280x759-1024x607.jpeg 1024w, https:\/\/losperiodistas.com.mx\/portal\/wp-content\/uploads\/2026\/08\/vista_18404e7b_260827112410_1280x759-300x178.jpeg 300w, https:\/\/losperiodistas.com.mx\/portal\/wp-content\/uploads\/2026\/08\/vista_18404e7b_260827112410_1280x759-768x455.jpeg 768w, https:\/\/losperiodistas.com.mx\/portal\/wp-content\/uploads\/2026\/08\/vista_18404e7b_260827112410_1280x759.jpeg 1280w\" sizes=\"(max-width: 1024px) 100vw, 1024px\" \/><figcaption class=\"wp-element-caption\">Su nombre procede de la lengua mayta y combina las palabras k\u2019oxol, \u00abmosco\u00bb, y ja\u2019, \u00abagua\u00bb.<br>INAH<\/figcaption><\/figure>\n\n\n\n<p class=\"has-medium-font-size\"><strong><a href=\"https:\/\/historia.nationalgeographic.com.es\/autores\/lucia-fernandez-moreno_1277\">Luc\u00eda Fern\u00e1ndez Moreno<\/a> \/ Historia National Geographic<\/strong><\/p>\n\n\n\n<p>Redactora de National Geographic<\/p>\n\n\n\n<p>urante siglos,&nbsp;<a href=\"https:\/\/historia.nationalgeographic.com.es\/temas\/mayas\">la civilizaci\u00f3n maya<\/a>&nbsp;ha llegado hasta nosotros a trav\u00e9s de sus templos monumentales, sus inscripciones y las tumbas de sus gobernantes. Pero, lejos de los palacios, tambi\u00e9n vivieron miles de personas cuya historia qued\u00f3 escrita en materiales mucho m\u00e1s fr\u00e1giles:&nbsp;<strong>una vivienda levantada sobre la roca, un pozo de agua o una sencilla ofrenda enterrada bajo sus cimientos.<\/strong><\/p>\n\n\n\n<p>Ahora, un nuevo hallazgo en la pen\u00ednsula de Yucat\u00e1n permite acercarse precisamente a ese mundo cotidiano. Entre la vegetaci\u00f3n y la piedra caliza ha aparecido&nbsp;<strong>K\u2019oxol Ja\u2019 II<\/strong>, un asentamiento que no habla de reyes ni de conquistas, sino de las personas&nbsp;<strong>que formaban la base de una de las civilizaciones m\u00e1s fascinantes de la historia.<\/strong><\/p>\n\n\n\n<h2 class=\"wp-block-heading\">El pueblo maya que se escond\u00eda entre la selva y la roca<\/h2>\n\n\n\n<p>K\u2019oxol Ja\u2019 II fue localizado a mediados de 2025 durante los trabajos de salvamento arqueol\u00f3gico por el&nbsp;<a href=\"https:\/\/www.inah.gob.mx\/boletines\/salvamento-arqueologico-del-tren-maya-de-carga-localiza-y-preserva-in-situ-el-sitio-koxol-ja-ii-en-yucatan\"><strong>Instituto Nacional de Antropolog\u00eda e Historia (INAH)<\/strong><\/a>&nbsp;en los terrenos de la&nbsp;<strong>Terminal Multimodal de Progreso<\/strong>, una infraestructura vinculada al proyecto del&nbsp;<strong>Tren Maya de Carga<\/strong>. El asentamiento, hasta ahora desconocido, est\u00e1 formado por 21 monumentos y varios rasgos naturales asociados.<\/p>\n\n\n\n<figure class=\"wp-block-image\"><img decoding=\"async\" src=\"https:\/\/content-historia.nationalgeographic.com.es\/medio\/2026\/07\/09\/se-sabia-que-los-antiguos-mayas-decoraban-sus-dientes-con-materiales-como-el-jade-pero-un-nuevo-analisis-refuerza-la-idea-de-que-estas-modificaciones-pudieron-haber-sido-para-la-salud-dental-no-solo-por_b6cd0fae_260709115643_800x800.webp\" alt=\"Se sab\u00eda que los antiguos mayas decoraban sus dientes con materiales como el jade, pero un nuevo an\u00e1lisis refuerza la idea de que estas modificaciones pudieron haber sido para la salud dental, no solo por la est\u00e9tica.\"\/><\/figure>\n\n\n\n<p>Art\u00edculo recomendado <a href=\"https:\/\/historia.nationalgeographic.com.es\/a\/antiguos-mayas-pudieron-haber-tenido-dentistas-sofisticados_26471\">Leer art\u00edculo<\/a><\/p>\n\n\n\n<p>Un molar de jade sugiere que los mayas eran excelentes dentistas<\/p>\n\n\n\n<p><a href=\"https:\/\/historia.nationalgeographic.com.es\/a\/antiguos-mayas-pudieron-haber-tenido-dentistas-sofisticados_26471\"><\/a><\/p>\n\n\n\n<p><\/p>\n\n\n\n<p>Su nombre procede de la lengua maya y combina las palabras<strong>&nbsp;k\u2019oxol, \u00abmosco\u00bb, y ja\u2019, \u00abagua\u00bb<\/strong>. La traducci\u00f3n ser\u00eda, por tanto, algo as\u00ed como&nbsp;<strong>\u00abagua de los moscos\u00bb o \u00abagua donde brotan los moscos\u00bb<\/strong>, una denominaci\u00f3n que refleja la estrecha relaci\u00f3n entre las comunidades antiguas y el paisaje que habitaban.<\/p>\n\n\n\n<p>Con una extensi\u00f3n de 2.257 metros cuadrados, los arque\u00f3logos consideran que el lugar&nbsp;<strong>tuvo una funci\u00f3n principalmente habitacional.<\/strong>&nbsp;Los restos de cimientos y otras estructuras permiten imaginar c\u00f3mo se organizaban las viviendas y, con ellas, la vida diaria de una comunidad&nbsp;<strong>alejada de los grandes centros ceremoniales.<\/strong><\/p>\n\n\n\n<figure class=\"wp-block-image\"><img decoding=\"async\" src=\"https:\/\/content-historia.nationalgeographic.com.es\/medio\/2026\/08\/27\/restos_58ab0a17_260827112253_800x477.webp\" alt=\"restos\"\/><figcaption class=\"wp-element-caption\">Los arque\u00f3logos consideran que el lugar tuvo una funci\u00f3n principalmente habitacional.INAH<\/figcaption><\/figure>\n\n\n\n<p>Las investigaciones sit\u00faan la ocupaci\u00f3n del asentamiento en un amplio per\u00edodo que va<strong>&nbsp;desde el Precl\u00e1sico, entre el 400 a.C. y el 250 d.C., hasta el Cl\u00e1sico Tard\u00edo, entre los a\u00f1os 450 y 900.<\/strong>&nbsp;Bajo la coordinaci\u00f3n de la arque\u00f3loga&nbsp;<strong>Susana Echeverr\u00eda Castillo<\/strong>, un equipo de especialistas ha trabajado para reconstruir la historia de un lugar que ofrece una perspectiva poco habitual&nbsp;<a href=\"https:\/\/historia.nationalgeographic.com.es\/edicion-impresa\/articulos\/1839-era-monton-ruinas-cubiertas-vegetacion-hoy-es-uno-lugares-que-mas-informacion-nos-da-sobre-mayas_25957\">sobre el mundo maya<\/a>.<\/p>\n\n\n\n<h2 class=\"wp-block-heading\">El agua como hilo conductor<\/h2>\n\n\n\n<p>Uno de los elementos m\u00e1s reveladores del asentamiento es la forma en que sus habitantes aprovecharon y modificaron los recursos h\u00eddricos. Los cuerpos de agua, tanto permanentes como estacionales,<strong>&nbsp;parecen haber desempe\u00f1ado un papel fundamental en la organizaci\u00f3n de la comunidad.<\/strong><\/p>\n\n\n\n<p>El cenote principal conserva los restos de un brocal construido para modificar su entrada, probablemente con el objetivo de&nbsp;<strong>controlar el acceso al agua y gestionar su consumo.&nbsp;<\/strong>Esta intervenci\u00f3n en el entorno muestra que sus habitantes no se limitaron a adaptarse al paisaje, sino que tambi\u00e9n lo transformaron para garantizar uno de los recursos esenciales&nbsp;<a href=\"https:\/\/historia.nationalgeographic.com.es\/a\/tesoro-oculto-atitlan-descubren-ciudad-maya-sumergida-hace-2000-anos_25747\">para su supervivencia<\/a>.<\/p>\n\n\n\n<p>Precisamente por estas caracter\u00edsticas, los investigadores creen que K\u2019oxol Ja\u2019 II pudo ser una poblaci\u00f3n&nbsp;<strong>de importancia intermedia dentro de la organizaci\u00f3n territorial de la regi\u00f3n<\/strong>. Su comunidad habr\u00eda dependido de una entidad rectora situada&nbsp;<strong>en El Chiik<\/strong>, otro asentamiento localizado durante los trabajos arqueol\u00f3gicos vinculados al Tren Maya de Carga&nbsp;<strong>y situado al noroeste.<\/strong><\/p>\n\n\n\n<h2 class=\"wp-block-heading\">Una historia sin rastro<\/h2>\n\n\n\n<p>Las excavaciones de campo ya han finalizado y los investigadores trabajan ahora en el an\u00e1lisis de los materiales recuperados. Entre ellos se encuentran&nbsp;<strong>restos l\u00edticos, fragmentos de cer\u00e1mica y sedimentos&nbsp;<\/strong>que podr\u00edan aportar nuevos datos sobre las pr\u00e1cticas y la vida cotidiana&nbsp;<a href=\"https:\/\/historia.nationalgeographic.com.es\/a\/asombroso-descubrimiento-yucatan-hallan-ofrendas-mayas-hace-3000-anos_25721\">de los antiguos habitantes<\/a>. Tambi\u00e9n se recuperaron&nbsp;<strong>dos ofrendas relacionadas con la consagraci\u00f3n de los cimientos de las construcciones.<\/strong><\/p>\n\n\n\n<figure class=\"wp-block-image\"><img decoding=\"async\" src=\"https:\/\/content-historia.nationalgeographic.com.es\/medio\/2026\/08\/27\/buscando_6a8a355f_260827112315_800x1067.webp\" alt=\"buscando\"\/><figcaption class=\"wp-element-caption\">K\u2019oxol Ja\u2019 II fue localizado a mediados de 2025.INAH<\/figcaption><\/figure>\n\n\n\n<p>El descubrimiento resulta especialmente importante porque desplaza la mirada de los grandes gobernantes hacia las personas&nbsp;<strong>que rara vez aparecen en los relatos hist\u00f3ricos.<\/strong>&nbsp;Como han se\u00f1alado los responsables de la investigaci\u00f3n, estas comunidades representan a quienes no dejaron inscripciones ni monumentos grandiosos, pero cuya existencia fue imprescindible&nbsp;<strong>para el funcionamiento de la sociedad maya.<\/strong><\/p>\n\n\n\n<p>Fuente: <a href=\"https:\/\/historia.nationalgeographic.com.es\/actualidad\/descubren-asentamiento-maya-que-retrata-vida-cotidiana-quienes-nunca-vivieron-palacios_26773\">https:\/\/historia.nationalgeographic.com.es\/actualidad\/descubren-asentamiento-maya-que-retrata-vida-cotidiana-quienes-nunca-vivieron-palacios_26773<\/a><\/p>\n","protected":false},"excerpt":{"rendered":"<p>El hallazgo de K\u2019oxol Ja\u2019 II, en Yucat\u00e1n, permite asomarse a la vida cotidiana de las poblaciones mayas que quedaron [&hellip;]<\/p>\n","protected":false},"author":1,"featured_media":129419,"comment_status":"open","ping_status":"open","sticky":false,"template":"","format":"standard","meta":{"site-sidebar-layout":"default","site-content-layout":"","ast-site-content-layout":"default","site-content-style":"default","site-sidebar-style":"default","ast-global-header-display":"","ast-banner-title-visibility":"","ast-main-header-display":"","ast-hfb-above-header-display":"","ast-hfb-below-header-display":"","ast-hfb-mobile-header-display":"","site-post-title":"","ast-breadcrumbs-content":"","ast-featured-img":"","footer-sml-layout":"","theme-transparent-header-meta":"","adv-header-id-meta":"","stick-header-meta":"","header-above-stick-meta":"","header-main-stick-meta":"","header-below-stick-meta":"","astra-migrate-meta-layouts":"default","ast-page-background-enabled":"default","ast-page-background-meta":{"desktop":{"background-color":"var(--ast-global-color-4)","background-image":"","background-repeat":"repeat","background-position":"center center","background-size":"auto","background-attachment":"scroll","background-type":"","background-media":"","overlay-type":"","overlay-color":"","overlay-opacity":"","overlay-gradient":""},"tablet":{"background-color":"","background-image":"","background-repeat":"repeat","background-position":"center center","background-size":"auto","background-attachment":"scroll","background-type":"","background-media":"","overlay-type":"","overlay-color":"","overlay-opacity":"","overlay-gradient":""},"mobile":{"background-color":"","background-image":"","background-repeat":"repeat","background-position":"center center","background-size":"auto","background-attachment":"scroll","background-type":"","background-media":"","overlay-type":"","overlay-color":"","overlay-opacity":"","overlay-gradient":""}},"ast-content-background-meta":{"desktop":{"background-color":"var(--ast-global-color-5)","background-image":"","background-repeat":"repeat","background-position":"center center","background-size":"auto","background-attachment":"scroll","background-type":"","background-media":"","overlay-type":"","overlay-color":"","overlay-opacity":"","overlay-gradient":""},"tablet":{"background-color":"var(--ast-global-color-5)","background-image":"","background-repeat":"repeat","background-position":"center center","background-size":"auto","background-attachment":"scroll","background-type":"","background-media":"","overlay-type":"","overlay-color":"","overlay-opacity":"","overlay-gradient":""},"mobile":{"background-color":"var(--ast-global-color-5)","background-image":"","background-repeat":"repeat","background-position":"center center","background-size":"auto","background-attachment":"scroll","background-type":"","background-media":"","overlay-type":"","overlay-color":"","overlay-opacity":"","overlay-gradient":""}},"footnotes":""},"categories":[8],"tags":[18920,52707,52706],"class_list":["post-129418","post","type-post","status-publish","format-standard","has-post-thumbnail","hentry","category-noticias","tag-civilizacion-maya","tag-koxol-ja-ii","tag-mayas-yucatan"],"_links":{"self":[{"href":"https:\/\/losperiodistas.com.mx\/portal\/wp-json\/wp\/v2\/posts\/129418","targetHints":{"allow":["GET"]}}],"collection":[{"href":"https:\/\/losperiodistas.com.mx\/portal\/wp-json\/wp\/v2\/posts"}],"about":[{"href":"https:\/\/losperiodistas.com.mx\/portal\/wp-json\/wp\/v2\/types\/post"}],"author":[{"embeddable":true,"href":"https:\/\/losperiodistas.com.mx\/portal\/wp-json\/wp\/v2\/users\/1"}],"replies":[{"embeddable":true,"href":"https:\/\/losperiodistas.com.mx\/portal\/wp-json\/wp\/v2\/comments?post=129418"}],"version-history":[{"count":1,"href":"https:\/\/losperiodistas.com.mx\/portal\/wp-json\/wp\/v2\/posts\/129418\/revisions"}],"predecessor-version":[{"id":129420,"href":"https:\/\/losperiodistas.com.mx\/portal\/wp-json\/wp\/v2\/posts\/129418\/revisions\/129420"}],"wp:featuredmedia":[{"embeddable":true,"href":"https:\/\/losperiodistas.com.mx\/portal\/wp-json\/wp\/v2\/media\/129419"}],"wp:attachment":[{"href":"https:\/\/losperiodistas.com.mx\/portal\/wp-json\/wp\/v2\/media?parent=129418"}],"wp:term":[{"taxonomy":"category","embeddable":true,"href":"https:\/\/losperiodistas.com.mx\/portal\/wp-json\/wp\/v2\/categories?post=129418"},{"taxonomy":"post_tag","embeddable":true,"href":"https:\/\/losperiodistas.com.mx\/portal\/wp-json\/wp\/v2\/tags?post=129418"}],"curies":[{"name":"wp","href":"https:\/\/api.w.org\/{rel}","templated":true}]}}