{"id":129406,"date":"2026-08-27T07:51:01","date_gmt":"2026-08-27T13:51:01","guid":{"rendered":"https:\/\/losperiodistas.com.mx\/portal\/?p=129406"},"modified":"2026-08-27T07:51:02","modified_gmt":"2026-08-27T13:51:02","slug":"checo-perez-habla-sobre-el-tiempo-que-le-resta-en-f1-obviamente-no-me-queda-mucho-motorsport","status":"publish","type":"post","link":"https:\/\/losperiodistas.com.mx\/portal\/checo-perez-habla-sobre-el-tiempo-que-le-resta-en-f1-obviamente-no-me-queda-mucho-motorsport\/","title":{"rendered":"Checo P\u00e9rez habla sobre el tiempo que le resta en F1: \u00abObviamente, no me queda mucho\u00bb | Motorsport"},"content":{"rendered":"\n<h2 class=\"wp-block-heading has-medium-font-size\">Checo P\u00e9rez no tiene intenciones de ser un piloto de F1 por muchos a\u00f1os m\u00e1s y tiene en claro cu\u00e1les ser\u00e1n las se\u00f1ales para pensar en el retiro<\/h2>\n\n\n\n<figure class=\"wp-block-image size-large\"><img fetchpriority=\"high\" decoding=\"async\" width=\"1024\" height=\"682\" src=\"https:\/\/losperiodistas.com.mx\/portal\/wp-content\/uploads\/2026\/08\/sergio-perez-cadillac-racing-1-1024x682.jpeg\" alt=\"\" class=\"wp-image-129407\" srcset=\"https:\/\/losperiodistas.com.mx\/portal\/wp-content\/uploads\/2026\/08\/sergio-perez-cadillac-racing-1-1024x682.jpeg 1024w, https:\/\/losperiodistas.com.mx\/portal\/wp-content\/uploads\/2026\/08\/sergio-perez-cadillac-racing-1-300x200.jpeg 300w, https:\/\/losperiodistas.com.mx\/portal\/wp-content\/uploads\/2026\/08\/sergio-perez-cadillac-racing-1-768x511.jpeg 768w, https:\/\/losperiodistas.com.mx\/portal\/wp-content\/uploads\/2026\/08\/sergio-perez-cadillac-racing-1.jpeg 1200w\" sizes=\"(max-width: 1024px) 100vw, 1024px\" \/><figcaption class=\"wp-element-caption\">Sergio P\u00e9rez, Cadillac Racing<br>Foto de: Sam Bagnall \/ Sutton Images via Getty Images<\/figcaption><\/figure>\n\n\n\n<p class=\"has-medium-font-size\"><strong><a href=\"https:\/\/lat.motorsport.com\/info\/about-us\/luis_ram%C3%ADrez\/97380\/\">Luis Ram\u00edrez<\/a> \/ Motorsport<\/strong><\/p>\n\n\n\n<p><a href=\"https:\/\/lat.motorsport.com\/driver\/sergio-perez\/463641\/\" target=\"_blank\" rel=\"noreferrer noopener\">Sergio P\u00e9rez<\/a>&nbsp;regres\u00f3 a la parrilla de la F\u00f3rmula 1 en 2025 luego de un a\u00f1o sab\u00e1tico tras su salida de Red Bull, justo en una era donde algunos pilotos est\u00e1n extendiendo sus carreras mas all\u00e1 de los 40 a\u00f1os, algo que el piloto de&nbsp;<a href=\"https:\/\/lat.motorsport.com\/team\/cadillac-ferrari\/49031\/\" target=\"_blank\" rel=\"noreferrer noopener\">Cadillac<\/a>&nbsp;no tiene pensado hacer.&nbsp;<\/p>\n\n\n\n<p>\u201cObviamente, no me queda mucho. Dir\u00eda que tal vez tres a\u00f1os, tres a\u00f1os m\u00e1s. Quiero ver este proyecto avanzar. As\u00ed que creo que eso requiere un poco m\u00e1s de tiempo\u201d, dijo Checo P\u00e9rez en el podcast Beyond the Grid donde fue cuestionado si le gustar\u00eda tener una carrera tan longeva como la de\u00a0<a href=\"https:\/\/lat.motorsport.com\/driver\/fernando-alonso\/463645\/\" target=\"_blank\" rel=\"noreferrer noopener\">Fernando Alonso<\/a>. El piloto espa\u00f1ol, con 45 a\u00f1os, sigue analizando extender su carrera un a\u00f1o m\u00e1s para tener la oportunidad de pelear su tercera corona con Aston Martin.\u00a0<\/p>\n\n\n\n<p><\/p>\n\n\n\n<p>\u201cRespeto mucho lo que Fernando ha hecho, sabes, en el deporte y la motivaci\u00f3n que tiene. Pero para m\u00ed no ser\u00eda tanto tiempo porque quiero hacer otras cosas fuera de la F\u00f3rmula 1\u201d.&nbsp;<\/p>\n\n\n\n<p>Para el actual piloto de Cadillac, el momento de tener que pensar en el retiro tiene indicativos claros y eso es cuando se ha dejado de tener la voluntad no solo de conducir, sino de trabajar en equipo pensando en el desarrollo personal y dentro del equipo.&nbsp;<\/p>\n\n\n\n<p>\u201cNo lo llamar\u00eda motivaci\u00f3n. Es como el deseo, la voluntad. Lo ves desde afuera, cuando no est\u00e1s en el auto, cu\u00e1nto est\u00e1s pensando en tus ingenieros, en tu auto. Cuando te vas y empiezas a pensar cada vez menos en eso, esa es la primera alarma. Porque cuando eres joven, en lo \u00fanico que piensas es en lo que viene despu\u00e9s, c\u00f3mo vas a manejar mejor y qu\u00e9 t\u00e9cnicas diferentes puedes usar y ese tipo de cosas. Pero a medida que te haces m\u00e1s y m\u00e1s viejo, algunos pilotos son diferentes.&nbsp;<\/p>\n\n\n\n<p>\u201cA algunos pilotos les pasa a finales de los 20, a mediados de los 30, a mediados de los 40 y a otros&#8230; Tal vez veamos a Fernando hasta que tenga 60, sabes, todav\u00eda manejando a un nivel muy alto. Pero creo que Fernando es diferente. Y Fernando, creo que todav\u00eda tiene ese motor dentro de \u00e9l\u201d.&nbsp;<\/p>\n\n\n\n<p>Sin embargo, aunque Checo P\u00e9rez reconoce cu\u00e1les son los indicativos explic\u00f3 que tomar la decisi\u00f3n de poner fin a la trayectoria en la F\u00f3rmula 1 no es una decisi\u00f3n sencilla.&nbsp;<\/p>\n\n\n\n<p>\u201cCreo que es el deseo de hacer las cosas lo que, una vez que cae, de alguna manera todo lo dem\u00e1s le sigue, sabes, la reacci\u00f3n y ese tipo de cosas\u2026al mismo tiempo es muy dif\u00edcil, sabes, para un piloto darse cuenta como: sabes qu\u00e9, es suficiente. Sabes, no soy tan competitivo como quisiera o como quiero ser. Y necesitas ponerle fin. Y creo que tomar esa decisi\u00f3n como piloto no es tan f\u00e1cil. Pero al final debes ser muy honesto contigo mismo y estar agradecido, sabes, con ese ni\u00f1o que empez\u00f3 todo\u201d, finaliz\u00f3.&nbsp;<\/p>\n\n\n\n<p>Fuente: <a href=\"https:\/\/lat.motorsport.com\/f1\/news\/checo-perez-tiempo-que-le-queda-f1-antes-retiro\/10849659\/\">https:\/\/lat.motorsport.com\/f1\/news\/checo-perez-tiempo-que-le-queda-f1-antes-retiro\/10849659\/<\/a><\/p>\n","protected":false},"excerpt":{"rendered":"<p>Checo P\u00e9rez no tiene intenciones de ser un piloto de F1 por muchos a\u00f1os m\u00e1s y tiene en claro cu\u00e1les [&hellip;]<\/p>\n","protected":false},"author":1,"featured_media":129407,"comment_status":"open","ping_status":"open","sticky":false,"template":"","format":"standard","meta":{"site-sidebar-layout":"default","site-content-layout":"","ast-site-content-layout":"default","site-content-style":"default","site-sidebar-style":"default","ast-global-header-display":"","ast-banner-title-visibility":"","ast-main-header-display":"","ast-hfb-above-header-display":"","ast-hfb-below-header-display":"","ast-hfb-mobile-header-display":"","site-post-title":"","ast-breadcrumbs-content":"","ast-featured-img":"","footer-sml-layout":"","theme-transparent-header-meta":"","adv-header-id-meta":"","stick-header-meta":"","header-above-stick-meta":"","header-main-stick-meta":"","header-below-stick-meta":"","astra-migrate-meta-layouts":"default","ast-page-background-enabled":"default","ast-page-background-meta":{"desktop":{"background-color":"var(--ast-global-color-4)","background-image":"","background-repeat":"repeat","background-position":"center center","background-size":"auto","background-attachment":"scroll","background-type":"","background-media":"","overlay-type":"","overlay-color":"","overlay-opacity":"","overlay-gradient":""},"tablet":{"background-color":"","background-image":"","background-repeat":"repeat","background-position":"center center","background-size":"auto","background-attachment":"scroll","background-type":"","background-media":"","overlay-type":"","overlay-color":"","overlay-opacity":"","overlay-gradient":""},"mobile":{"background-color":"","background-image":"","background-repeat":"repeat","background-position":"center center","background-size":"auto","background-attachment":"scroll","background-type":"","background-media":"","overlay-type":"","overlay-color":"","overlay-opacity":"","overlay-gradient":""}},"ast-content-background-meta":{"desktop":{"background-color":"var(--ast-global-color-5)","background-image":"","background-repeat":"repeat","background-position":"center center","background-size":"auto","background-attachment":"scroll","background-type":"","background-media":"","overlay-type":"","overlay-color":"","overlay-opacity":"","overlay-gradient":""},"tablet":{"background-color":"var(--ast-global-color-5)","background-image":"","background-repeat":"repeat","background-position":"center center","background-size":"auto","background-attachment":"scroll","background-type":"","background-media":"","overlay-type":"","overlay-color":"","overlay-opacity":"","overlay-gradient":""},"mobile":{"background-color":"var(--ast-global-color-5)","background-image":"","background-repeat":"repeat","background-position":"center center","background-size":"auto","background-attachment":"scroll","background-type":"","background-media":"","overlay-type":"","overlay-color":"","overlay-opacity":"","overlay-gradient":""}},"footnotes":""},"categories":[8],"tags":[276,50015],"class_list":["post-129406","post","type-post","status-publish","format-standard","has-post-thumbnail","hentry","category-noticias","tag-checo-perez","tag-f1-cadillac"],"_links":{"self":[{"href":"https:\/\/losperiodistas.com.mx\/portal\/wp-json\/wp\/v2\/posts\/129406","targetHints":{"allow":["GET"]}}],"collection":[{"href":"https:\/\/losperiodistas.com.mx\/portal\/wp-json\/wp\/v2\/posts"}],"about":[{"href":"https:\/\/losperiodistas.com.mx\/portal\/wp-json\/wp\/v2\/types\/post"}],"author":[{"embeddable":true,"href":"https:\/\/losperiodistas.com.mx\/portal\/wp-json\/wp\/v2\/users\/1"}],"replies":[{"embeddable":true,"href":"https:\/\/losperiodistas.com.mx\/portal\/wp-json\/wp\/v2\/comments?post=129406"}],"version-history":[{"count":1,"href":"https:\/\/losperiodistas.com.mx\/portal\/wp-json\/wp\/v2\/posts\/129406\/revisions"}],"predecessor-version":[{"id":129408,"href":"https:\/\/losperiodistas.com.mx\/portal\/wp-json\/wp\/v2\/posts\/129406\/revisions\/129408"}],"wp:featuredmedia":[{"embeddable":true,"href":"https:\/\/losperiodistas.com.mx\/portal\/wp-json\/wp\/v2\/media\/129407"}],"wp:attachment":[{"href":"https:\/\/losperiodistas.com.mx\/portal\/wp-json\/wp\/v2\/media?parent=129406"}],"wp:term":[{"taxonomy":"category","embeddable":true,"href":"https:\/\/losperiodistas.com.mx\/portal\/wp-json\/wp\/v2\/categories?post=129406"},{"taxonomy":"post_tag","embeddable":true,"href":"https:\/\/losperiodistas.com.mx\/portal\/wp-json\/wp\/v2\/tags?post=129406"}],"curies":[{"name":"wp","href":"https:\/\/api.w.org\/{rel}","templated":true}]}}