{"id":129396,"date":"2026-08-27T07:23:24","date_gmt":"2026-08-27T13:23:24","guid":{"rendered":"https:\/\/losperiodistas.com.mx\/portal\/?p=129396"},"modified":"2026-08-27T07:23:26","modified_gmt":"2026-08-27T13:23:26","slug":"cirt-celebra-lineamientos-para-las-audiencias-pero-guarda-silencio-sobre-las-sanciones-economicas-proceso","status":"publish","type":"post","link":"https:\/\/losperiodistas.com.mx\/portal\/cirt-celebra-lineamientos-para-las-audiencias-pero-guarda-silencio-sobre-las-sanciones-economicas-proceso\/","title":{"rendered":"CIRT celebra lineamientos para las audiencias, pero guarda silencio sobre las sanciones econ\u00f3micas | Proceso"},"content":{"rendered":"\n<p class=\"has-light-green-cyan-background-color has-background has-medium-font-size\">La industria de la radio y la televisi\u00f3n da su benepl\u00e1cito a las normas para garantizar el derecho de audiencias despu\u00e9s de que el gobierno atendiera sus objeciones.<\/p>\n\n\n\n<figure class=\"wp-block-image size-large\"><img fetchpriority=\"high\" decoding=\"async\" width=\"1024\" height=\"681\" src=\"https:\/\/losperiodistas.com.mx\/portal\/wp-content\/uploads\/2026\/08\/1787809139100-zexqkj-1024x681.jpeg\" alt=\"\" class=\"wp-image-129397\" srcset=\"https:\/\/losperiodistas.com.mx\/portal\/wp-content\/uploads\/2026\/08\/1787809139100-zexqkj-1024x681.jpeg 1024w, https:\/\/losperiodistas.com.mx\/portal\/wp-content\/uploads\/2026\/08\/1787809139100-zexqkj-300x200.jpeg 300w, https:\/\/losperiodistas.com.mx\/portal\/wp-content\/uploads\/2026\/08\/1787809139100-zexqkj-768x511.jpeg 768w, https:\/\/losperiodistas.com.mx\/portal\/wp-content\/uploads\/2026\/08\/1787809139100-zexqkj-1536x1021.jpeg 1536w, https:\/\/losperiodistas.com.mx\/portal\/wp-content\/uploads\/2026\/08\/1787809139100-zexqkj.jpeg 1600w\" sizes=\"(max-width: 1024px) 100vw, 1024px\" \/><figcaption class=\"wp-element-caption\">Norma Solano, comisionada presidenta de la Comisi\u00f3n Reguladora de Telecomunicaciones, explic\u00f3 los lineamientos en la conferencia Derecho de R\u00e9plica en Palacio Nacional este mi\u00e9rcoles.(Eduardo Miranda)<\/figcaption><\/figure>\n\n\n\n<p class=\"has-medium-font-size\"><strong><a href=\"https:\/\/www.proceso.com.mx\/autor\/camila-ayala-espinosa.html\">Camila Ayala Espinosa<\/a> \/ Proceso<\/strong><\/p>\n\n\n\n<p>CIUDAD DE M\u00c9XICO (apro).- Sin mencionar las sanciones econ\u00f3micas que enfrentar\u00e1n los medios de comunicaci\u00f3n, incluidos los peque\u00f1os que no cuentan con el respaldo financiero de los grandes grupos empresariales, la C\u00e1mara Nacional de la Industria de Radio y Televisi\u00f3n (CIRT) consider\u00f3 positiva la modificaci\u00f3n y aprobaci\u00f3n de los Lineamientos Generales para la Protecci\u00f3n de los Derechos de las Audiencias.<\/p>\n\n\n\n<p>Despu\u00e9s de las preocupaciones por una posible intervenci\u00f3n sobre los contenidos de los medios de comunicaci\u00f3n durante el gobierno de Claudia Sheinbaum Pardo, el organismo se\u00f1al\u00f3 que los cambios realizados por la Comisi\u00f3n Reguladora de Telecomunicaciones (CRT) permiten alcanzar un equilibrio entre la regulaci\u00f3n para proteger a las audiencias y la libertad con la que operan los medios de comunicaci\u00f3n.<\/p>\n\n\n\n<p>\u201cGuardan un balance importante entre regulaci\u00f3n, libertad editorial, libertad de expresi\u00f3n y la viabilidad econ\u00f3mica de la industria mexicana de la radio y la TV, en un contexto mundial de alta competencia por audiencias y anunciantes\u201d, se\u00f1al\u00f3 en un comunicado el organismo.<\/p>\n\n\n\n<p>De acuerdo con la CIRT, la Comisi\u00f3n Reguladora de Telecomunicaciones atendi\u00f3 las preocupaciones de la industria mexicana de la radiodifusi\u00f3n que fueron se\u00f1aladas p\u00fablicamente durante la discusi\u00f3n de los lineamientos.<\/p>\n\n\n\n<p><\/p>\n\n\n\n<p>\u201cEn particular agradecemos a las 8,899 personas que participaron en la consulta p\u00fablica del PRT. En la historia de las consultas realizadas por todos los reguladores mexicanos de las telecomunicaciones, desde 1996, esta es la ocasi\u00f3n que m\u00e1s gente ha dado su opini\u00f3n y ha hecho sentir sus preocupaciones y deseos\u201d, se\u00f1al\u00f3.<\/p>\n\n\n\n<p>Con los lineamientos ya aprobados, la CIRT expuso que realizar\u00e1 talleres para implementar la nueva normativa en m\u00e1s de 1,200 estaciones de radio y televisi\u00f3n.<\/p>\n\n\n\n<figure class=\"wp-block-embed is-type-rich is-provider-x wp-block-embed-x\"><div class=\"wp-block-embed__wrapper\">\n<blockquote class=\"twitter-tweet\" data-width=\"500\" data-dnt=\"true\"><p lang=\"es\" dir=\"ltr\">Importante: Posici\u00f3n Industria frente a nuevos Lineamientos \ud83d\udc47\ud83c\udffb <a href=\"https:\/\/t.co\/foh7ATE3ZK\">pic.twitter.com\/foh7ATE3ZK<\/a><\/p>&mdash; C\u00e1mara Nacional de la Industria de Radio y TV (@cirtmx) <a href=\"https:\/\/x.com\/cirtmx\/status\/2092754628576239821?ref_src=twsrc%5Etfw\">August 26, 2026<\/a><\/blockquote><script async src=\"https:\/\/platform.x.com\/widgets.js\" charset=\"utf-8\"><\/script>\n<\/div><\/figure>\n\n\n\n<p>Adem\u00e1s, expuso que los nuevos defensores de las audiencias, tendr\u00e1n entre sus funciones atender las inconformidades relacionadas con los derechos de quienes consumen los contenidos, act\u00faen sin parcialidad.<\/p>\n\n\n\n<p>\u201cNo dudamos que, con estos Lineamientos, los nuevos defensores de las audiencias actuar\u00e1n con profesionalismo e imparcialidad\u201d, se\u00f1al\u00f3.<\/p>\n\n\n\n<p>Seg\u00fan la CIRT, hay disposici\u00f3n para mantener un di\u00e1logo permanente con el gobierno federal, pero tambi\u00e9n con las audiencias, ahora que comenzar\u00e1 la aplicaci\u00f3n de los nuevos lineamientos.<\/p>\n\n\n\n<h2 class=\"wp-block-heading\"><strong>Las sanciones<\/strong><\/h2>\n\n\n\n<p>Respecto a la pol\u00e9mica por las sanciones, la anterior redacci\u00f3n de los lineamientos remit\u00eda la conducta infractora al art\u00edculo 282 de la ley, con castigos gen\u00e9ricos por el incumplimiento de diversas disposiciones de telecomunicaciones.<\/p>\n\n\n\n<p>Parte del debate que se desat\u00f3 en los medios fue por la posibilidad de que se aplicaran multas por el contenido de alguna noticia, opini\u00f3n o enfoque editorial que fueran impugnados por las audiencias.<a href=\"https:\/\/www.proceso.com.mx\/nacional\/2026\/8\/27\/cirt-celebra-lineamientos-para-las-audiencias-pero-guarda-silencio-sobre-las-sanciones-economicas-378832.html\"><\/a><\/p>\n\n\n\n<p>Ahora, el art\u00edculo 295 establece sanciones \u00fanicamente para los medios que no cuenten con un \u00e1rea de Defensor\u00eda de las Audiencias para responder a las quejas, y para aquellos que no tengan un c\u00f3digo de \u00e9tica.<\/p>\n\n\n\n<p>Las sanciones establecidas se castigar\u00e1n con multas desde el 0.01% hasta el 1% de los ingresos acumulables por el concesionario.<\/p>\n\n\n\n<p>Fuente: <a href=\"https:\/\/www.proceso.com.mx\/nacional\/2026\/8\/27\/cirt-celebra-lineamientos-para-las-audiencias-pero-guarda-silencio-sobre-las-sanciones-economicas-378832.html\">https:\/\/www.proceso.com.mx\/nacional\/2026\/8\/27\/cirt-celebra-lineamientos-para-las-audiencias-pero-guarda-silencio-sobre-las-sanciones-economicas-378832.html<\/a><\/p>\n","protected":false},"excerpt":{"rendered":"<p>La industria de la radio y la televisi\u00f3n da su benepl\u00e1cito a las normas para garantizar el derecho de audiencias [&hellip;]<\/p>\n","protected":false},"author":1,"featured_media":129397,"comment_status":"open","ping_status":"open","sticky":false,"template":"","format":"standard","meta":{"site-sidebar-layout":"default","site-content-layout":"","ast-site-content-layout":"default","site-content-style":"default","site-sidebar-style":"default","ast-global-header-display":"","ast-banner-title-visibility":"","ast-main-header-display":"","ast-hfb-above-header-display":"","ast-hfb-below-header-display":"","ast-hfb-mobile-header-display":"","site-post-title":"","ast-breadcrumbs-content":"","ast-featured-img":"","footer-sml-layout":"","theme-transparent-header-meta":"","adv-header-id-meta":"","stick-header-meta":"","header-above-stick-meta":"","header-main-stick-meta":"","header-below-stick-meta":"","astra-migrate-meta-layouts":"default","ast-page-background-enabled":"default","ast-page-background-meta":{"desktop":{"background-color":"var(--ast-global-color-4)","background-image":"","background-repeat":"repeat","background-position":"center center","background-size":"auto","background-attachment":"scroll","background-type":"","background-media":"","overlay-type":"","overlay-color":"","overlay-opacity":"","overlay-gradient":""},"tablet":{"background-color":"","background-image":"","background-repeat":"repeat","background-position":"center center","background-size":"auto","background-attachment":"scroll","background-type":"","background-media":"","overlay-type":"","overlay-color":"","overlay-opacity":"","overlay-gradient":""},"mobile":{"background-color":"","background-image":"","background-repeat":"repeat","background-position":"center center","background-size":"auto","background-attachment":"scroll","background-type":"","background-media":"","overlay-type":"","overlay-color":"","overlay-opacity":"","overlay-gradient":""}},"ast-content-background-meta":{"desktop":{"background-color":"var(--ast-global-color-5)","background-image":"","background-repeat":"repeat","background-position":"center center","background-size":"auto","background-attachment":"scroll","background-type":"","background-media":"","overlay-type":"","overlay-color":"","overlay-opacity":"","overlay-gradient":""},"tablet":{"background-color":"var(--ast-global-color-5)","background-image":"","background-repeat":"repeat","background-position":"center center","background-size":"auto","background-attachment":"scroll","background-type":"","background-media":"","overlay-type":"","overlay-color":"","overlay-opacity":"","overlay-gradient":""},"mobile":{"background-color":"var(--ast-global-color-5)","background-image":"","background-repeat":"repeat","background-position":"center center","background-size":"auto","background-attachment":"scroll","background-type":"","background-media":"","overlay-type":"","overlay-color":"","overlay-opacity":"","overlay-gradient":""}},"footnotes":""},"categories":[8],"tags":[23578,52696],"class_list":["post-129396","post","type-post","status-publish","format-standard","has-post-thumbnail","hentry","category-noticias","tag-cirt","tag-derecho-de-las-audiencias"],"_links":{"self":[{"href":"https:\/\/losperiodistas.com.mx\/portal\/wp-json\/wp\/v2\/posts\/129396","targetHints":{"allow":["GET"]}}],"collection":[{"href":"https:\/\/losperiodistas.com.mx\/portal\/wp-json\/wp\/v2\/posts"}],"about":[{"href":"https:\/\/losperiodistas.com.mx\/portal\/wp-json\/wp\/v2\/types\/post"}],"author":[{"embeddable":true,"href":"https:\/\/losperiodistas.com.mx\/portal\/wp-json\/wp\/v2\/users\/1"}],"replies":[{"embeddable":true,"href":"https:\/\/losperiodistas.com.mx\/portal\/wp-json\/wp\/v2\/comments?post=129396"}],"version-history":[{"count":1,"href":"https:\/\/losperiodistas.com.mx\/portal\/wp-json\/wp\/v2\/posts\/129396\/revisions"}],"predecessor-version":[{"id":129398,"href":"https:\/\/losperiodistas.com.mx\/portal\/wp-json\/wp\/v2\/posts\/129396\/revisions\/129398"}],"wp:featuredmedia":[{"embeddable":true,"href":"https:\/\/losperiodistas.com.mx\/portal\/wp-json\/wp\/v2\/media\/129397"}],"wp:attachment":[{"href":"https:\/\/losperiodistas.com.mx\/portal\/wp-json\/wp\/v2\/media?parent=129396"}],"wp:term":[{"taxonomy":"category","embeddable":true,"href":"https:\/\/losperiodistas.com.mx\/portal\/wp-json\/wp\/v2\/categories?post=129396"},{"taxonomy":"post_tag","embeddable":true,"href":"https:\/\/losperiodistas.com.mx\/portal\/wp-json\/wp\/v2\/tags?post=129396"}],"curies":[{"name":"wp","href":"https:\/\/api.w.org\/{rel}","templated":true}]}}