{"id":129384,"date":"2026-08-26T22:15:59","date_gmt":"2026-08-27T04:15:59","guid":{"rendered":"https:\/\/losperiodistas.com.mx\/portal\/?p=129384"},"modified":"2026-08-26T22:16:01","modified_gmt":"2026-08-27T04:16:01","slug":"senador-mexicano-acusado-de-narcotrafico-deja-la-bancada-de-morena-en-medio-de-las-presiones-de-ee-uu-cnn","status":"publish","type":"post","link":"https:\/\/losperiodistas.com.mx\/portal\/senador-mexicano-acusado-de-narcotrafico-deja-la-bancada-de-morena-en-medio-de-las-presiones-de-ee-uu-cnn\/","title":{"rendered":"Senador mexicano acusado de narcotr\u00e1fico deja la bancada de Morena en medio de las presiones de EE.UU. | CNN"},"content":{"rendered":"\n<figure class=\"wp-block-image size-large\"><img fetchpriority=\"high\" decoding=\"async\" width=\"1024\" height=\"683\" src=\"https:\/\/losperiodistas.com.mx\/portal\/wp-content\/uploads\/2026\/08\/EnriqueInzunsa-1024x683.png\" alt=\"\" class=\"wp-image-129385\" srcset=\"https:\/\/losperiodistas.com.mx\/portal\/wp-content\/uploads\/2026\/08\/EnriqueInzunsa-1024x683.png 1024w, https:\/\/losperiodistas.com.mx\/portal\/wp-content\/uploads\/2026\/08\/EnriqueInzunsa-300x200.png 300w, https:\/\/losperiodistas.com.mx\/portal\/wp-content\/uploads\/2026\/08\/EnriqueInzunsa-768x512.png 768w, https:\/\/losperiodistas.com.mx\/portal\/wp-content\/uploads\/2026\/08\/EnriqueInzunsa.png 1317w\" sizes=\"(max-width: 1024px) 100vw, 1024px\" \/><figcaption class=\"wp-element-caption\"> Enrique Inzunza ha sido senador desde 2024.  Facebook\/@EnriqueInzunzaMx<\/figcaption><\/figure>\n\n\n\n<p class=\"has-vivid-red-color has-text-color has-link-color wp-elements-ba0b65a0d6d4b6fa44d135c5fa177701\">Mauricio Torres \/ CNN<\/p>\n\n\n\n<p>El senador mexicano Enrique Inzunza anunci\u00f3 este mi\u00e9rcoles que decidi\u00f3 separarse de la bancada del oficialista partido Morena en la C\u00e1mara alta, en medio de las presiones de Estados Unidos para que las autoridades de M\u00e9xico act\u00faen contra 10 funcionarios y exfuncionarios del estado de Sinaloa a los que acusa de narcotr\u00e1fico, incluido el propio legislador.<\/p>\n\n\n\n<p>Inzunza dio a conocer su salida del grupo parlamentario en una carta difundida en X, en la que asegur\u00f3 que seguir\u00e1 ocupando su asiento en el Senado \u201cde manera independiente\u201d e insisti\u00f3 en rechazar la acusaci\u00f3n que el Departamento de Justicia de Estados Unidos hizo p\u00fablica el 29 de abril.<\/p>\n\n\n\n<p>\u201cDesde hace cuatro meses, se me ha hecho objeto de una feroz campa\u00f1a de calumnias y diatribas, luego de que una oficina del Departamento de Justicia de los Estados Unidos difundiera, sin aportar hasta el d\u00eda de hoy una sola prueba, un instrumento de lawfare, con imputaciones falsas, dolosas y carentes de todo sustento\u201d, dijo.<\/p>\n\n\n\n<p>En abril, el Departamento de Justicia acus\u00f3 a 10 funcionarios y exfuncionarios de Sinaloa de tener v\u00ednculos con el Cartel de Sinaloa, al que Washington considera organizaci\u00f3n terrorista extranjera. Entre los acusados, la figura p\u00fablica de mayor perfil es el gobernador del estado, Rub\u00e9n Rocha Moya, seguido de Inzunza, quien fue su secretario de Gobierno entre 2021 y 2024. Ambos rechazan los cargos en su contra, al igual que todos los dem\u00e1s implicados.<\/p>\n\n\n\n<p>Inzunza, senador desde 2024, asegur\u00f3 en su carta que fungir\u00e1 como su propio representante legal.<\/p>\n\n\n\n<p>\u201cSoy abogado de m\u00ed mismo. Ejerzo mi propia defensa amparado en mi probidad profesional y mi honestidad personal. Por ello, no dar\u00e9 elementos a la derecha conservadora ni a nadie, para que se pretenda cuestionar un movimiento de transformaci\u00f3n que representa las causas de los m\u00e1s humildes y laboriosos, lo mejor del gran pueblo de M\u00e9xico\u201d, dijo.<\/p>\n\n\n\n<p>Inzunza no aclar\u00f3 si su salida de la bancada \u2014la m\u00e1s numerosa en el Senado\u2014 tambi\u00e9n implica una renuncia a su militancia en Morena. CNN contact\u00f3 a su oficina para pedir comentarios.<\/p>\n\n\n\n<p>La separaci\u00f3n de Inzunza del grupo parlamentario ocurre de cara al nuevo per\u00edodo ordinario de sesiones que comenzar\u00e1 el 1 de septiembre y solo unos d\u00edas despu\u00e9s de que Rocha enfrentara una dura controversia y numerosas cr\u00edticas tanto desde el Gobierno como desde Morena.<\/p>\n\n\n\n<p>Rocha, quien en mayo hab\u00eda pedido licencia como gobernador con el argumento de que esto facilitar\u00eda que fuera investigado y que su situaci\u00f3n se esclareciera, el viernes anunci\u00f3 que retomar\u00eda el cargo porque, seg\u00fan \u00e9l, la Fiscal\u00eda General de la Rep\u00fablica (FGR) no hab\u00eda encontrado elementos en su contra.<\/p>\n\n\n\n<p>Sin embargo, su decisi\u00f3n fue descalificada por la presidenta de M\u00e9xico, Claudia Sheinbaum, la Secretar\u00eda de Gobernaci\u00f3n (Segob) y diversos liderazgos de Morena, quienes se\u00f1alaron que Rocha actu\u00f3 de manera personal e incluso le pidieron rectificar. Al final, Rocha volvi\u00f3 a pedir licencia la noche del s\u00e1bado y el Congreso de Sinaloa este martes nombr\u00f3 a Graciela Dom\u00ednguez Nava como gobernadora interina.<\/p>\n\n\n\n<p>Desde que el Departamento de Justicia dio a conocer su acusaci\u00f3n contra Rocha y los otros nueve funcionarios y exfuncionarios de Sinaloa, Sheinbaum dice que su Gobierno no encubrir\u00e1 a nadie que haya cometido un delito pero tambi\u00e9n asegura que Estados Unidos debe presentar pruebas.<\/p>\n\n\n\n<p>La mandataria sostiene que la FGR debe investigar primero si las acusaciones de Estados Unidos tienen fundamento y, si concluye que s\u00ed, actuar\u00e1 como corresponda. Durante los \u00faltimos meses, la FGR cit\u00f3 a declarar a quienes fueron se\u00f1alados por Washington y abri\u00f3 indagatorias, sobre cuyos avances a\u00fan no ha dado informes.<\/p>\n\n\n\n<p>Fuente: <a href=\"https:\/\/cnnespanol.cnn.com\/2026\/08\/26\/mexico\/senador-enrique-inzunza-bancada-morena-presiones-eeuu-orix\" target=\"_blank\" rel=\"noreferrer noopener\">CNN<\/a><\/p>\n","protected":false},"excerpt":{"rendered":"<p>Mauricio Torres \/ CNN El senador mexicano Enrique Inzunza anunci\u00f3 este mi\u00e9rcoles que decidi\u00f3 separarse de la bancada del oficialista [&hellip;]<\/p>\n","protected":false},"author":1,"featured_media":129385,"comment_status":"open","ping_status":"open","sticky":false,"template":"","format":"standard","meta":{"site-sidebar-layout":"default","site-content-layout":"","ast-site-content-layout":"default","site-content-style":"default","site-sidebar-style":"default","ast-global-header-display":"","ast-banner-title-visibility":"","ast-main-header-display":"","ast-hfb-above-header-display":"","ast-hfb-below-header-display":"","ast-hfb-mobile-header-display":"","site-post-title":"","ast-breadcrumbs-content":"","ast-featured-img":"","footer-sml-layout":"","theme-transparent-header-meta":"","adv-header-id-meta":"","stick-header-meta":"","header-above-stick-meta":"","header-main-stick-meta":"","header-below-stick-meta":"","astra-migrate-meta-layouts":"default","ast-page-background-enabled":"default","ast-page-background-meta":{"desktop":{"background-color":"var(--ast-global-color-4)","background-image":"","background-repeat":"repeat","background-position":"center center","background-size":"auto","background-attachment":"scroll","background-type":"","background-media":"","overlay-type":"","overlay-color":"","overlay-opacity":"","overlay-gradient":""},"tablet":{"background-color":"","background-image":"","background-repeat":"repeat","background-position":"center center","background-size":"auto","background-attachment":"scroll","background-type":"","background-media":"","overlay-type":"","overlay-color":"","overlay-opacity":"","overlay-gradient":""},"mobile":{"background-color":"","background-image":"","background-repeat":"repeat","background-position":"center center","background-size":"auto","background-attachment":"scroll","background-type":"","background-media":"","overlay-type":"","overlay-color":"","overlay-opacity":"","overlay-gradient":""}},"ast-content-background-meta":{"desktop":{"background-color":"var(--ast-global-color-5)","background-image":"","background-repeat":"repeat","background-position":"center center","background-size":"auto","background-attachment":"scroll","background-type":"","background-media":"","overlay-type":"","overlay-color":"","overlay-opacity":"","overlay-gradient":""},"tablet":{"background-color":"var(--ast-global-color-5)","background-image":"","background-repeat":"repeat","background-position":"center center","background-size":"auto","background-attachment":"scroll","background-type":"","background-media":"","overlay-type":"","overlay-color":"","overlay-opacity":"","overlay-gradient":""},"mobile":{"background-color":"var(--ast-global-color-5)","background-image":"","background-repeat":"repeat","background-position":"center center","background-size":"auto","background-attachment":"scroll","background-type":"","background-media":"","overlay-type":"","overlay-color":"","overlay-opacity":"","overlay-gradient":""}},"footnotes":""},"categories":[8],"tags":[52689,48789,52688,9932],"class_list":["post-129384","post","type-post","status-publish","format-standard","has-post-thumbnail","hentry","category-noticias","tag-bancada-de-morena","tag-enrique-inzunza","tag-senador-mexicano","tag-sinaloa"],"_links":{"self":[{"href":"https:\/\/losperiodistas.com.mx\/portal\/wp-json\/wp\/v2\/posts\/129384","targetHints":{"allow":["GET"]}}],"collection":[{"href":"https:\/\/losperiodistas.com.mx\/portal\/wp-json\/wp\/v2\/posts"}],"about":[{"href":"https:\/\/losperiodistas.com.mx\/portal\/wp-json\/wp\/v2\/types\/post"}],"author":[{"embeddable":true,"href":"https:\/\/losperiodistas.com.mx\/portal\/wp-json\/wp\/v2\/users\/1"}],"replies":[{"embeddable":true,"href":"https:\/\/losperiodistas.com.mx\/portal\/wp-json\/wp\/v2\/comments?post=129384"}],"version-history":[{"count":1,"href":"https:\/\/losperiodistas.com.mx\/portal\/wp-json\/wp\/v2\/posts\/129384\/revisions"}],"predecessor-version":[{"id":129386,"href":"https:\/\/losperiodistas.com.mx\/portal\/wp-json\/wp\/v2\/posts\/129384\/revisions\/129386"}],"wp:featuredmedia":[{"embeddable":true,"href":"https:\/\/losperiodistas.com.mx\/portal\/wp-json\/wp\/v2\/media\/129385"}],"wp:attachment":[{"href":"https:\/\/losperiodistas.com.mx\/portal\/wp-json\/wp\/v2\/media?parent=129384"}],"wp:term":[{"taxonomy":"category","embeddable":true,"href":"https:\/\/losperiodistas.com.mx\/portal\/wp-json\/wp\/v2\/categories?post=129384"},{"taxonomy":"post_tag","embeddable":true,"href":"https:\/\/losperiodistas.com.mx\/portal\/wp-json\/wp\/v2\/tags?post=129384"}],"curies":[{"name":"wp","href":"https:\/\/api.w.org\/{rel}","templated":true}]}}