{"id":129379,"date":"2026-08-26T21:55:04","date_gmt":"2026-08-27T03:55:04","guid":{"rendered":"https:\/\/losperiodistas.com.mx\/portal\/?p=129379"},"modified":"2026-08-26T21:57:21","modified_gmt":"2026-08-27T03:57:21","slug":"puebla-recibira-encuentro-nacional-del-mezcal-2026-reporte-indigo","status":"publish","type":"post","link":"https:\/\/losperiodistas.com.mx\/portal\/puebla-recibira-encuentro-nacional-del-mezcal-2026-reporte-indigo\/","title":{"rendered":"Puebla recibir\u00e1 encuentro nacional del mezcal 2026 | Reporte Indigo"},"content":{"rendered":"\n<p>El encuentro reunir\u00e1 en el Centro de Convenciones de Puebla a 300 marcas de mezcal y 50 marcas de artesan\u00edas, agroindustria y comida t\u00edpica, con la participaci\u00f3n de productores de todas las regiones mezcaleras del pa\u00eds<\/p>\n\n\n\n<figure class=\"wp-block-image size-large\"><img fetchpriority=\"high\" decoding=\"async\" width=\"1024\" height=\"721\" src=\"https:\/\/losperiodistas.com.mx\/portal\/wp-content\/uploads\/2026\/08\/ArmentaMezcal-1024x721.jpeg\" alt=\"\" class=\"wp-image-129381\" srcset=\"https:\/\/losperiodistas.com.mx\/portal\/wp-content\/uploads\/2026\/08\/ArmentaMezcal-1024x721.jpeg 1024w, https:\/\/losperiodistas.com.mx\/portal\/wp-content\/uploads\/2026\/08\/ArmentaMezcal-300x211.jpeg 300w, https:\/\/losperiodistas.com.mx\/portal\/wp-content\/uploads\/2026\/08\/ArmentaMezcal-768x541.jpeg 768w, https:\/\/losperiodistas.com.mx\/portal\/wp-content\/uploads\/2026\/08\/ArmentaMezcal.jpeg 1280w\" sizes=\"(max-width: 1024px) 100vw, 1024px\" \/><figcaption class=\"wp-element-caption\">El gobernador Alejandro Armenta inform\u00f3 que el evento se realizar\u00e1 del 3 al 6 de septiembre en el Centro de Convenciones de Puebla y que reunir\u00e1 a productores, maestras y maestros mezcaleros, as\u00ed como artesanos poblanos y comerciantes. Foto: Gobierno de Puebla<\/figcaption><\/figure>\n\n\n\n<p class=\"has-vivid-red-color has-text-color has-link-color wp-elements-2b9c6d7ed27a296ce2920d99bc70db33\">Indigo Staff<\/p>\n\n\n\n<p>El gobernador Alejandro Armenta, acompa\u00f1ado por la secretaria de Desarrollo Rural, Ana Laura Altamirano, present\u00f3 el <strong>Encuentro Nacional del Mezcal Puebla 2026, que se realizar\u00e1 del 3 al 6 de septiembre en el Centro de Convenciones de Puebla<\/strong> y que reunir\u00e1 a productores, maestras y maestros mezcaleros de las principales regiones productoras del pa\u00eds, as\u00ed como artesanas y artesanos poblanos y comerciantes. <strong>Este encuentro busca fortalecer la comercializaci\u00f3n directa, el valor agregado y la proyecci\u00f3n nacional e internacional de los productos del campo poblano.<\/strong><\/p>\n\n\n\n<p>En rueda de prensa realizada en la Oficina de Representaci\u00f3n del Estado en la Ciudad de M\u00e9xico, la secretaria Ana Laura Altamirano explic\u00f3 que <strong>Puebla cuenta con m\u00e1s de 400 a\u00f1os de tradici\u00f3n mezcalera<\/strong>, destacando el impulso del gobierno estatal hacia una estrategia integral que atiende toda la cadena productiva: desde la recolecci\u00f3n de semilla y las plantaciones, hasta los palenques, el destilado, el envasado, la certificaci\u00f3n y la construcci\u00f3n de marca, con el objetivo de que las y los peque\u00f1os productores puedan comercializar de manera directa y equitativa.<\/p>\n\n\n\n<p>Durante el encuentro se <strong>reunir\u00e1n 300 marcas de mezcal poblano, a las que se sumar\u00e1n 50 marcas de artesan\u00edas, agroindustria y comida t\u00edpica bajo el sello Puebla 5 de Mayo, <\/strong>adem\u00e1s de actividades agroindustriales, gastron\u00f3micas, conferencias y espacios de vinculaci\u00f3n comercial. Tambi\u00e9n se llevar\u00e1n a cabo el Campeonato Nacional de Mixolog\u00eda, el Premio al Origen 2026 y la <strong>Carrera del Mezcal<\/strong>.<\/p>\n\n\n\n<p>En <strong>representaci\u00f3n de las y los productores<\/strong>, Eduardo Gabriel Estrada Gonz\u00e1lez, de la marca Amate, de Atlixco, reconoci\u00f3 el respaldo del gobernador y se\u00f1al\u00f3 que este espacio permite acercar al consumidor a las comunidades, conocer el proceso de elaboraci\u00f3n y valorar el trabajo de las familias que preservan esta bebida ancestral. Sandra Gonz\u00e1lez Lezama, de la marca Recuerdos de Mi Historia, de San Diego La Mesa Tochimiltzingo, destac\u00f3 los reconocimientos nacionales e internacionales obtenidos por su mezcal y afirm\u00f3 que Puebla es tierra de productos de excelencia.<\/p>\n\n\n\n<figure class=\"wp-block-embed is-type-rich is-provider-x wp-block-embed-x\"><div class=\"wp-block-embed__wrapper\">\n<blockquote class=\"twitter-tweet\" data-width=\"500\" data-dnt=\"true\"><p lang=\"es\" dir=\"ltr\">\ud83e\udd43 El coraz\u00f3n del mezcal volver\u00e1 a latir en Puebla.<br><br>Del 3 al 6 de septiembre, disfruta el Encuentro Nacional del Mezcal Puebla 2026 con productores de todo el pa\u00eds y experiencias como el Campeonato Nacional de Mixolog\u00eda, Premio al Origen y la Carrera del Mezcal. \ud83c\udf35\u2728<br><br>Con mezcal\u2026 <a href=\"https:\/\/t.co\/F512uJpuMF\">pic.twitter.com\/F512uJpuMF<\/a><\/p>&mdash; Gobierno de Puebla (@Gob_Puebla) <a href=\"https:\/\/x.com\/Gob_Puebla\/status\/2092786675592372272?ref_src=twsrc%5Etfw\">August 27, 2026<\/a><\/blockquote><script async src=\"https:\/\/platform.x.com\/widgets.js\" charset=\"utf-8\"><\/script>\n<\/div><\/figure>\n\n\n\n<p>Por su parte, Elsa Mota Solano, de Destilados de la Mixteca Poblana y la marca Matamores, de Iz\u00facar de Matamoros, resalt\u00f3 que detr\u00e1s de cada botella existen tradiciones, familias y saberes comunitarios; asimismo, reconoci\u00f3 la visi\u00f3n de la presidenta de M\u00e9xico, Claudia Sheinbaum, <strong>para fortalecer al campo<\/strong>, sus productores y comunidades. La participaci\u00f3n de productoras y productores de distintas regiones refleja el alcance de una estrategia que articula desarrollo rural, identidad cultural y oportunidades de comercializaci\u00f3n.<\/p>\n\n\n\n<p>Con estas acciones, el gobierno del estado refrenda su compromiso de transformar en grande el campo poblano, fortalecer a quienes producen desde las comunidades y generar condiciones para que la riqueza permanezca en los territorios. <strong>El Encuentro Nacional del Mezcal Puebla 2026 consolida adem\u00e1s a la entidad como epicentro de grandes eventos nacionales, capaz de recibir visitantes, generar oportunidades comerciales y proyectar al pa\u00eds y al mundo la calidad, cultura y talento de Puebla.<\/strong><\/p>\n\n\n\n<figure class=\"wp-block-embed is-type-rich is-provider-x wp-block-embed-x\"><div class=\"wp-block-embed__wrapper\">\n<blockquote class=\"twitter-tweet\" data-width=\"500\" data-dnt=\"true\"><p lang=\"es\" dir=\"ltr\">\ud83d\udce2Agave poblano consolida liderazgo agroindustrial de Puebla en mercados mundiales.\ud83c\udf0e<a href=\"https:\/\/x.com\/armentapuebla_?ref_src=twsrc%5Etfw\">@armentapuebla_<\/a> <a href=\"https:\/\/x.com\/CExpositorPue?ref_src=twsrc%5Etfw\">@CExpositorPue<\/a> <br><br>\ud83d\udcf0<a href=\"https:\/\/t.co\/wZhXtpU4wC\">https:\/\/t.co\/wZhXtpU4wC<\/a><a href=\"https:\/\/x.com\/hashtag\/PorAmorAPuebla?src=hash&amp;ref_src=twsrc%5Etfw\">#PorAmorAPuebla<\/a> <a href=\"https:\/\/x.com\/hashtag\/Comunicado?src=hash&amp;ref_src=twsrc%5Etfw\">#Comunicado<\/a> <a href=\"https:\/\/t.co\/EDf7KOvwJW\">pic.twitter.com\/EDf7KOvwJW<\/a><\/p>&mdash; Gobierno de Puebla (@Gob_Puebla) <a href=\"https:\/\/x.com\/Gob_Puebla\/status\/2092755138070843443?ref_src=twsrc%5Etfw\">August 26, 2026<\/a><\/blockquote><script async src=\"https:\/\/platform.x.com\/widgets.js\" charset=\"utf-8\"><\/script>\n<\/div><\/figure>\n\n\n\n<p>Fuente: <a href=\"https:\/\/www.reporteindigo.com\/nacional\/puebla-recibira-encuentro-nacional-del-mezcal-2026-20260826-0132.html\" target=\"_blank\" rel=\"noreferrer noopener\">Reporte \u00cdndigo<\/a><\/p>\n\n\n\n<p><\/p>\n","protected":false},"excerpt":{"rendered":"<p>El encuentro reunir\u00e1 en el Centro de Convenciones de Puebla a 300 marcas de mezcal y 50 marcas de artesan\u00edas, agroindustria y comida t\u00edpica, con la participaci\u00f3n de productores de todas las regiones mezcaleras del pa\u00eds<\/p>\n","protected":false},"author":1,"featured_media":129381,"comment_status":"open","ping_status":"open","sticky":false,"template":"","format":"standard","meta":{"site-sidebar-layout":"default","site-content-layout":"","ast-site-content-layout":"default","site-content-style":"default","site-sidebar-style":"default","ast-global-header-display":"","ast-banner-title-visibility":"","ast-main-header-display":"","ast-hfb-above-header-display":"","ast-hfb-below-header-display":"","ast-hfb-mobile-header-display":"","site-post-title":"","ast-breadcrumbs-content":"","ast-featured-img":"","footer-sml-layout":"","theme-transparent-header-meta":"","adv-header-id-meta":"","stick-header-meta":"","header-above-stick-meta":"","header-main-stick-meta":"","header-below-stick-meta":"","astra-migrate-meta-layouts":"default","ast-page-background-enabled":"default","ast-page-background-meta":{"desktop":{"background-color":"var(--ast-global-color-4)","background-image":"","background-repeat":"repeat","background-position":"center center","background-size":"auto","background-attachment":"scroll","background-type":"","background-media":"","overlay-type":"","overlay-color":"","overlay-opacity":"","overlay-gradient":""},"tablet":{"background-color":"","background-image":"","background-repeat":"repeat","background-position":"center center","background-size":"auto","background-attachment":"scroll","background-type":"","background-media":"","overlay-type":"","overlay-color":"","overlay-opacity":"","overlay-gradient":""},"mobile":{"background-color":"","background-image":"","background-repeat":"repeat","background-position":"center center","background-size":"auto","background-attachment":"scroll","background-type":"","background-media":"","overlay-type":"","overlay-color":"","overlay-opacity":"","overlay-gradient":""}},"ast-content-background-meta":{"desktop":{"background-color":"var(--ast-global-color-5)","background-image":"","background-repeat":"repeat","background-position":"center center","background-size":"auto","background-attachment":"scroll","background-type":"","background-media":"","overlay-type":"","overlay-color":"","overlay-opacity":"","overlay-gradient":""},"tablet":{"background-color":"var(--ast-global-color-5)","background-image":"","background-repeat":"repeat","background-position":"center center","background-size":"auto","background-attachment":"scroll","background-type":"","background-media":"","overlay-type":"","overlay-color":"","overlay-opacity":"","overlay-gradient":""},"mobile":{"background-color":"var(--ast-global-color-5)","background-image":"","background-repeat":"repeat","background-position":"center center","background-size":"auto","background-attachment":"scroll","background-type":"","background-media":"","overlay-type":"","overlay-color":"","overlay-opacity":"","overlay-gradient":""}},"footnotes":""},"categories":[8],"tags":[52686,52685,52684,52687],"class_list":["post-129379","post","type-post","status-publish","format-standard","has-post-thumbnail","hentry","category-noticias","tag-artesanos","tag-campeonato-de-mixologia","tag-encuentro-nacional-de-mezcal","tag-maestros-mezcaleros"],"_links":{"self":[{"href":"https:\/\/losperiodistas.com.mx\/portal\/wp-json\/wp\/v2\/posts\/129379","targetHints":{"allow":["GET"]}}],"collection":[{"href":"https:\/\/losperiodistas.com.mx\/portal\/wp-json\/wp\/v2\/posts"}],"about":[{"href":"https:\/\/losperiodistas.com.mx\/portal\/wp-json\/wp\/v2\/types\/post"}],"author":[{"embeddable":true,"href":"https:\/\/losperiodistas.com.mx\/portal\/wp-json\/wp\/v2\/users\/1"}],"replies":[{"embeddable":true,"href":"https:\/\/losperiodistas.com.mx\/portal\/wp-json\/wp\/v2\/comments?post=129379"}],"version-history":[{"count":1,"href":"https:\/\/losperiodistas.com.mx\/portal\/wp-json\/wp\/v2\/posts\/129379\/revisions"}],"predecessor-version":[{"id":129382,"href":"https:\/\/losperiodistas.com.mx\/portal\/wp-json\/wp\/v2\/posts\/129379\/revisions\/129382"}],"wp:featuredmedia":[{"embeddable":true,"href":"https:\/\/losperiodistas.com.mx\/portal\/wp-json\/wp\/v2\/media\/129381"}],"wp:attachment":[{"href":"https:\/\/losperiodistas.com.mx\/portal\/wp-json\/wp\/v2\/media?parent=129379"}],"wp:term":[{"taxonomy":"category","embeddable":true,"href":"https:\/\/losperiodistas.com.mx\/portal\/wp-json\/wp\/v2\/categories?post=129379"},{"taxonomy":"post_tag","embeddable":true,"href":"https:\/\/losperiodistas.com.mx\/portal\/wp-json\/wp\/v2\/tags?post=129379"}],"curies":[{"name":"wp","href":"https:\/\/api.w.org\/{rel}","templated":true}]}}