{"id":129376,"date":"2026-08-26T21:22:48","date_gmt":"2026-08-27T03:22:48","guid":{"rendered":"https:\/\/losperiodistas.com.mx\/portal\/?p=129376"},"modified":"2026-08-26T21:22:50","modified_gmt":"2026-08-27T03:22:50","slug":"principe-harry-y-meghan-llegan-a-reino-unido-seis-anos-despues-de-dejar-la-vida-de-la-realeza-cnn","status":"publish","type":"post","link":"https:\/\/losperiodistas.com.mx\/portal\/principe-harry-y-meghan-llegan-a-reino-unido-seis-anos-despues-de-dejar-la-vida-de-la-realeza-cnn\/","title":{"rendered":"Pr\u00edncipe Harry y Meghan llegan a Reino Unido, seis a\u00f1os despu\u00e9s de dejar la vida de la realeza | CNN"},"content":{"rendered":"\n<figure class=\"wp-block-image size-large\"><img fetchpriority=\"high\" decoding=\"async\" width=\"1024\" height=\"576\" src=\"https:\/\/losperiodistas.com.mx\/portal\/wp-content\/uploads\/2026\/08\/harry-meghan-uk-1024x576.png\" alt=\"\" class=\"wp-image-129377\" srcset=\"https:\/\/losperiodistas.com.mx\/portal\/wp-content\/uploads\/2026\/08\/harry-meghan-uk-1024x576.png 1024w, https:\/\/losperiodistas.com.mx\/portal\/wp-content\/uploads\/2026\/08\/harry-meghan-uk-300x169.png 300w, https:\/\/losperiodistas.com.mx\/portal\/wp-content\/uploads\/2026\/08\/harry-meghan-uk-768x432.png 768w, https:\/\/losperiodistas.com.mx\/portal\/wp-content\/uploads\/2026\/08\/harry-meghan-uk.png 1297w\" sizes=\"(max-width: 1024px) 100vw, 1024px\" \/><figcaption class=\"wp-element-caption\">El pr\u00edncipe Harry y Meghan regresan al Reino Unido<\/figcaption><\/figure>\n\n\n\n<p class=\"has-vivid-red-color has-text-color has-link-color wp-elements-effbbc454ae934855c1edfb7568f26e7\">Lauren Said-Moorhouse \/ Max Foster \/ CNN<\/p>\n\n\n\n<p>El duque y la duquesa de Sussex regresaron al Reino Unido este mi\u00e9rcoles, seg\u00fan informaron varios medios de comunicaci\u00f3n, seis a\u00f1os despu\u00e9s de haber abandonado el pa\u00eds tras renunciar a sus funciones reales.<\/p>\n\n\n\n<p>La BBC, la cadena p\u00fablica brit\u00e1nica, inform\u00f3 previamente que el pr\u00edncipe Harry y Meghan, junto con sus dos hijos, el pr\u00edncipe Archie y la princesa Lilibet, habr\u00edan viajado en un avi\u00f3n privado desde California.<\/p>\n\n\n\n<p>El peri\u00f3dico The Telegraph inform\u00f3 que la familia aterriz\u00f3 alrededor del mediod\u00eda de este mi\u00e9rcoles en el aeropuerto de Birmingham.<\/p>\n\n\n\n<p>CNN se ha puesto en contacto con la oficina de los duques de Sussex, pero hasta ahora no ha obtenido respuestas.<\/p>\n\n\n\n<p>El regreso de los duques de Sussex al Reino Unido, tras residir en Estados Unidos durante los \u00faltimos seis a\u00f1os, fue anunciado la semana pasada. Archie, de 7 a\u00f1os, y Lilibet, de 5, ya est\u00e1n matriculados en colegios brit\u00e1nicos para el pr\u00f3ximo curso, que comienza en septiembre. Seg\u00fan inform\u00f3 un portavoz de los duques de Sussex a CNN, la familia estar\u00e1 acompa\u00f1ada por sus perros, mientras que sus gallinas ser\u00e1n cuidadas en Montecito. La familia ha residido en el exclusivo barrio costero de Montecito, en el sur de California, durante los \u00faltimos a\u00f1os.<\/p>\n\n\n\n<p>Harry y Meghan regresan al Reino Unido como ciudadanos privados y no retomar\u00e1n ninguna funci\u00f3n oficial en nombre del rey Carlos III.<\/p>\n\n\n\n<p>La pareja abandon\u00f3 el Reino Unido para trasladarse a Norteam\u00e9rica en 2020 tras renunciar a sus funciones reales, y desde entonces han mantenido una relaci\u00f3n tensa con el resto de la familia real. Harry y Meghan citaron la intromisi\u00f3n de la prensa sensacionalista, el racismo en las instituciones brit\u00e1nicas, el acoso cibern\u00e9tico y las complejas din\u00e1micas familiares como algunas de las razones de su partida.<\/p>\n\n\n\n<p>Harry ha regresado al Reino Unido en varias ocasiones, incluyendo el funeral de su abuela, la reina Isabel II, en 2022, y la coronaci\u00f3n de su padre, el rey Carlos III, al a\u00f1o siguiente.<\/p>\n\n\n\n<h2 class=\"wp-block-heading\" id=\"problema-de-seguridad\">Problema de seguridad<\/h2>\n\n\n\n<p>La familia regres\u00f3 al Reino Unido el verano pasado para visitar al rey Carlos y a la reina Camila en Highgrove, la residencia campestre privada del monarca en Gloucestershire, Inglaterra. Fue la primera vez en cuatro a\u00f1os que el monarca, de 77 a\u00f1os, se reun\u00eda con sus nietos. Los duques de Sussex tambi\u00e9n pasaron tiempo con la familia materna de Harry en Althorp House, la finca Spencer en Northamptonshire.<\/p>\n\n\n\n<p>El rey Carlos fue informado del traslado de la familia a principios de este mes. El pr\u00edncipe William y Kate, princesa de Gales, tambi\u00e9n fueron informados de los planes de los duques de Sussex.<\/p>\n\n\n\n<p>Cuando CNN les pregunt\u00f3 la semana pasada por qu\u00e9 regresaban, una fuente cercana a la pareja se limit\u00f3 a comentar lo mucho que disfrutaron de su visita familiar al Reino Unido el mes pasado.<\/p>\n\n\n\n<p>Cada vez que el pr\u00edncipe Harry ha regresado al Reino Unido, un problema recurrente ha sido la estricta protecci\u00f3n policial de su familia. Ha librado una larga batalla legal contra el gobierno brit\u00e1nico, ya que su seguridad, financiada con fondos p\u00fablicos, fue rebajada por el Comit\u00e9 Ejecutivo Real y de Personalidades (RAVEC) tras el cese de sus funciones oficiales al servicio de la monarca junto a Meghan.<\/p>\n\n\n\n<p>El a\u00f1o pasado, perdi\u00f3 una apelaci\u00f3n contra el Ministerio del Interior ante el Tribunal de Apelaci\u00f3n del Reino Unido por dicha decisi\u00f3n. En aquel momento, el duque declar\u00f3 que no se imaginaba \u201cun mundo en el que pudiera traer de vuelta a mi esposa e hijos al Reino Unido en estas circunstancias\u201d.<\/p>\n\n\n\n<p>Se desconoce si las medidas de seguridad han cambiado en las \u00faltimas semanas o qui\u00e9n se har\u00eda cargo de la seguridad necesaria una vez de vuelta en Reino Unido. A finales de junio, segu\u00eda a la espera de la revisi\u00f3n del Consejo de Gesti\u00f3n de Riesgos del RAVEC.<\/p>\n\n\n\n<p>Un portavoz del gobierno brit\u00e1nico ha descrito previamente su sistema de seguridad como \u201criguroso y proporcionado\u201d<\/p>\n\n\n\n<p>Por otra parte, en julio, Harry y otras seis figuras p\u00fablicas de alto perfil perdieron su demanda por violaci\u00f3n de la privacidad contra un tabloide brit\u00e1nico ante el Tribunal Superior del Reino Unido. La semana pasada, un juez dictamin\u00f3 que el grupo \u2014que tambi\u00e9n incluye a Elton John y su esposo David Furnish\u2014 debe realizar un pago inicial de 9,5 millones de libras esterlinas (US$ 13 millones) a Associated Newspapers Limited. Sin embargo, el grupo se enfrenta a un pago total de hasta 34,5 millones de libras esterlinas (US$ 46,9 millones), seg\u00fan se informa.<\/p>\n\n\n\n<p>Seg\u00fan los medios brit\u00e1nicos, Harry y Meghan se instalar\u00e1n de nuevo en el Reino Unido durante un per\u00edodo prolongado y vivir\u00e1n en una propiedad privada a las afueras de Londres. Se cree que establecer\u00e1n su residencia en los Cotswolds, una zona acomodada de la campi\u00f1a inglesa central. La pareja a\u00fan no se ha pronunciado p\u00fablicamente sobre sus planes.<\/p>\n\n\n\n<p>Es probable que el duque participe en actos ben\u00e9ficos en las pr\u00f3ximas semanas, como la ceremonia anual organizada por WellChild, una organizaci\u00f3n ben\u00e9fica que atiende a ni\u00f1os y j\u00f3venes gravemente enfermos en el Reino Unido. Tambi\u00e9n se est\u00e1n realizando los preparativos para los Juegos Invictus, que se celebrar\u00e1n en Birmingham el pr\u00f3ximo a\u00f1o.<\/p>\n\n\n\n<p>Mientras tanto, las \u00faltimas publicaciones de Meghan en Instagram sugieren que continuar\u00e1 expandiendo su marca de estilo de vida As Ever. En los \u00faltimos d\u00edas, tambi\u00e9n han circulado rumores de que la duquesa podr\u00eda estar considerando regresar a la actuaci\u00f3n. Seg\u00fan una fuente cercana a las negociaciones, est\u00e1 en conversaciones para unirse a la tercera temporada de \u201cThe Gentlemen\u201d, la serie de Guy Ritchie que se filma en el Reino Unido, seg\u00fan inform\u00f3 previamente a CNN.<\/p>\n\n\n\n<p>Fuente: <a href=\"https:\/\/cnnespanol.cnn.com\/2026\/08\/26\/mundo\/principe-harry-meghan-reino-unido-trax\" target=\"_blank\" rel=\"noreferrer noopener\">CNN<\/a><\/p>\n","protected":false},"excerpt":{"rendered":"<p>Lauren Said-Moorhouse \/ Max Foster \/ CNN El duque y la duquesa de Sussex regresaron al Reino Unido este mi\u00e9rcoles, [&hellip;]<\/p>\n","protected":false},"author":1,"featured_media":129377,"comment_status":"open","ping_status":"open","sticky":false,"template":"","format":"standard","meta":{"site-sidebar-layout":"default","site-content-layout":"","ast-site-content-layout":"default","site-content-style":"default","site-sidebar-style":"default","ast-global-header-display":"","ast-banner-title-visibility":"","ast-main-header-display":"","ast-hfb-above-header-display":"","ast-hfb-below-header-display":"","ast-hfb-mobile-header-display":"","site-post-title":"","ast-breadcrumbs-content":"","ast-featured-img":"","footer-sml-layout":"","theme-transparent-header-meta":"","adv-header-id-meta":"","stick-header-meta":"","header-above-stick-meta":"","header-main-stick-meta":"","header-below-stick-meta":"","astra-migrate-meta-layouts":"default","ast-page-background-enabled":"default","ast-page-background-meta":{"desktop":{"background-color":"var(--ast-global-color-4)","background-image":"","background-repeat":"repeat","background-position":"center center","background-size":"auto","background-attachment":"scroll","background-type":"","background-media":"","overlay-type":"","overlay-color":"","overlay-opacity":"","overlay-gradient":""},"tablet":{"background-color":"","background-image":"","background-repeat":"repeat","background-position":"center center","background-size":"auto","background-attachment":"scroll","background-type":"","background-media":"","overlay-type":"","overlay-color":"","overlay-opacity":"","overlay-gradient":""},"mobile":{"background-color":"","background-image":"","background-repeat":"repeat","background-position":"center center","background-size":"auto","background-attachment":"scroll","background-type":"","background-media":"","overlay-type":"","overlay-color":"","overlay-opacity":"","overlay-gradient":""}},"ast-content-background-meta":{"desktop":{"background-color":"var(--ast-global-color-5)","background-image":"","background-repeat":"repeat","background-position":"center center","background-size":"auto","background-attachment":"scroll","background-type":"","background-media":"","overlay-type":"","overlay-color":"","overlay-opacity":"","overlay-gradient":""},"tablet":{"background-color":"var(--ast-global-color-5)","background-image":"","background-repeat":"repeat","background-position":"center center","background-size":"auto","background-attachment":"scroll","background-type":"","background-media":"","overlay-type":"","overlay-color":"","overlay-opacity":"","overlay-gradient":""},"mobile":{"background-color":"var(--ast-global-color-5)","background-image":"","background-repeat":"repeat","background-position":"center center","background-size":"auto","background-attachment":"scroll","background-type":"","background-media":"","overlay-type":"","overlay-color":"","overlay-opacity":"","overlay-gradient":""}},"footnotes":""},"categories":[8],"tags":[14188,14187,230,10498],"class_list":["post-129376","post","type-post","status-publish","format-standard","has-post-thumbnail","hentry","category-noticias","tag-duques-de-sussex","tag-meghan-markle","tag-principe-harry","tag-reino-unido"],"_links":{"self":[{"href":"https:\/\/losperiodistas.com.mx\/portal\/wp-json\/wp\/v2\/posts\/129376","targetHints":{"allow":["GET"]}}],"collection":[{"href":"https:\/\/losperiodistas.com.mx\/portal\/wp-json\/wp\/v2\/posts"}],"about":[{"href":"https:\/\/losperiodistas.com.mx\/portal\/wp-json\/wp\/v2\/types\/post"}],"author":[{"embeddable":true,"href":"https:\/\/losperiodistas.com.mx\/portal\/wp-json\/wp\/v2\/users\/1"}],"replies":[{"embeddable":true,"href":"https:\/\/losperiodistas.com.mx\/portal\/wp-json\/wp\/v2\/comments?post=129376"}],"version-history":[{"count":1,"href":"https:\/\/losperiodistas.com.mx\/portal\/wp-json\/wp\/v2\/posts\/129376\/revisions"}],"predecessor-version":[{"id":129378,"href":"https:\/\/losperiodistas.com.mx\/portal\/wp-json\/wp\/v2\/posts\/129376\/revisions\/129378"}],"wp:featuredmedia":[{"embeddable":true,"href":"https:\/\/losperiodistas.com.mx\/portal\/wp-json\/wp\/v2\/media\/129377"}],"wp:attachment":[{"href":"https:\/\/losperiodistas.com.mx\/portal\/wp-json\/wp\/v2\/media?parent=129376"}],"wp:term":[{"taxonomy":"category","embeddable":true,"href":"https:\/\/losperiodistas.com.mx\/portal\/wp-json\/wp\/v2\/categories?post=129376"},{"taxonomy":"post_tag","embeddable":true,"href":"https:\/\/losperiodistas.com.mx\/portal\/wp-json\/wp\/v2\/tags?post=129376"}],"curies":[{"name":"wp","href":"https:\/\/api.w.org\/{rel}","templated":true}]}}