{"id":129372,"date":"2026-08-26T21:10:41","date_gmt":"2026-08-27T03:10:41","guid":{"rendered":"https:\/\/losperiodistas.com.mx\/portal\/?p=129372"},"modified":"2026-08-26T21:10:43","modified_gmt":"2026-08-27T03:10:43","slug":"detienen-en-puebla-a-presunto-autor-material-de-disparar-contra-cesar-gastelum-influencer-asesinado-en-vivo-ef","status":"publish","type":"post","link":"https:\/\/losperiodistas.com.mx\/portal\/detienen-en-puebla-a-presunto-autor-material-de-disparar-contra-cesar-gastelum-influencer-asesinado-en-vivo-ef\/","title":{"rendered":"Detienen en Puebla a presunto autor material de disparar contra C\u00e9sar Gast\u00e9lum, influencer asesinado en vivo | EF"},"content":{"rendered":"\n<p>El influencer C\u00e9sar Gast\u00e9lum fue asesinado durante una transmisi\u00f3n en vivo, donde se ve a dos sujetos acerc\u00e1ndose en una motocicleta; las autoridades detuvieron a un presunto responsable.<\/p>\n\n\n\n<figure class=\"wp-block-image size-large\"><img fetchpriority=\"high\" decoding=\"async\" width=\"1024\" height=\"575\" src=\"https:\/\/losperiodistas.com.mx\/portal\/wp-content\/uploads\/2026\/08\/CesarGastelum-1024x575.png\" alt=\"\" class=\"wp-image-129373\" srcset=\"https:\/\/losperiodistas.com.mx\/portal\/wp-content\/uploads\/2026\/08\/CesarGastelum-1024x575.png 1024w, https:\/\/losperiodistas.com.mx\/portal\/wp-content\/uploads\/2026\/08\/CesarGastelum-300x169.png 300w, https:\/\/losperiodistas.com.mx\/portal\/wp-content\/uploads\/2026\/08\/CesarGastelum-768x432.png 768w, https:\/\/losperiodistas.com.mx\/portal\/wp-content\/uploads\/2026\/08\/CesarGastelum.png 1500w\" sizes=\"(max-width: 1024px) 100vw, 1024px\" \/><figcaption class=\"wp-element-caption\">El presunto autor intelectual del asesinato de C\u00e9sar Gast\u00e9lum fue detenido en un operativo en Puebla. [Fotograf\u00eda. Cuartoscuro] <\/figcaption><\/figure>\n\n\n\n<p class=\"has-vivid-red-color has-text-color has-link-color wp-elements-ec1aec68ec65d673574e7f68ac157d9a\">Redacci\u00f3n \/ EF<\/p>\n\n\n\n<p><strong>Omar Garc\u00eda Harfuch<\/strong> inform\u00f3 sobre la detenci\u00f3n un sujeto identificado como presunto responsable del ataque armado contra C\u00e9sar Gast\u00e9lum.<\/p>\n\n\n\n<p>El secretario de Seguridad y Protecci\u00f3n Ciudadana explic\u00f3 que gracias a las investigaciones ubicaron a <strong>Jes\u00fas Alberto \u2018N\u2019<\/strong>, en Puebla, se\u00f1alado por ser uno de los dos sujetos que dispararon contra el infuencer asesinado en vivo.<\/p>\n\n\n\n<p>\u201cEn seguimiento a la investigaci\u00f3n por el homicidio del influencer C\u00e9sar Daniel Nolazco Gast\u00e9lum, ocurrido el pasado 4 de agosto, labores de inteligencia e investigaci\u00f3n del Centro Nacional de Inteligencia permitieron identificar y ubicar en Puebla a Jes\u00fas Alberto \u2018N\u2019, se\u00f1alado como uno de los dos sujetos que dispararon contra la v\u00edctima\u201d, escribi\u00f3 <strong>Garc\u00eda Harfuch <\/strong>en un post en X.<\/p>\n\n\n\n<p>Agreg\u00f3 que agentes de seguridad fueron agredidos por tres sujetos, entre ellos Jes\u00fas \u2018N\u2019, como consecuencia respondieron las agresiones y se desat\u00f3 un enfrentamiento que termin\u00f3 con la muerte de uno de ellos.<\/p>\n\n\n\n<p>Los dos restantes fueron aprehendidos, adem\u00e1s, se aseguraron tres armas de fuego, cartuchos \u00fatiles y veh\u00edculos. El funcionario p\u00fablico afirm\u00f3 que contin\u00faan las investigaciones para evitar la impunidad en el asesinato del influencer C\u00e9sar Gast\u00e9lum.<\/p>\n\n\n\n<figure class=\"wp-block-embed is-type-rich is-provider-x wp-block-embed-x\"><div class=\"wp-block-embed__wrapper\">\n<blockquote class=\"twitter-tweet\" data-width=\"500\" data-dnt=\"true\"><p lang=\"es\" dir=\"ltr\">En seguimiento a la investigaci\u00f3n por el homicidio del creador de contenido C\u00e9sar Daniel Nolazco Gast\u00e9lum, ocurrido el pasado 4 de agosto en Culiac\u00e1n, Sinaloa, labores de inteligencia e investigaci\u00f3n del Centro Nacional de Inteligencia permitieron identificar y ubicar en Puebla a\u2026<\/p>&mdash; Omar H Garcia Harfuch (@OHarfuch) <a href=\"https:\/\/x.com\/OHarfuch\/status\/2092775996709646749?ref_src=twsrc%5Etfw\">August 27, 2026<\/a><\/blockquote><script async src=\"https:\/\/platform.x.com\/widgets.js\" charset=\"utf-8\"><\/script>\n<\/div><\/figure>\n\n\n\n<h2 class=\"wp-block-heading\">\u00bfQui\u00e9n fue C\u00e9sar Gast\u00e9lum, influencer asesinado en vivo?<\/h2>\n\n\n\n<p>C\u00e9sar Gast\u00e9lum fue un creador de contenido originario de Sinaloa conocido en redes sociales como <strong>\u2018compasexor\u2019<\/strong>. El influencer hab\u00eda ganado popularidad por sus publicaciones y transmisiones en plataformas digitales, donde compart\u00eda aspectos de su estilo de vida y trends, principalmente.<\/p>\n\n\n\n<p>Antes de dedicarse de lleno a las redes sociales, tambi\u00e9n tuvo acercamientos con la m\u00fasica. Con el paso del tiempo, comenz\u00f3 a ganar notoriedad en plataformas digitales y form\u00f3 una comunidad de seguidores.<\/p>\n\n\n\n<p>Gast\u00e9lum era amigo del \u2018Gordo\u2019 Peruci, influencer que tambi\u00e9n muri\u00f3 a consecuencia de un ataque armado en su contra. C\u00e9sar Gast\u00e9lum poste\u00f3 un mensaje en su cuenta de Instagram donde le agradeci\u00f3 por el apoyo y por sus ense\u00f1anzas.<\/p>\n\n\n\n<p>Tras su asesinato surgieron distintas versiones sobre el posible motivo del ataque. El Gabinete de Seguridad inform\u00f3 que una de las l\u00edneas de investigaci\u00f3n contempla algunas publicaciones en las que el influencer hac\u00eda referencia a una facci\u00f3n de un grupo delictivo; sin embargo, las autoridades no han establecido p\u00fablicamente que esa haya sido la <strong>causa del homicidio<\/strong>.<\/p>\n\n\n\n<figure class=\"wp-block-image size-large\"><img decoding=\"async\" width=\"1024\" height=\"682\" src=\"https:\/\/losperiodistas.com.mx\/portal\/wp-content\/uploads\/2026\/08\/imagen-100-1024x682.png\" alt=\"\" class=\"wp-image-129374\" srcset=\"https:\/\/losperiodistas.com.mx\/portal\/wp-content\/uploads\/2026\/08\/imagen-100-1024x682.png 1024w, https:\/\/losperiodistas.com.mx\/portal\/wp-content\/uploads\/2026\/08\/imagen-100-300x200.png 300w, https:\/\/losperiodistas.com.mx\/portal\/wp-content\/uploads\/2026\/08\/imagen-100-768x511.png 768w, https:\/\/losperiodistas.com.mx\/portal\/wp-content\/uploads\/2026\/08\/imagen-100.png 1200w\" sizes=\"(max-width: 1024px) 100vw, 1024px\" \/><figcaption class=\"wp-element-caption\">El creador de contenido C\u00e9sar Gast\u00e9lum fue asesinado a balazos en una transmisi\u00f3n en vivo. (Foto: Jos\u00e9 Betanzos\/Cuartoscuro) (Jos\u00e9 Betanzos Z\u00e1rate ) <\/figcaption><\/figure>\n\n\n\n<h2 class=\"wp-block-heading\">\u00bfC\u00f3mo fue el asesinato de C\u00e9sar Gast\u00e9lum?<\/h2>\n\n\n\n<p>C\u00e9sar Gast\u00e9lum fue asesinado la noche del <strong>martes 4 de agosto de 2026<\/strong>, mientras realizaba una transmisi\u00f3n en vivo junto a otros dos creadores de contenido.<\/p>\n\n\n\n<p>El joven se encontraba frente a un restaurante de comida r\u00e1pida cuando dos sujetos que viajaban en una motocicleta se aproximaron. Uno de ellos descendi\u00f3 del veh\u00edculo y dispar\u00f3 contra Gast\u00e9lum a corta distancia. El ataque qued\u00f3 registrado por la transmisi\u00f3n que realizaba en ese momento, donde se puede ver a los atacantes pasar por la zona previamente.<\/p>\n\n\n\n<p>Las autoridades tambi\u00e9n revisaron las c\u00e1maras de videovigilancia del establecimiento, material que forma parte de las investigaciones para identificar y detener a los responsables.<\/p>\n\n\n\n<p>El caso posteriormente fue atra\u00eddo por la <strong>Fiscal\u00eda General de la Rep\u00fablica (FGR)<\/strong>. Mientras contin\u00faan las investigaciones, la familia de Gast\u00e9lum ha pedido evitar especulaciones sobre los presuntos v\u00ednculos del influencer con grupos criminales.<\/p>\n\n\n\n<p>Fuente: <a href=\"https:\/\/www.elfinanciero.com.mx\/espectaculos\/2026\/08\/26\/detienen-a-sujeto-que-presuntamente-disparo-contra-cesar-gastelum-influencer-asesinado-en-vivo\/\" target=\"_blank\" rel=\"noreferrer noopener\">El Financiero<\/a><\/p>\n","protected":false},"excerpt":{"rendered":"<p>El influencer C\u00e9sar Gast\u00e9lum fue asesinado durante una transmisi\u00f3n en vivo, donde se ve a dos sujetos acerc\u00e1ndose en una motocicleta; las autoridades detuvieron a un presunto responsable.<\/p>\n","protected":false},"author":1,"featured_media":129373,"comment_status":"open","ping_status":"open","sticky":false,"template":"","format":"standard","meta":{"site-sidebar-layout":"default","site-content-layout":"","ast-site-content-layout":"default","site-content-style":"default","site-sidebar-style":"default","ast-global-header-display":"","ast-banner-title-visibility":"","ast-main-header-display":"","ast-hfb-above-header-display":"","ast-hfb-below-header-display":"","ast-hfb-mobile-header-display":"","site-post-title":"","ast-breadcrumbs-content":"","ast-featured-img":"","footer-sml-layout":"","theme-transparent-header-meta":"","adv-header-id-meta":"","stick-header-meta":"","header-above-stick-meta":"","header-main-stick-meta":"","header-below-stick-meta":"","astra-migrate-meta-layouts":"default","ast-page-background-enabled":"default","ast-page-background-meta":{"desktop":{"background-color":"var(--ast-global-color-4)","background-image":"","background-repeat":"repeat","background-position":"center center","background-size":"auto","background-attachment":"scroll","background-type":"","background-media":"","overlay-type":"","overlay-color":"","overlay-opacity":"","overlay-gradient":""},"tablet":{"background-color":"","background-image":"","background-repeat":"repeat","background-position":"center center","background-size":"auto","background-attachment":"scroll","background-type":"","background-media":"","overlay-type":"","overlay-color":"","overlay-opacity":"","overlay-gradient":""},"mobile":{"background-color":"","background-image":"","background-repeat":"repeat","background-position":"center center","background-size":"auto","background-attachment":"scroll","background-type":"","background-media":"","overlay-type":"","overlay-color":"","overlay-opacity":"","overlay-gradient":""}},"ast-content-background-meta":{"desktop":{"background-color":"var(--ast-global-color-5)","background-image":"","background-repeat":"repeat","background-position":"center center","background-size":"auto","background-attachment":"scroll","background-type":"","background-media":"","overlay-type":"","overlay-color":"","overlay-opacity":"","overlay-gradient":""},"tablet":{"background-color":"var(--ast-global-color-5)","background-image":"","background-repeat":"repeat","background-position":"center center","background-size":"auto","background-attachment":"scroll","background-type":"","background-media":"","overlay-type":"","overlay-color":"","overlay-opacity":"","overlay-gradient":""},"mobile":{"background-color":"var(--ast-global-color-5)","background-image":"","background-repeat":"repeat","background-position":"center center","background-size":"auto","background-attachment":"scroll","background-type":"","background-media":"","overlay-type":"","overlay-color":"","overlay-opacity":"","overlay-gradient":""}},"footnotes":""},"categories":[8],"tags":[52682,49966,12132,52683,12105],"class_list":["post-129372","post","type-post","status-publish","format-standard","has-post-thumbnail","hentry","category-noticias","tag-cesar-gastelum","tag-detenido-en-puebla","tag-influencer","tag-jesus-alberto-n","tag-omar-garcia-harfuch"],"_links":{"self":[{"href":"https:\/\/losperiodistas.com.mx\/portal\/wp-json\/wp\/v2\/posts\/129372","targetHints":{"allow":["GET"]}}],"collection":[{"href":"https:\/\/losperiodistas.com.mx\/portal\/wp-json\/wp\/v2\/posts"}],"about":[{"href":"https:\/\/losperiodistas.com.mx\/portal\/wp-json\/wp\/v2\/types\/post"}],"author":[{"embeddable":true,"href":"https:\/\/losperiodistas.com.mx\/portal\/wp-json\/wp\/v2\/users\/1"}],"replies":[{"embeddable":true,"href":"https:\/\/losperiodistas.com.mx\/portal\/wp-json\/wp\/v2\/comments?post=129372"}],"version-history":[{"count":1,"href":"https:\/\/losperiodistas.com.mx\/portal\/wp-json\/wp\/v2\/posts\/129372\/revisions"}],"predecessor-version":[{"id":129375,"href":"https:\/\/losperiodistas.com.mx\/portal\/wp-json\/wp\/v2\/posts\/129372\/revisions\/129375"}],"wp:featuredmedia":[{"embeddable":true,"href":"https:\/\/losperiodistas.com.mx\/portal\/wp-json\/wp\/v2\/media\/129373"}],"wp:attachment":[{"href":"https:\/\/losperiodistas.com.mx\/portal\/wp-json\/wp\/v2\/media?parent=129372"}],"wp:term":[{"taxonomy":"category","embeddable":true,"href":"https:\/\/losperiodistas.com.mx\/portal\/wp-json\/wp\/v2\/categories?post=129372"},{"taxonomy":"post_tag","embeddable":true,"href":"https:\/\/losperiodistas.com.mx\/portal\/wp-json\/wp\/v2\/tags?post=129372"}],"curies":[{"name":"wp","href":"https:\/\/api.w.org\/{rel}","templated":true}]}}