{"id":129365,"date":"2026-08-26T14:43:21","date_gmt":"2026-08-26T20:43:21","guid":{"rendered":"https:\/\/losperiodistas.com.mx\/portal\/?p=129365"},"modified":"2026-08-26T14:43:22","modified_gmt":"2026-08-26T20:43:22","slug":"opinion-la-captura","status":"publish","type":"post","link":"https:\/\/losperiodistas.com.mx\/portal\/opinion-la-captura\/","title":{"rendered":"Opini\u00f3n | La Captura"},"content":{"rendered":"\n<figure class=\"wp-block-embed is-type-video is-provider-youtube wp-block-embed-youtube wp-embed-aspect-16-9 wp-has-aspect-ratio\"><div class=\"wp-block-embed__wrapper\">\n<iframe title=\"La captura: \u00bfQu\u00e9 nos ense\u00f1a sobre M\u00e9xico?\" width=\"500\" height=\"281\" src=\"https:\/\/www.youtube.com\/embed\/IHXIlfZUpco?feature=oembed\" frameborder=\"0\" allow=\"accelerometer; autoplay; clipboard-write; encrypted-media; gyroscope; picture-in-picture; web-share\" referrerpolicy=\"strict-origin-when-cross-origin\" allowfullscreen><\/iframe>\n<\/div><\/figure>\n\n\n\n<p><\/p>\n\n\n\n<p><\/p>\n\n\n\n<p class=\"has-vivid-red-color has-text-color has-link-color has-medium-font-size wp-elements-b24a280bf71d8ab249278b900444b768\"><strong><em>Por Dr. Alejandro Guill\u00e9n Reyes<\/em><\/strong><\/p>\n\n\n\n<p><\/p>\n\n\n\n<p>Ya conocemos los temas que dominan la opini\u00f3n p\u00fablica hoy en d\u00eda: si existe o no un enfrentamiento entre Andr\u00e9s Manuel L\u00f3pez Obrador y la presidenta Claudia Sheinbaum por el caso del exgobernador de Sinaloa, Rub\u00e9n Rocha Moya; la captura del chofer que atestigu\u00f3 el asesinato de Melesio Cu\u00e9n y el secuestro de \u00abEl Mayo\u00bb Zambada a manos de \u00abLos Chapitos\u00bb, en un encuentro al que estaba citado el propio Rocha Moya all\u00e1 en Sinaloa; la repatriaci\u00f3n del vicealmirante Fernando Far\u00edas Lagunas (sobrino del exsecretario de Marina, Rafael Ojeda), acusado de operar el contrabando de combustible que represent\u00f3 el acto de corrupci\u00f3n m\u00e1s criminal en la historia contempor\u00e1nea del pa\u00eds; la cancelaci\u00f3n de la visa estadounidense a Andr\u00e9s Manuel L\u00f3pez Beltr\u00e1n, en fin\u2026<\/p>\n\n\n\n<p>Todas estas noticias nacionales y locales tienen dos elementos en com\u00fan: la transgresi\u00f3n de la ley y la impunidad con la que se act\u00faa. Ante tanta nota negativa, es f\u00e1cil terminar abrumado y pensar que este pa\u00eds ya no tiene remedio.<\/p>\n\n\n\n<p>Por eso,&nbsp;<em>La captura<\/em>&nbsp;\u2014pel\u00edcula basada en hechos reales\u2014 transmite un mensaje opuesto al que uno asumir\u00eda tras ver a tantos funcionarios, servidores p\u00fablicos y pol\u00edticos con las manos manchadas por la corrupci\u00f3n.<\/p>\n\n\n\n<p>M\u00e1s all\u00e1 de que se pueda distinguir el hecho real de la ficci\u00f3n a la que recurrieron el director, el guionista y los productores de la pel\u00edcula para dar contexto y sentido a la historia, destacan al menos tres certezas:<\/p>\n\n\n\n<p>1. Los polic\u00edas que capturaron a Joaqu\u00edn Loera, alias \u00abEl Chapo\u00bb, y a su lugarteniente (8 de enero de 2016), ten\u00edan claro su objetivo: entregar vivos a los criminales a las autoridades superiores para que estas procedieran conforme a la ley.<\/p>\n\n\n\n<p>2. Los principios o valores de estos agentes fueron puestos a prueba por los criminales que intentaron sobornarlos con su cl\u00e1sica amenaza (textual o t\u00e1cita) de \u00abplata\u00bb (millones de pesos de por medio) o \u00abplomo\u00bb (el asesinato de los mismos oficiales y de sus familias). A pesar de la enorme presi\u00f3n, no se dejaron corromper. Y\u2026<\/p>\n\n\n\n<p>3. Los oficiales experimentaron la incertidumbre sobre a qu\u00e9 autoridad pedir apoyo institucional para cumplir con su deber en una entidad como Sinaloa, donde el crimen tiene una presencia importante en la econom\u00eda, como lo reconoci\u00f3 en su momento la propia Tatiana Clouthier. Hoy sabemos que ese control tambi\u00e9n se extiende a las instituciones pol\u00edticas y policiales en la entidad.<\/p>\n\n\n\n<p>Aun as\u00ed, los polic\u00edas actuaron superando sus dudas. \u00bfC\u00f3mo lo lograron?\u2026 Vea la pel\u00edcula. Ojal\u00e1 al terminar reflexione en esto: en M\u00e9xico hay gente con valores que no se deja doblar por sujetos corruptores que hoy parecen dominar la escena real; hay polic\u00edas, marinos y militares que todos los d\u00edas se juegan la vida contra los criminales, y muchos de ellos han ca\u00eddo \u2014a veces junto con sus familias\u2014 en el cumplimiento de su deber. A todos ellos, aunque no sean nota sobresaliente en los medios, debemos apoyarlos, pues representan una pieza fundamental para sacar a M\u00e9xico del pantano en el que lo han hundido gobiernos y funcionarios corruptos.<\/p>\n\n\n\n<p>Por \u00faltimo, por favor, deje de consumir apolog\u00edas de criminales y no descalifique la pel\u00edcula&nbsp;<em>La captura,<\/em>&nbsp;sin verla. Por lo menos se va a entretener, y en una de esas, usted se sentir\u00e1 identificado con alguno de los personajes de esta trama basada en un hecho real.<\/p>\n\n\n\n<p>M:&nbsp;<a href=\"mailto:alejandroguillenmex@gmail.com\">alejandroguillenmex@gmail.com<\/a><\/p>\n\n\n\n<p>YouTube: @aleguillenr<\/p>\n\n\n\n<p>X: @aleguillenr<\/p>\n\n\n\n<p>FB: Alejandro Guill\u00e9n<\/p>\n\n\n\n<p>TikTok: alejandro_guillen_reyes<\/p>\n\n\n\n<p>Instagram: alejandroguillenmx<\/p>\n\n\n\n<p>W: alejandroguillen.com.mx<\/p>\n\n\n\n<hr class=\"wp-block-separator has-alpha-channel-opacity\"\/>\n\n\n\n<p><strong>+ OPINI\u00d3N : Las opiniones expresadas son responsabilidad del autor<\/strong><\/p>\n","protected":false},"excerpt":{"rendered":"<p>Por Dr. Alejandro Guill\u00e9n Reyes Ya conocemos los temas que dominan la opini\u00f3n p\u00fablica hoy en d\u00eda: si existe o [&hellip;]<\/p>\n","protected":false},"author":1,"featured_media":129366,"comment_status":"open","ping_status":"open","sticky":false,"template":"","format":"standard","meta":{"site-sidebar-layout":"default","site-content-layout":"","ast-site-content-layout":"default","site-content-style":"default","site-sidebar-style":"default","ast-global-header-display":"","ast-banner-title-visibility":"","ast-main-header-display":"","ast-hfb-above-header-display":"","ast-hfb-below-header-display":"","ast-hfb-mobile-header-display":"","site-post-title":"","ast-breadcrumbs-content":"","ast-featured-img":"","footer-sml-layout":"","theme-transparent-header-meta":"","adv-header-id-meta":"","stick-header-meta":"","header-above-stick-meta":"","header-main-stick-meta":"","header-below-stick-meta":"","astra-migrate-meta-layouts":"default","ast-page-background-enabled":"default","ast-page-background-meta":{"desktop":{"background-color":"var(--ast-global-color-4)","background-image":"","background-repeat":"repeat","background-position":"center center","background-size":"auto","background-attachment":"scroll","background-type":"","background-media":"","overlay-type":"","overlay-color":"","overlay-opacity":"","overlay-gradient":""},"tablet":{"background-color":"","background-image":"","background-repeat":"repeat","background-position":"center center","background-size":"auto","background-attachment":"scroll","background-type":"","background-media":"","overlay-type":"","overlay-color":"","overlay-opacity":"","overlay-gradient":""},"mobile":{"background-color":"","background-image":"","background-repeat":"repeat","background-position":"center center","background-size":"auto","background-attachment":"scroll","background-type":"","background-media":"","overlay-type":"","overlay-color":"","overlay-opacity":"","overlay-gradient":""}},"ast-content-background-meta":{"desktop":{"background-color":"var(--ast-global-color-5)","background-image":"","background-repeat":"repeat","background-position":"center center","background-size":"auto","background-attachment":"scroll","background-type":"","background-media":"","overlay-type":"","overlay-color":"","overlay-opacity":"","overlay-gradient":""},"tablet":{"background-color":"var(--ast-global-color-5)","background-image":"","background-repeat":"repeat","background-position":"center center","background-size":"auto","background-attachment":"scroll","background-type":"","background-media":"","overlay-type":"","overlay-color":"","overlay-opacity":"","overlay-gradient":""},"mobile":{"background-color":"var(--ast-global-color-5)","background-image":"","background-repeat":"repeat","background-position":"center center","background-size":"auto","background-attachment":"scroll","background-type":"","background-media":"","overlay-type":"","overlay-color":"","overlay-opacity":"","overlay-gradient":""}},"footnotes":""},"categories":[8,22],"tags":[52679,52678,6222,24543],"class_list":["post-129365","post","type-post","status-publish","format-standard","has-post-thumbnail","hentry","category-noticias","category-opinion-invitada","tag-chapo-guzmanb","tag-la-captura","tag-los-chapitos","tag-ruben-rocha-moya"],"_links":{"self":[{"href":"https:\/\/losperiodistas.com.mx\/portal\/wp-json\/wp\/v2\/posts\/129365","targetHints":{"allow":["GET"]}}],"collection":[{"href":"https:\/\/losperiodistas.com.mx\/portal\/wp-json\/wp\/v2\/posts"}],"about":[{"href":"https:\/\/losperiodistas.com.mx\/portal\/wp-json\/wp\/v2\/types\/post"}],"author":[{"embeddable":true,"href":"https:\/\/losperiodistas.com.mx\/portal\/wp-json\/wp\/v2\/users\/1"}],"replies":[{"embeddable":true,"href":"https:\/\/losperiodistas.com.mx\/portal\/wp-json\/wp\/v2\/comments?post=129365"}],"version-history":[{"count":1,"href":"https:\/\/losperiodistas.com.mx\/portal\/wp-json\/wp\/v2\/posts\/129365\/revisions"}],"predecessor-version":[{"id":129367,"href":"https:\/\/losperiodistas.com.mx\/portal\/wp-json\/wp\/v2\/posts\/129365\/revisions\/129367"}],"wp:featuredmedia":[{"embeddable":true,"href":"https:\/\/losperiodistas.com.mx\/portal\/wp-json\/wp\/v2\/media\/129366"}],"wp:attachment":[{"href":"https:\/\/losperiodistas.com.mx\/portal\/wp-json\/wp\/v2\/media?parent=129365"}],"wp:term":[{"taxonomy":"category","embeddable":true,"href":"https:\/\/losperiodistas.com.mx\/portal\/wp-json\/wp\/v2\/categories?post=129365"},{"taxonomy":"post_tag","embeddable":true,"href":"https:\/\/losperiodistas.com.mx\/portal\/wp-json\/wp\/v2\/tags?post=129365"}],"curies":[{"name":"wp","href":"https:\/\/api.w.org\/{rel}","templated":true}]}}