{"id":129326,"date":"2026-08-26T05:22:08","date_gmt":"2026-08-26T11:22:08","guid":{"rendered":"https:\/\/losperiodistas.com.mx\/portal\/?p=129326"},"modified":"2026-08-26T05:22:09","modified_gmt":"2026-08-26T11:22:09","slug":"dia-internacional-de-la-actriz-y-del-actor-did-3","status":"publish","type":"post","link":"https:\/\/losperiodistas.com.mx\/portal\/dia-internacional-de-la-actriz-y-del-actor-did-3\/","title":{"rendered":"D\u00eda Internacional de la Actriz y del Actor |  DID"},"content":{"rendered":"\n<figure class=\"wp-block-image aligncenter size-full is-resized\"><img fetchpriority=\"high\" decoding=\"async\" width=\"305\" height=\"203\" src=\"https:\/\/losperiodistas.com.mx\/portal\/wp-content\/uploads\/2026\/08\/08-26_dia-internacional-actriz-actor.jpg\" alt=\"\" class=\"wp-image-129327\" style=\"width:427px;height:auto\" srcset=\"https:\/\/losperiodistas.com.mx\/portal\/wp-content\/uploads\/2026\/08\/08-26_dia-internacional-actriz-actor.jpg 305w, https:\/\/losperiodistas.com.mx\/portal\/wp-content\/uploads\/2026\/08\/08-26_dia-internacional-actriz-actor-300x200.jpg 300w\" sizes=\"(max-width: 305px) 100vw, 305px\" \/><\/figure>\n\n\n\n<p class=\"has-vivid-red-color has-text-color has-link-color has-medium-font-size wp-elements-3aa118b0468398fc8c867f42a873ef01\"><strong>REDACCI\u00d3N D\u00cdA INTERNACIONAL DE<\/strong><\/p>\n\n\n\n<p><strong>El 26 de agosto<\/strong>&nbsp;se rinde homenaje a aquellos hombres y mujeres del g\u00e9nero del cine, televisi\u00f3n y teatro que con su talento brindan lo mejor de s\u00ed mismos en el mundo de las artes esc\u00e9nicas.&nbsp;<strong>Se celebra el D\u00eda Internacional de la Actriz y el Actor<\/strong>.<\/p>\n\n\n\n<p>Los actores y actrices transmiten la esencia de los personajes que interpretan con dedicaci\u00f3n y pasi\u00f3n, construyendo espacios para el arte y la reflexi\u00f3n, siendo capaces de transmitir las m\u00e1s profundas emociones.<\/p>\n\n\n\n<p>Es uno de los oficios art\u00edsticos m\u00e1s antiguos de la humanidad. Ser actor o actriz exige preparaci\u00f3n profesional, humildad, pasi\u00f3n y disciplina para ejecutar una interpretaci\u00f3n magistral de los personajes que caracterizan.<\/p>\n\n\n\n<h2 class=\"wp-block-heading\" id=\"resTit_1\">Origen del D\u00eda Mundial del Actor<\/h2>\n\n\n\n<p>Esta efem\u00e9ride se celebra en memoria de&nbsp;<strong><em>San Gin\u00e9s de Roma<\/em><\/strong>, un actor del siglo III considerado un m\u00e1rtir por la iglesia cat\u00f3lica. Ello es debido a que en una de sus representaciones teatrales ante el emperador Diocleciano realiz\u00f3 una parodia acerca del sacramento del bautismo cristiano.<\/p>\n\n\n\n<p>Al recibir el agua bautismal en plena obra teatral se convirti\u00f3 al catolicismo. Los pol\u00edticos de la \u00e9poca lo consideraron una blasfemia, siendo torturado y decapitado. Su imagen se evoca con una m\u00e1scara y un instrumento de cuerdas, como elementos simb\u00f3licos del teatro.<\/p>\n\n\n\n<h2 class=\"wp-block-heading\" id=\"resTit_2\">Actores y actrices famosos de todos los tiempos<\/h2>\n\n\n\n<p>Destacamos los nombres de algunos de los mejores actores y actrices de la historia del cine, que destacan por su gran talento y trayectoria art\u00edstica \u00bfCu\u00e1l es t\u00fa favorito?:<\/p>\n\n\n\n<ul class=\"wp-block-list\">\n<li><em>Al Pacino<\/em>\u00a0(Estados Unidos)<\/li>\n\n\n\n<li><em>Anthony Hopkins<\/em>\u00a0(Reino Unido)<\/li>\n\n\n\n<li><em>Antonio Banderas<\/em>\u00a0(Espa\u00f1a)<\/li>\n\n\n\n<li><em>Audrey Hepburn\u00a0<\/em>(Estados Unidos)<\/li>\n\n\n\n<li><em>Cary Grant<\/em>\u00a0(Estados Unidos)<\/li>\n\n\n\n<li><em>Charles Chaplin\u00a0<\/em>(Estados Unidos)<\/li>\n\n\n\n<li><em>Clark Gable\u00a0<\/em>(Estados Unidos)<\/li>\n\n\n\n<li><em>Clint Eastwood<\/em>\u00a0(Estados Unidos)<\/li>\n\n\n\n<li><em>Denzel Washington<\/em>\u00a0(Estados Unidos)<\/li>\n\n\n\n<li><em>Dustin Hoffman\u00a0<\/em>(Estados Unidos)<\/li>\n\n\n\n<li><em>Helen Mirren\u00a0<\/em>(Reino Unido)<\/li>\n\n\n\n<li><em>Jane Fonda<\/em>\u00a0(Estados Unidos)<\/li>\n\n\n\n<li><em>Javier Bardem<\/em>\u00a0(Espa\u00f1a)<\/li>\n\n\n\n<li><em>Judy Garland<\/em>\u00a0(Estados Unidos)<\/li>\n\n\n\n<li><em>Julia Roberts<\/em>\u00a0(Estados Unidos)<\/li>\n\n\n\n<li><em>Libertad Lamarque<\/em>\u00a0(M\u00e9xico)<\/li>\n\n\n\n<li><em>Mar\u00eda F\u00e9lix\u00a0<\/em>(M\u00e9xico)<\/li>\n\n\n\n<li><em>Pen\u00e9lope Cruz<\/em>\u00a0(Espa\u00f1a)<\/li>\n\n\n\n<li><em>Robert de Niro<\/em>\u00a0(Estados Unidos)<\/li>\n\n\n\n<li><em>Sandra Bullock\u00a0<\/em>(Estados Unidos)<\/li>\n\n\n\n<li><em>Shirley Temple<\/em>\u00a0(Estados Unidos)<\/li>\n<\/ul>\n\n\n\n<h2 class=\"wp-block-heading\" id=\"resTit_3\">Filmograf\u00eda<\/h2>\n\n\n\n<p>A continuaci\u00f3n mencionamos algunos t\u00edtulos de series, documentales y pel\u00edculas biogr\u00e1ficas, para conocer la vida y trayectoria de actores y actrices ic\u00f3nicos:<\/p>\n\n\n\n<ul class=\"wp-block-list\">\n<li><em><strong>Mar\u00eda F\u00e9lix: La Do\u00f1a (M\u00e9xico. Directora: Mar\u00eda Fernanda Su\u00e1rez. A\u00f1o 2022):<\/strong><\/em>\u00a0serie televisiva estrenada en julio de 2022 que muestra la vida y obra de la gran actriz mexicana Mar\u00eda F\u00e9lix, su gran talento, belleza y personalidad arrolladora.<\/li>\n\n\n\n<li><em><strong>Audrey: More Than An Icon (EEUU. Directora: Helena Coan. A\u00f1o 2020):\u00a0<\/strong><\/em>documental que explora la vida personal y profesional de la actriz Audrey Hepburn, as\u00ed como su lado humanitario.<\/li>\n\n\n\n<li><strong><em>Natalie Wood: What Remains Behind (EEUU. Director: Laurent Bouzereau. A\u00f1o 2020):<\/em><\/strong>\u00a0documental que reivindica la vida de la actriz Natalie Wood, el impacto de su trabajo cinematogr\u00e1fico y el misterio que rodea su tr\u00e1gica muerte.<\/li>\n\n\n\n<li><strong><em>Judy (Reino Unido. Director: Rupert Goold. A\u00f1o 2019):\u00a0<\/em><\/strong>largometraje que muestra los \u00faltimos meses de la legendaria actriz Judy Garland antes de su muerte, en el a\u00f1o 1969.<\/li>\n\n\n\n<li><strong><em>Jane Fonda en cinco actos (EEUU. Directora: Susan Lacy. A\u00f1o 2018):\u00a0<\/em><\/strong>documental sobre la vida y obra art\u00edstica de la actriz estadounidense Jane Fonda.<\/li>\n\n\n\n<li><strong><em>En la mente de Robin Williams (EEUU. Directora: Marina Zenovich. A\u00f1o 2018):<\/em><\/strong>\u00a0documental conmovedor sobre la vida \u00edntima, trayectoria art\u00edstica y altibajos del gran actor de Hollywood Robin Williams.<\/li>\n\n\n\n<li><strong><em>Jim &amp; Andy: The Great Beyond (EEUU. Director: Chris Smith. A\u00f1o 2017):\u00a0<\/em><\/strong>documental que muestra el fascinante proceso de preparaci\u00f3n del actor Jim Carrey en el personaje de Andy Kaufman, en la pel\u00edcula Man On The Moon (1999).<\/li>\n\n\n\n<li><strong><em>Marlene Dietrich: Su Propia Canci\u00f3n (Alemania. Director: David Riva. A\u00f1o 2001):\u00a0<\/em><\/strong>documental biogr\u00e1fico sobre la legendaria actriz Marlene Dietrich, mostrando sus grandes logros cinematogr\u00e1ficos as\u00ed como su compromiso en la lucha contra el nazismo.<\/li>\n\n\n\n<li><em><strong>Chaplin (EEUU. Director: Richard Attenborough. A\u00f1o 1992):<\/strong><\/em>\u00a0pel\u00edcula que retrata a una de las figuras m\u00e1s ic\u00f3nicas de la historia del s\u00e9ptimo arte: Charles Chaplin. Muestra su vida personal, trayectoria cinematogr\u00e1fica y su lucha por la defensa de los derechos de las minor\u00edas.<\/li>\n<\/ul>\n\n\n\n<p>Comparte fotos, videos e informaci\u00f3n interesante sobre el&nbsp;<strong>D\u00eda Internacional de la Actriz y el Actor<\/strong>, en las redes sociales. Utiliza los hashtags&nbsp;<em><strong>#D\u00edaInternacionalDelActor #d\u00edainternacionaldelaactriz<\/strong><\/em><\/p>\n\n\n\n<p>Fuente: <a href=\"https:\/\/www.diainternacionalde.com\/ficha\/dia-internacional-actriz-actor\">https:\/\/www.diainternacionalde.com\/ficha\/dia-internacional-actriz-actor<\/a><\/p>\n","protected":false},"excerpt":{"rendered":"<p>REDACCI\u00d3N D\u00cdA INTERNACIONAL DE El 26 de agosto&nbsp;se rinde homenaje a aquellos hombres y mujeres del g\u00e9nero del cine, televisi\u00f3n [&hellip;]<\/p>\n","protected":false},"author":1,"featured_media":129327,"comment_status":"open","ping_status":"open","sticky":false,"template":"","format":"standard","meta":{"site-sidebar-layout":"default","site-content-layout":"","ast-site-content-layout":"default","site-content-style":"default","site-sidebar-style":"default","ast-global-header-display":"","ast-banner-title-visibility":"","ast-main-header-display":"","ast-hfb-above-header-display":"","ast-hfb-below-header-display":"","ast-hfb-mobile-header-display":"","site-post-title":"","ast-breadcrumbs-content":"","ast-featured-img":"","footer-sml-layout":"","theme-transparent-header-meta":"","adv-header-id-meta":"","stick-header-meta":"","header-above-stick-meta":"","header-main-stick-meta":"","header-below-stick-meta":"","astra-migrate-meta-layouts":"default","ast-page-background-enabled":"default","ast-page-background-meta":{"desktop":{"background-color":"var(--ast-global-color-4)","background-image":"","background-repeat":"repeat","background-position":"center center","background-size":"auto","background-attachment":"scroll","background-type":"","background-media":"","overlay-type":"","overlay-color":"","overlay-opacity":"","overlay-gradient":""},"tablet":{"background-color":"","background-image":"","background-repeat":"repeat","background-position":"center center","background-size":"auto","background-attachment":"scroll","background-type":"","background-media":"","overlay-type":"","overlay-color":"","overlay-opacity":"","overlay-gradient":""},"mobile":{"background-color":"","background-image":"","background-repeat":"repeat","background-position":"center center","background-size":"auto","background-attachment":"scroll","background-type":"","background-media":"","overlay-type":"","overlay-color":"","overlay-opacity":"","overlay-gradient":""}},"ast-content-background-meta":{"desktop":{"background-color":"var(--ast-global-color-5)","background-image":"","background-repeat":"repeat","background-position":"center center","background-size":"auto","background-attachment":"scroll","background-type":"","background-media":"","overlay-type":"","overlay-color":"","overlay-opacity":"","overlay-gradient":""},"tablet":{"background-color":"var(--ast-global-color-5)","background-image":"","background-repeat":"repeat","background-position":"center center","background-size":"auto","background-attachment":"scroll","background-type":"","background-media":"","overlay-type":"","overlay-color":"","overlay-opacity":"","overlay-gradient":""},"mobile":{"background-color":"var(--ast-global-color-5)","background-image":"","background-repeat":"repeat","background-position":"center center","background-size":"auto","background-attachment":"scroll","background-type":"","background-media":"","overlay-type":"","overlay-color":"","overlay-opacity":"","overlay-gradient":""}},"footnotes":""},"categories":[8],"tags":[18437,18436,52672],"class_list":["post-129326","post","type-post","status-publish","format-standard","has-post-thumbnail","hentry","category-noticias","tag-diainternacionaldelaactriz","tag-diainternacionaldelactor","tag-dia-internacional-de-la-actriz-y-del-actor"],"_links":{"self":[{"href":"https:\/\/losperiodistas.com.mx\/portal\/wp-json\/wp\/v2\/posts\/129326","targetHints":{"allow":["GET"]}}],"collection":[{"href":"https:\/\/losperiodistas.com.mx\/portal\/wp-json\/wp\/v2\/posts"}],"about":[{"href":"https:\/\/losperiodistas.com.mx\/portal\/wp-json\/wp\/v2\/types\/post"}],"author":[{"embeddable":true,"href":"https:\/\/losperiodistas.com.mx\/portal\/wp-json\/wp\/v2\/users\/1"}],"replies":[{"embeddable":true,"href":"https:\/\/losperiodistas.com.mx\/portal\/wp-json\/wp\/v2\/comments?post=129326"}],"version-history":[{"count":1,"href":"https:\/\/losperiodistas.com.mx\/portal\/wp-json\/wp\/v2\/posts\/129326\/revisions"}],"predecessor-version":[{"id":129328,"href":"https:\/\/losperiodistas.com.mx\/portal\/wp-json\/wp\/v2\/posts\/129326\/revisions\/129328"}],"wp:featuredmedia":[{"embeddable":true,"href":"https:\/\/losperiodistas.com.mx\/portal\/wp-json\/wp\/v2\/media\/129327"}],"wp:attachment":[{"href":"https:\/\/losperiodistas.com.mx\/portal\/wp-json\/wp\/v2\/media?parent=129326"}],"wp:term":[{"taxonomy":"category","embeddable":true,"href":"https:\/\/losperiodistas.com.mx\/portal\/wp-json\/wp\/v2\/categories?post=129326"},{"taxonomy":"post_tag","embeddable":true,"href":"https:\/\/losperiodistas.com.mx\/portal\/wp-json\/wp\/v2\/tags?post=129326"}],"curies":[{"name":"wp","href":"https:\/\/api.w.org\/{rel}","templated":true}]}}