{"id":129317,"date":"2026-08-26T05:03:30","date_gmt":"2026-08-26T11:03:30","guid":{"rendered":"https:\/\/losperiodistas.com.mx\/portal\/?p=129317"},"modified":"2026-08-26T05:03:32","modified_gmt":"2026-08-26T11:03:32","slug":"leon-xiv-pide-a-obispos-y-sacerdotes-custodiar-una-liturgia-que-respete-las-normas-y-resplandezca-por-su-noble-sencillez-infovaticana","status":"publish","type":"post","link":"https:\/\/losperiodistas.com.mx\/portal\/leon-xiv-pide-a-obispos-y-sacerdotes-custodiar-una-liturgia-que-respete-las-normas-y-resplandezca-por-su-noble-sencillez-infovaticana\/","title":{"rendered":"Le\u00f3n XIV pide a obispos y sacerdotes custodiar una liturgia que respete las normas y \u00abresplandezca por su noble sencillez\u00bb | Infovaticana"},"content":{"rendered":"\n<figure class=\"wp-block-image size-large\"><img fetchpriority=\"high\" decoding=\"async\" width=\"1024\" height=\"640\" src=\"https:\/\/losperiodistas.com.mx\/portal\/wp-content\/uploads\/2026\/08\/Leon-XIV-audiencia-general-Vatican-Media-190826_rlohd9-1024x640.jpg\" alt=\"\" class=\"wp-image-129318\" srcset=\"https:\/\/losperiodistas.com.mx\/portal\/wp-content\/uploads\/2026\/08\/Leon-XIV-audiencia-general-Vatican-Media-190826_rlohd9-1024x640.jpg 1024w, https:\/\/losperiodistas.com.mx\/portal\/wp-content\/uploads\/2026\/08\/Leon-XIV-audiencia-general-Vatican-Media-190826_rlohd9-300x188.jpg 300w, https:\/\/losperiodistas.com.mx\/portal\/wp-content\/uploads\/2026\/08\/Leon-XIV-audiencia-general-Vatican-Media-190826_rlohd9-768x480.jpg 768w, https:\/\/losperiodistas.com.mx\/portal\/wp-content\/uploads\/2026\/08\/Leon-XIV-audiencia-general-Vatican-Media-190826_rlohd9-1536x960.jpg 1536w, https:\/\/losperiodistas.com.mx\/portal\/wp-content\/uploads\/2026\/08\/Leon-XIV-audiencia-general-Vatican-Media-190826_rlohd9.jpg 1600w\" sizes=\"(max-width: 1024px) 100vw, 1024px\" \/><\/figure>\n\n\n\n<p class=\"has-vivid-red-color has-text-color has-link-color has-medium-font-size wp-elements-2fbb9e6d80c27f469222d9e594daec62\"><strong>Infovaticana<\/strong><\/p>\n\n\n\n<p class=\"has-drop-cap\">Le\u00f3n XIV ha dedicado la audiencia general de este mi\u00e9rcoles 26 de agosto a las motivaciones de la reforma lit\u00fargica promovida por el Concilio Vaticano II, en la \u00faltima catequesis de su recorrido por la constituci\u00f3n&nbsp;<em>Sacrosanctum Concilium<\/em>. Ante los peregrinos reunidos en la Bas\u00edlica de San Pedro, el Papa afirm\u00f3 que aquella reforma se sit\u00faa \u00aben el surco de la tradici\u00f3n viva de la Iglesia\u00bb y sostuvo que su correcta comprensi\u00f3n permite tambi\u00e9n \u00abrechazar los abusos\u00bb surgidos en algunos sectores durante el periodo posconciliar y que, advirti\u00f3, \u00abpor desgracia todav\u00eda hoy se verifican\u00bb.<\/p>\n\n\n\n<p>El Pont\u00edfice record\u00f3 que corresponde especialmente a obispos y sacerdotes \u00abcustodiar y promover\u00bb una liturgia celebrada conforme a las normas y caracterizada por la \u00abnoble sencillez\u00bb. En los saludos posteriores, Le\u00f3n XIV se uni\u00f3 adem\u00e1s a la renovaci\u00f3n en Cz\u0119stochowa, Polonia, de los Votos de Jasna G\u00f3ra, redactados hace 70 a\u00f1os por el cardenal Stefan Wyszy\u0144ski durante su encarcelamiento, y pidi\u00f3 que su programa de renovaci\u00f3n moral \u2014fundado en la protecci\u00f3n de la vida humana, el cuidado del matrimonio y la familia y la educaci\u00f3n de ni\u00f1os y j\u00f3venes\u2014 siga inspirando a la sociedad.<\/p>\n\n\n\n<h2 class=\"wp-block-heading\">Catequesis completa de Le\u00f3n XIV<\/h2>\n\n\n\n<h3 class=\"wp-block-heading\"><strong>Los documentos del Concilio Vaticano II. II. Constituci\u00f3n&nbsp;<em>Sacrosanctum Concilium<\/em>. 8. Las motivaciones de la reforma lit\u00fargica<\/strong><\/h3>\n\n\n\n<p>Queridos hermanos y hermanas:<\/p>\n\n\n\n<p>En esta \u00faltima catequesis sobre la Constituci\u00f3n&nbsp;<em>Sacrosanctum Concilium<\/em>, deseo detenerme hoy en las razones por las cuales los Padres conciliares quisieron promover una reforma de la liturgia. Es iluminadora, en este sentido, la tercera&nbsp;<em>Carta desde el Concilio<\/em>&nbsp;que el cardenal Giovanni Battista Montini, entonces arzobispo de Mil\u00e1n, envi\u00f3 el 28 de octubre de 1962 a los fieles de su Iglesia. La liturgia \u2014escrib\u00eda\u2014 \u00abes expresi\u00f3n sincera tanto de lo divino como de lo humano. Es lenguaje. Es veh\u00edculo de ense\u00f1anza divina por una parte, es voz de di\u00e1logo con Dios. Est\u00e1 claro que no puede renunciar a su funci\u00f3n did\u00e1ctica y no puede dejar de ofrecer a la fe y a la piedad la posibilidad de expresarse con espont\u00e1nea inteligibilidad\u00bb.<\/p>\n\n\n\n<p>Movido por estas convicciones, el futuro Papa san Pablo VI afirmaba que los fieles \u00abno pueden ni deben permanecer ya mudos y pasivos. Su presencia material no puede concordar con su ausencia espiritual\u00bb.<\/p>\n\n\n\n<p>Es evidente la consonancia de estas declaraciones con las que aparecer\u00e1n en el n. 48 de la Constituci\u00f3n conciliar: \u00abLa Iglesia procura con gran solicitud que los fieles no asistan a este misterio de fe como extra\u00f1os y mudos espectadores, sino que, comprendi\u00e9ndolo bien por medio de los ritos y oraciones, participen consciente, piadosa y activamente en la acci\u00f3n sagrada; sean instruidos por la palabra de Dios; se fortalezcan en la mesa del Cuerpo del Se\u00f1or; den gracias a Dios; aprendan a ofrecerse a s\u00ed mismos al ofrecer la hostia inmaculada no s\u00f3lo por manos del sacerdote, sino juntamente con \u00e9l, y se perfeccionen d\u00eda a d\u00eda, por Cristo Mediador, en la unidad con Dios y entre s\u00ed\u00bb.<\/p>\n\n\n\n<p>En estas palabras se percibe una renovada conciencia del valor de la liturgia. A trav\u00e9s de las acciones rituales de la Iglesia, mientras se realiza el memorial de la obra de la salvaci\u00f3n, se ofrece la posibilidad de vivir la verdadera relaci\u00f3n con Dios, entrando en contacto con el acontecimiento salv\u00edfico. Puesto que los gestos y las palabras de la sagrada liturgia son decisivos para realizar esta experiencia, la participaci\u00f3n de los fieles no puede ser pasiva.<\/p>\n\n\n\n<p>La reforma conciliar, al poner en el centro aquello que constituye el coraz\u00f3n de la experiencia eclesial, quiso hacer resplandecer la liturgia como \u00abla fuente primaria de aquel intercambio divino en el que se nos comunica la vida de Dios\u00bb. De esta convicci\u00f3n naci\u00f3 la exigencia de hacer m\u00e1s accesible a todos los fieles la riqueza de los textos b\u00edblicos y de las oraciones, y de hacer m\u00e1s lineal el orden celebrativo respecto del previsto en los libros lit\u00fargicos entonces vigentes.<\/p>\n\n\n\n<p>La liturgia, en efecto, al ser una realidad viva, siempre ha estado sujeta a desarrollos y cambios a lo largo de los siglos. El Magisterio ha adaptado sus formas a las necesidades de las distintas \u00e9pocas. No sorprende, por tanto, que tambi\u00e9n el Concilio Vaticano II, con el m\u00e1ximo respeto por el patrimonio de la tradici\u00f3n y precisamente con el fin de hacerlo m\u00e1s accesible, considerase necesaria una revisi\u00f3n de los libros lit\u00fargicos.<\/p>\n\n\n\n<p>El objetivo que los Padres ten\u00edan presente est\u00e1 explicitado en el n. 21 de la Constituci\u00f3n&nbsp;<em>Sacrosanctum Concilium<\/em>: \u00abPara que el pueblo cristiano obtenga con mayor seguridad gracias abundantes de la sagrada liturgia, la santa madre Iglesia desea hacer una cuidadosa reforma general de la misma. Porque la liturgia consta de una parte que es inmutable por ser de instituci\u00f3n divina, y de otras partes sujetas a cambio, que en el decurso del tiempo pueden y aun deben variar, si es que en ellas se han introducido elementos que no responden tan bien a la naturaleza \u00edntima de la misma liturgia o han llegado a ser menos apropiados. En esta reforma, los textos y los ritos se han de ordenar de manera que expresen con mayor claridad las cosas santas que significan y, en lo posible, el pueblo cristiano pueda comprenderlas f\u00e1cilmente y participar en ellas por medio de una celebraci\u00f3n plena, activa y comunitaria\u00bb.<\/p>\n\n\n\n<p>Se remonta a la enc\u00edclica&nbsp;<em>Mediator Dei<\/em>&nbsp;del Papa P\u00edo XII la distinci\u00f3n, dentro de la liturgia, entre elementos divinos, inmutables, y elementos humanos, que en cambio \u00abpueden sufrir diversas modificaciones, aprobadas por la sagrada Jerarqu\u00eda asistida por el Esp\u00edritu Santo, seg\u00fan las exigencias de los tiempos, de las cosas y de las almas\u00bb (<em>Acta Apostolicae Sedis<\/em>&nbsp;39, 1947, 541-542).<\/p>\n\n\n\n<p>Por lo dem\u00e1s, el deseo de una \u00abreforma general\u00bb no surg\u00eda de improviso, sino que se hab\u00eda manifestado en la acci\u00f3n de los Papas que se sucedieron desde comienzos del siglo XX, en sinton\u00eda con las instancias del Movimiento lit\u00fargico. La afirmaci\u00f3n de la necesidad de que los fieles no asistieran a las celebraciones \u00abcomo extra\u00f1os o mudos espectadores\u00bb ya hab\u00eda sido retomada por la Constituci\u00f3n apost\u00f3lica&nbsp;<em>Divini Cultus<\/em>&nbsp;del Papa P\u00edo XI.<\/p>\n\n\n\n<p>Adem\u00e1s, pueden recordarse las intervenciones de P\u00edo XII sobre la ordenaci\u00f3n de los ritos de la Semana Santa, que fueron devueltos por \u00e9l a las horas correspondientes a los acontecimientos pascuales, despu\u00e9s de que durante siglos hubieran sido anticipados a las horas de la ma\u00f1ana.<\/p>\n\n\n\n<p>Tampoco debe olvidarse que san Juan XXIII consider\u00f3 necesaria una simplificaci\u00f3n de las r\u00fabricas del Breviario y del Misal, aprob\u00e1ndola con el motu proprio&nbsp;<em>Rubricarum instructum<\/em>, del 25 de julio de 1960, en el cual remit\u00eda al anunciado Concilio Ecum\u00e9nico la propuesta de los principios fundamentales para una reforma de la liturgia.<\/p>\n\n\n\n<p>La reforma lit\u00fargica promovida por el Concilio Vaticano II se sit\u00faa, por tanto, en el surco de la tradici\u00f3n viva de la Iglesia. Su correcta comprensi\u00f3n permite tambi\u00e9n rechazar los abusos que se produjeron en algunos sectores de la Iglesia durante la etapa posconciliar y que, por desgracia, a veces todav\u00eda hoy se verifican, absolutizando o comprendiendo mal algunos de los principios que estaban en la base de la propia reforma.<\/p>\n\n\n\n<p>A este respecto, vale la pena recordar c\u00f3mo la Constituci\u00f3n conciliar afirma que \u00ablas acciones lit\u00fargicas no son acciones privadas, sino celebraciones de la Iglesia, que es \u201csacramento de unidad\u201d, es decir, pueblo santo congregado y ordenado bajo la direcci\u00f3n de los obispos. Por eso pertenecen a todo el cuerpo de la Iglesia, influyen en \u00e9l y lo manifiestan\u00bb (<em>Sacrosanctum Concilium<\/em>, n. 26).<\/p>\n\n\n\n<p>Es, por tanto, responsabilidad primordial de los pastores, de los obispos, pero tambi\u00e9n de cada sacerdote, custodiar y promover una liturgia que, respetando las normas lit\u00fargicas, resplandezca por su noble sencillez (cf. n. 34) y manifieste as\u00ed a la Iglesia una, santa, cat\u00f3lica y apost\u00f3lica.<\/p>\n\n\n\n<p>Una liturgia as\u00ed ser\u00e1 tambi\u00e9n un veh\u00edculo fundamental de evangelizaci\u00f3n, el instrumento de gracia mediante el cual, como ense\u00f1a el Concilio, podremos aprender a ofrecernos a nosotros mismos y, por la mediaci\u00f3n de Cristo, seremos perfeccionados en la unidad con Dios y entre nosotros (cf. n. 48).<\/p>\n\n\n\n<h3 class=\"wp-block-heading\">Saludo a los peregrinos de lengua espa\u00f1ola<\/h3>\n\n\n\n<p>Saludo cordialmente a los peregrinos de lengua espa\u00f1ola. Hoy celebramos la memoria de santa Teresa de Jes\u00fas Jornet e Ibars, religiosa espa\u00f1ola, patrona de la ancianidad. Por su intercesi\u00f3n, pidamos al Se\u00f1or que bendiga a todos los ancianos, as\u00ed como a las personas que los cuidan y acompa\u00f1an. Que Dios los bendiga. Muchas gracias.<\/p>\n\n\n\n<h3 class=\"wp-block-heading\">Le\u00f3n XIV recuerda los Votos de Jasna G\u00f3ra<\/h3>\n\n\n\n<p>Saludo cordialmente a los polacos. Me uno espiritualmente a cuantos se encuentran en Cz\u0119stochowa, donde hoy, despu\u00e9s de 70 a\u00f1os, se renuevan los \u00abVotos de Jasna G\u00f3ra de la Naci\u00f3n Polaca\u00bb, redactados por el cardenal Stefan Wyszy\u0144ski durante su encarcelamiento.<\/p>\n\n\n\n<p>Que el programa de renovaci\u00f3n moral de la sociedad contenido en ellos, a trav\u00e9s de la protecci\u00f3n de la vida humana, el cuidado del matrimonio y de la familia y la educaci\u00f3n de los ni\u00f1os y de los j\u00f3venes, siga inspirando el compromiso por la justicia y la fraternidad. \u00a1A todos mi bendici\u00f3n!<\/p>\n\n\n\n<h3 class=\"wp-block-heading\">Saludo final<\/h3>\n\n\n\n<p>Dirijo mi cordial bienvenida a los peregrinos de lengua italiana. En particular, saludo a los directores diocesanos de las Obras Misionales Pontificias, a los participantes en el encuentro de verano para seminaristas, a los hu\u00e9spedes de la residencia \u00abRegina coelorum\u00bb de Santa Marinella y a los distintos grupos parroquiales.<\/p>\n\n\n\n<p>Saludo asimismo a los confirmados de la di\u00f3cesis de Chiavari, acompa\u00f1ados por su obispo. Queridos j\u00f3venes, con la Confirmaci\u00f3n hab\u00e9is recibido el don m\u00e1s hermoso, el Esp\u00edritu Santo: no es un tesoro que deba mantenerse escondido, sino una luz que deb\u00e9is hacer resplandecer cada d\u00eda.<\/p>\n\n\n\n<p>Mi pensamiento se dirige, finalmente, a los j\u00f3venes, a los enfermos y a los reci\u00e9n casados. Ma\u00f1ana y pasado ma\u00f1ana la liturgia hace memoria de dos grandes santos, santa M\u00f3nica y san Agust\u00edn, unidos en la tierra por v\u00ednculos familiares y en el cielo por el mismo destino de gloria. Que su ejemplo suscite en cada uno una b\u00fasqueda sincera y apasionada de la Verdad evang\u00e9lica, para testimoniarla con alegr\u00eda en la vida cotidiana.<\/p>\n\n\n\n<p>\u00a1A todos mi bendici\u00f3n!<\/p>\n\n\n\n<p>Fuente: <a href=\"https:\/\/infovaticana.com\/2026\/08\/26\/leon-xiv-pide-a-obispos-y-sacerdotes-custodiar-una-liturgia-que-respete-las-normas-y-resplandezca-por-su-noble-sencillez\/\">https:\/\/infovaticana.com\/2026\/08\/26\/leon-xiv-pide-a-obispos-y-sacerdotes-custodiar-una-liturgia-que-respete-las-normas-y-resplandezca-por-su-noble-sencillez\/<\/a><\/p>\n","protected":false},"excerpt":{"rendered":"<p>Infovaticana Le\u00f3n XIV ha dedicado la audiencia general de este mi\u00e9rcoles 26 de agosto a las motivaciones de la reforma [&hellip;]<\/p>\n","protected":false},"author":1,"featured_media":129318,"comment_status":"open","ping_status":"open","sticky":false,"template":"","format":"standard","meta":{"site-sidebar-layout":"default","site-content-layout":"","ast-site-content-layout":"default","site-content-style":"default","site-sidebar-style":"default","ast-global-header-display":"","ast-banner-title-visibility":"","ast-main-header-display":"","ast-hfb-above-header-display":"","ast-hfb-below-header-display":"","ast-hfb-mobile-header-display":"","site-post-title":"","ast-breadcrumbs-content":"","ast-featured-img":"","footer-sml-layout":"","theme-transparent-header-meta":"","adv-header-id-meta":"","stick-header-meta":"","header-above-stick-meta":"","header-main-stick-meta":"","header-below-stick-meta":"","astra-migrate-meta-layouts":"default","ast-page-background-enabled":"default","ast-page-background-meta":{"desktop":{"background-color":"var(--ast-global-color-4)","background-image":"","background-repeat":"repeat","background-position":"center center","background-size":"auto","background-attachment":"scroll","background-type":"","background-media":"","overlay-type":"","overlay-color":"","overlay-opacity":"","overlay-gradient":""},"tablet":{"background-color":"","background-image":"","background-repeat":"repeat","background-position":"center center","background-size":"auto","background-attachment":"scroll","background-type":"","background-media":"","overlay-type":"","overlay-color":"","overlay-opacity":"","overlay-gradient":""},"mobile":{"background-color":"","background-image":"","background-repeat":"repeat","background-position":"center center","background-size":"auto","background-attachment":"scroll","background-type":"","background-media":"","overlay-type":"","overlay-color":"","overlay-opacity":"","overlay-gradient":""}},"ast-content-background-meta":{"desktop":{"background-color":"var(--ast-global-color-5)","background-image":"","background-repeat":"repeat","background-position":"center center","background-size":"auto","background-attachment":"scroll","background-type":"","background-media":"","overlay-type":"","overlay-color":"","overlay-opacity":"","overlay-gradient":""},"tablet":{"background-color":"var(--ast-global-color-5)","background-image":"","background-repeat":"repeat","background-position":"center center","background-size":"auto","background-attachment":"scroll","background-type":"","background-media":"","overlay-type":"","overlay-color":"","overlay-opacity":"","overlay-gradient":""},"mobile":{"background-color":"var(--ast-global-color-5)","background-image":"","background-repeat":"repeat","background-position":"center center","background-size":"auto","background-attachment":"scroll","background-type":"","background-media":"","overlay-type":"","overlay-color":"","overlay-opacity":"","overlay-gradient":""}},"footnotes":""},"categories":[8],"tags":[52664,52665,44346],"class_list":["post-129317","post","type-post","status-publish","format-standard","has-post-thumbnail","hentry","category-noticias","tag-catequesis-leon-xiv","tag-papa-pide-a-sacerdotes-custodiar-la-liturgia","tag-sacrosanctum-concilium"],"_links":{"self":[{"href":"https:\/\/losperiodistas.com.mx\/portal\/wp-json\/wp\/v2\/posts\/129317","targetHints":{"allow":["GET"]}}],"collection":[{"href":"https:\/\/losperiodistas.com.mx\/portal\/wp-json\/wp\/v2\/posts"}],"about":[{"href":"https:\/\/losperiodistas.com.mx\/portal\/wp-json\/wp\/v2\/types\/post"}],"author":[{"embeddable":true,"href":"https:\/\/losperiodistas.com.mx\/portal\/wp-json\/wp\/v2\/users\/1"}],"replies":[{"embeddable":true,"href":"https:\/\/losperiodistas.com.mx\/portal\/wp-json\/wp\/v2\/comments?post=129317"}],"version-history":[{"count":1,"href":"https:\/\/losperiodistas.com.mx\/portal\/wp-json\/wp\/v2\/posts\/129317\/revisions"}],"predecessor-version":[{"id":129319,"href":"https:\/\/losperiodistas.com.mx\/portal\/wp-json\/wp\/v2\/posts\/129317\/revisions\/129319"}],"wp:featuredmedia":[{"embeddable":true,"href":"https:\/\/losperiodistas.com.mx\/portal\/wp-json\/wp\/v2\/media\/129318"}],"wp:attachment":[{"href":"https:\/\/losperiodistas.com.mx\/portal\/wp-json\/wp\/v2\/media?parent=129317"}],"wp:term":[{"taxonomy":"category","embeddable":true,"href":"https:\/\/losperiodistas.com.mx\/portal\/wp-json\/wp\/v2\/categories?post=129317"},{"taxonomy":"post_tag","embeddable":true,"href":"https:\/\/losperiodistas.com.mx\/portal\/wp-json\/wp\/v2\/tags?post=129317"}],"curies":[{"name":"wp","href":"https:\/\/api.w.org\/{rel}","templated":true}]}}