{"id":129314,"date":"2026-08-26T04:59:20","date_gmt":"2026-08-26T10:59:20","guid":{"rendered":"https:\/\/losperiodistas.com.mx\/portal\/?p=129314"},"modified":"2026-08-26T04:59:22","modified_gmt":"2026-08-26T10:59:22","slug":"en-el-camino-representara-a-mexico-en-los-premios-oscar-y-moscas-en-los-goya-forbes","status":"publish","type":"post","link":"https:\/\/losperiodistas.com.mx\/portal\/en-el-camino-representara-a-mexico-en-los-premios-oscar-y-moscas-en-los-goya-forbes\/","title":{"rendered":"\u2018En el camino\u2019 representar\u00e1 a M\u00e9xico en los Premios \u00d3scar y \u2018Moscas\u2019 en los Goya | Forbes"},"content":{"rendered":"\n<p class=\"has-medium-font-size\">Ambos largometrajes contaron con un exitoso recorrido en festivales internacionales.<\/p>\n\n\n\n<figure class=\"wp-block-image size-large\"><img fetchpriority=\"high\" decoding=\"async\" width=\"1024\" height=\"576\" src=\"https:\/\/losperiodistas.com.mx\/portal\/wp-content\/uploads\/2026\/08\/En-el-camino-1024x576.jpeg\" alt=\"\" class=\"wp-image-129315\" srcset=\"https:\/\/losperiodistas.com.mx\/portal\/wp-content\/uploads\/2026\/08\/En-el-camino-1024x576.jpeg 1024w, https:\/\/losperiodistas.com.mx\/portal\/wp-content\/uploads\/2026\/08\/En-el-camino-300x169.jpeg 300w, https:\/\/losperiodistas.com.mx\/portal\/wp-content\/uploads\/2026\/08\/En-el-camino-768x432.jpeg 768w, https:\/\/losperiodistas.com.mx\/portal\/wp-content\/uploads\/2026\/08\/En-el-camino.jpeg 1280w\" sizes=\"(max-width: 1024px) 100vw, 1024px\" \/><figcaption class=\"wp-element-caption\"><em>Foto recuperada de: https:\/\/x.com\/AcademiaCineMx<\/em><\/figcaption><\/figure>\n\n\n\n<p class=\"has-vivid-red-color has-text-color has-link-color has-medium-font-size wp-elements-4639eee19d1ca0400f6578db74fffeb3\"><strong>Forbes M\u00e9xico Staff<\/strong><\/p>\n\n\n\n<p>\u2018En el camino\u2019 del director David Pablos, fue seleccionada por la Academia Mexicana de Artes y Ciencias Cinematogr\u00e1ficas (AMACC) para representar a M\u00e9xico en la pr\u00f3xima edici\u00f3n de los Premios \u00d3scar, mientras que \u2018Moscas\u2019, del cineasta Fernando Eimbcke, lo har\u00e1 en los Goya 2027.<\/p>\n\n\n\n<p>La decisi\u00f3n anunciada este martes por la AMACC permite al largometraje dirigido por Pablos (Tijuana, 1983) competir formalmente por la estatuilla dorada en la categor\u00eda de Mejor Pel\u00edcula Internacional, cuya distinci\u00f3n el a\u00f1o pasado fue para la cinta noruega \u2018Sentimental Value\u2019.<\/p>\n\n\n\n<p>Mientras que \u2018Moscas\u2019 es la elegida para competir por el premio a Mejor Pel\u00edcula Iberoamericana en los Goya.<\/p>\n\n\n\n<p><strong><em>Tambi\u00e9n lee:&nbsp;<a href=\"https:\/\/forbes.com.mx\/paramount-preparara-regreso-de-como-perder-a-un-hombre-en-10-dias-con-kate-hudson\/\">Paramount preparara regreso de C\u00f3mo perder a un hombre en 10 d\u00edas\u2019 con Kate Hudson<\/a><\/em><\/strong><\/p>\n\n\n\n<p>Ambos largometrajes contaron con un exitoso recorrido en festivales internacionales. \u2018En el camino\u2019 se estren\u00f3 en 2025 en el Festival Internacional de Venecia, donde obtuvo el premio a Mejor Pel\u00edcula en la secci\u00f3n Horizontes (Orizzonti), dedicada a las nuevas vanguardias, y se alz\u00f3 con el Queer Lion Award.<\/p>\n\n\n\n<p>Actualmente el filme protagonizado por V\u00edctor Prieto (Veneno) y Osvaldo S\u00e1nchez (Mu\u00f1eco) lidera las nominaciones de los Premios Ariel en sus principales categor\u00edas, entre ellas Mejor Pel\u00edcula, Mejor Direcci\u00f3n, Mejor Actor, Mejor Guion original, entre otras.<\/p>\n\n\n\n<p>La c\u00e1mara de Pablos se enfoca en visibilizar historias diversas, especialmente las realidades de la comunidad LGTBI, as\u00ed lo hizo con \u2018El baile de los 41\u2019 (2020) y lo contin\u00faa con \u2018En el camino\u2019, que retrata la historia de un joven homosexual que viaja en las duras rutas carreteras en la frontera de M\u00e9xico.<\/p>\n\n\n\n<p>Al director le tom\u00f3 diez a\u00f1os llegar a rodar esta pel\u00edcula que se nutri\u00f3 de investigaciones como \u2018Los hijos del camino\u2019 y entrevistas a camioneros que se enfrentan a un mundo heteronormado, donde la homosexualidad sigue siendo juzgada y castigada.<\/p>\n\n\n\n<p>\u2018Moscas\u2019 tuvo su estreno internacional en la Berlinale 2026, certamen en el que compiti\u00f3 por el Oso de Oro junto a otros 22 t\u00edtulos y se llev\u00f3 el Premio del Jurado Ecum\u00e9nico en la secci\u00f3n Panorama.<\/p>\n\n\n\n<p>Eimbcke (Ciudad de M\u00e9xico, 1970) vuelve al blanco y negro, su destacado estilo iniciado en el rodaje de \u2018Temporada de patos\u2019 (2004), con este largometraje grabado en Ciudad de M\u00e9xico que rescata los elementos m\u00e1s cotidianos al atravesar la enfermedad y el duelo, ambos vistos desde la mirada del peque\u00f1o Cristian, interpretado por Bastian Escobar.<\/p>\n\n\n\n<p>La pel\u00edcula de Eimbcke podr\u00eda competir en la edici\u00f3n 41 de los premios Goya a inicios de febrero en Espa\u00f1a, mientras que en \u2018En el camino\u2019 tendr\u00e1 su oportunidad en la versi\u00f3n 99 de los \u00d3scar el pr\u00f3ximo 14 de marzo de 2027.<\/p>\n\n\n\n<p><em>Con informaci\u00f3n de EFE<\/em><\/p>\n\n\n\n<p>Fuente: <a href=\"https:\/\/forbes.com.mx\/en-el-camino-representara-a-mexico-en-los-premios-oscar-y-moscas-en-los-goya\/\">https:\/\/forbes.com.mx\/en-el-camino-representara-a-mexico-en-los-premios-oscar-y-moscas-en-los-goya\/<\/a><\/p>\n\n\n\n<p><\/p>\n","protected":false},"excerpt":{"rendered":"<p>Ambos largometrajes contaron con un exitoso recorrido en festivales internacionales. Forbes M\u00e9xico Staff \u2018En el camino\u2019 del director David Pablos, [&hellip;]<\/p>\n","protected":false},"author":1,"featured_media":129315,"comment_status":"open","ping_status":"open","sticky":false,"template":"","format":"standard","meta":{"site-sidebar-layout":"default","site-content-layout":"","ast-site-content-layout":"default","site-content-style":"default","site-sidebar-style":"default","ast-global-header-display":"","ast-banner-title-visibility":"","ast-main-header-display":"","ast-hfb-above-header-display":"","ast-hfb-below-header-display":"","ast-hfb-mobile-header-display":"","site-post-title":"","ast-breadcrumbs-content":"","ast-featured-img":"","footer-sml-layout":"","theme-transparent-header-meta":"","adv-header-id-meta":"","stick-header-meta":"","header-above-stick-meta":"","header-main-stick-meta":"","header-below-stick-meta":"","astra-migrate-meta-layouts":"default","ast-page-background-enabled":"default","ast-page-background-meta":{"desktop":{"background-color":"var(--ast-global-color-4)","background-image":"","background-repeat":"repeat","background-position":"center center","background-size":"auto","background-attachment":"scroll","background-type":"","background-media":"","overlay-type":"","overlay-color":"","overlay-opacity":"","overlay-gradient":""},"tablet":{"background-color":"","background-image":"","background-repeat":"repeat","background-position":"center center","background-size":"auto","background-attachment":"scroll","background-type":"","background-media":"","overlay-type":"","overlay-color":"","overlay-opacity":"","overlay-gradient":""},"mobile":{"background-color":"","background-image":"","background-repeat":"repeat","background-position":"center center","background-size":"auto","background-attachment":"scroll","background-type":"","background-media":"","overlay-type":"","overlay-color":"","overlay-opacity":"","overlay-gradient":""}},"ast-content-background-meta":{"desktop":{"background-color":"var(--ast-global-color-5)","background-image":"","background-repeat":"repeat","background-position":"center center","background-size":"auto","background-attachment":"scroll","background-type":"","background-media":"","overlay-type":"","overlay-color":"","overlay-opacity":"","overlay-gradient":""},"tablet":{"background-color":"var(--ast-global-color-5)","background-image":"","background-repeat":"repeat","background-position":"center center","background-size":"auto","background-attachment":"scroll","background-type":"","background-media":"","overlay-type":"","overlay-color":"","overlay-opacity":"","overlay-gradient":""},"mobile":{"background-color":"var(--ast-global-color-5)","background-image":"","background-repeat":"repeat","background-position":"center center","background-size":"auto","background-attachment":"scroll","background-type":"","background-media":"","overlay-type":"","overlay-color":"","overlay-opacity":"","overlay-gradient":""}},"footnotes":""},"categories":[8],"tags":[42041,52659,52663,46397,52660,52661,52662,10169],"class_list":["post-129314","post","type-post","status-publish","format-standard","has-post-thumbnail","hentry","category-noticias","tag-academia-mexicana-de-artes-y-ciencias-cinematograficas","tag-amacc","tag-david-pablos","tag-fernando-eimbcke","tag-largometraje-en-el-camino","tag-largometraje-moscas","tag-premios-goya-2027","tag-premios-oscar"],"_links":{"self":[{"href":"https:\/\/losperiodistas.com.mx\/portal\/wp-json\/wp\/v2\/posts\/129314","targetHints":{"allow":["GET"]}}],"collection":[{"href":"https:\/\/losperiodistas.com.mx\/portal\/wp-json\/wp\/v2\/posts"}],"about":[{"href":"https:\/\/losperiodistas.com.mx\/portal\/wp-json\/wp\/v2\/types\/post"}],"author":[{"embeddable":true,"href":"https:\/\/losperiodistas.com.mx\/portal\/wp-json\/wp\/v2\/users\/1"}],"replies":[{"embeddable":true,"href":"https:\/\/losperiodistas.com.mx\/portal\/wp-json\/wp\/v2\/comments?post=129314"}],"version-history":[{"count":1,"href":"https:\/\/losperiodistas.com.mx\/portal\/wp-json\/wp\/v2\/posts\/129314\/revisions"}],"predecessor-version":[{"id":129316,"href":"https:\/\/losperiodistas.com.mx\/portal\/wp-json\/wp\/v2\/posts\/129314\/revisions\/129316"}],"wp:featuredmedia":[{"embeddable":true,"href":"https:\/\/losperiodistas.com.mx\/portal\/wp-json\/wp\/v2\/media\/129315"}],"wp:attachment":[{"href":"https:\/\/losperiodistas.com.mx\/portal\/wp-json\/wp\/v2\/media?parent=129314"}],"wp:term":[{"taxonomy":"category","embeddable":true,"href":"https:\/\/losperiodistas.com.mx\/portal\/wp-json\/wp\/v2\/categories?post=129314"},{"taxonomy":"post_tag","embeddable":true,"href":"https:\/\/losperiodistas.com.mx\/portal\/wp-json\/wp\/v2\/tags?post=129314"}],"curies":[{"name":"wp","href":"https:\/\/api.w.org\/{rel}","templated":true}]}}