{"id":129297,"date":"2026-08-25T22:09:38","date_gmt":"2026-08-26T04:09:38","guid":{"rendered":"https:\/\/losperiodistas.com.mx\/portal\/?p=129297"},"modified":"2026-08-25T22:09:40","modified_gmt":"2026-08-26T04:09:40","slug":"el-club-puebla-despide-a-cm-por-burla-de-aleco-irarragorri-record","status":"publish","type":"post","link":"https:\/\/losperiodistas.com.mx\/portal\/el-club-puebla-despide-a-cm-por-burla-de-aleco-irarragorri-record\/","title":{"rendered":"El Club Puebla despide a CM por burla de &#8216;Aleco&#8217; Irarragorri | R\u00e9cord"},"content":{"rendered":"\n<p>El Community Manager de La Franja perdi\u00f3 su trabajo por un pol\u00e9mico video en redes sociales<\/p>\n\n\n\n<figure class=\"wp-block-image size-large\"><img fetchpriority=\"high\" decoding=\"async\" width=\"1024\" height=\"576\" src=\"https:\/\/losperiodistas.com.mx\/portal\/wp-content\/uploads\/2026\/08\/EscudoPuebla-1024x576.png\" alt=\"\" class=\"wp-image-129298\" srcset=\"https:\/\/losperiodistas.com.mx\/portal\/wp-content\/uploads\/2026\/08\/EscudoPuebla-1024x576.png 1024w, https:\/\/losperiodistas.com.mx\/portal\/wp-content\/uploads\/2026\/08\/EscudoPuebla-300x169.png 300w, https:\/\/losperiodistas.com.mx\/portal\/wp-content\/uploads\/2026\/08\/EscudoPuebla-768x432.png 768w, https:\/\/losperiodistas.com.mx\/portal\/wp-content\/uploads\/2026\/08\/EscudoPuebla.png 1440w\" sizes=\"(max-width: 1024px) 100vw, 1024px\" \/><figcaption class=\"wp-element-caption\">Puebla escudo | IMAGO7<\/figcaption><\/figure>\n\n\n\n<p class=\"has-vivid-red-color has-text-color has-link-color wp-elements-435f2ffa6c5a1ea09f0ab338003d2a83\">Redacci\u00f3n \/ R\u00e9cord<\/p>\n\n\n\n<p><strong>Puebla <\/strong>termin\u00f3 por despedir a un trabajador del equipo luego de la burla indirecta a <strong>Alejandro &#8216;Aleco&#8217; Irarragorri Kalb<\/strong>, presidente de Santos Laguna e hijo del due\u00f1o, Alejandro Irarragorri, report\u00f3 el programa poblano Desde la Grada.<\/p>\n\n\n\n<p>\u200bEn el programa Desde la Grada informaron que el dise\u00f1ador del club \u2014quien no tuvo relaci\u00f3n directa con el tema, pues no public\u00f3 el posteo\u2014 fue despedido de la instituci\u00f3n.<\/p>\n\n\n\n<p><strong>\u200b\u00bbH\u00e9ctor Maca Dom\u00ednguez est\u00e1 fuera del club\u00bb,<\/strong> expuso N\u00fa\u00f1ez, quien explic\u00f3 que se desempe\u00f1aba como dise\u00f1ador de La Franja. Seg\u00fan el periodista, el trabajador ten\u00eda nueve a\u00f1os en el conjunto poblano y fue despedido de forma \u00abcobarde\u00bb tras casi una d\u00e9cada en la empresa.<\/p>\n\n\n\n<figure class=\"wp-block-image size-full\"><img decoding=\"async\" width=\"800\" height=\"430\" src=\"https:\/\/losperiodistas.com.mx\/portal\/wp-content\/uploads\/2026\/08\/imagen-97.png\" alt=\"\" class=\"wp-image-129299\" srcset=\"https:\/\/losperiodistas.com.mx\/portal\/wp-content\/uploads\/2026\/08\/imagen-97.png 800w, https:\/\/losperiodistas.com.mx\/portal\/wp-content\/uploads\/2026\/08\/imagen-97-300x161.png 300w, https:\/\/losperiodistas.com.mx\/portal\/wp-content\/uploads\/2026\/08\/imagen-97-768x413.png 768w\" sizes=\"(max-width: 800px) 100vw, 800px\" \/><figcaption class=\"wp-element-caption\">\u00abAleco\u00bb Irarragorri, presidente de Santos Laguna | IMAGO7<\/figcaption><\/figure>\n\n\n\n<h2 class=\"wp-block-heading\"><strong>Puebla anuncia medidas internas tras la pol\u00e9mica<\/strong><\/h2>\n\n\n\n<p>Este lunes 24 de agosto, La Franja emiti\u00f3 un comunicado dirigido a la opini\u00f3n p\u00fablica en el que ofreci\u00f3 <strong>\u00abuna sincera disculpa al Club Santos Laguna y su Directiva\u00bb<\/strong> por el contenido publicado. El club poblano enfatiz\u00f3 que dicho material <strong>\u00abno representa los valores de respeto y deportividad\u00bb <\/strong>que caracterizan a la instituci\u00f3n.<\/p>\n\n\n\n<p>Puebla confirm\u00f3 adem\u00e1s que las publicaciones involucradas fueron eliminadas y se\u00f1al\u00f3 que<strong> \u00abya se aplican medidas internas para evitar que se repita\u00bb<\/strong>, sin especificar cu\u00e1les fueron las decisiones tomadas ni qui\u00e9nes resultaron responsables de la publicaci\u00f3n del contenido en sus redes sociales.<\/p>\n\n\n\n<p>Finalmente, el conjunto poblano reiter\u00f3 su compromiso con el respeto entre las instituciones del futbol mexicano y asegur\u00f3 que <strong>buscar\u00e1 impedir que este tipo de episodios vuelvan a ocurrir<\/strong>. Con ello, La Franja intent\u00f3 cerrar una pol\u00e9mica que trascendi\u00f3 lo sucedido dentro de la cancha y que puso bajo los reflectores el manejo de sus plataformas digitales.<\/p>\n\n\n\n<figure class=\"wp-block-embed is-type-rich is-provider-x wp-block-embed-x\"><div class=\"wp-block-embed__wrapper\">\n<blockquote class=\"twitter-tweet\" data-width=\"500\" data-dnt=\"true\"><p lang=\"es\" dir=\"ltr\">Club Puebla informa: <a href=\"https:\/\/t.co\/iThydupNIC\">pic.twitter.com\/iThydupNIC<\/a><\/p>&mdash; Club Puebla\ud83c\udfbd (@ClubPueblaMX) <a href=\"https:\/\/x.com\/ClubPueblaMX\/status\/2092013404575662227?ref_src=twsrc%5Etfw\">August 24, 2026<\/a><\/blockquote><script async src=\"https:\/\/platform.x.com\/widgets.js\" charset=\"utf-8\"><\/script>\n<\/div><\/figure>\n\n\n\n<h2 class=\"wp-block-heading\">\u00bfCU\u00c1L FUE LA BURLA?<\/h2>\n\n\n\n<p>En d\u00edas pasados en redes sociales comenz\u00f3 a volverse viral un video en el que Alejandro Irarragorri Kalb, presidente de Santos Laguna, cantaba la canci\u00f3n titulada \u00abColor Esperanza\u00bb haciendo referencia a la situaci\u00f3n del club.<\/p>\n\n\n\n<p>Este video comenz\u00f3 a volverse un \u00abmeme\u00bb en X y el Community Manager de La Franja utiliz\u00f3 la tendencia para, tras vencer a los Guerreros, utilizar precisamente esa canci\u00f3n para musicalizar una recopilaci\u00f3n de los goles del triunfo poblano.<\/p>\n\n\n\n<figure class=\"wp-block-image size-full\"><img decoding=\"async\" width=\"960\" height=\"540\" src=\"https:\/\/losperiodistas.com.mx\/portal\/wp-content\/uploads\/2026\/08\/imagen-98.png\" alt=\"\" class=\"wp-image-129300\" srcset=\"https:\/\/losperiodistas.com.mx\/portal\/wp-content\/uploads\/2026\/08\/imagen-98.png 960w, https:\/\/losperiodistas.com.mx\/portal\/wp-content\/uploads\/2026\/08\/imagen-98-300x169.png 300w, https:\/\/losperiodistas.com.mx\/portal\/wp-content\/uploads\/2026\/08\/imagen-98-768x432.png 768w\" sizes=\"(max-width: 960px) 100vw, 960px\" \/><\/figure>\n\n\n\n<p>Fuente: <a href=\"https:\/\/www.record.com.mx\/historia\/puebla-despide-a-empleado-que-se-burlo-de-aleco-irarragorri-2026082522175242102#google_vignette\" target=\"_blank\" rel=\"noreferrer noopener\">R\u00e9cord<\/a><\/p>\n\n\n\n<p><\/p>\n","protected":false},"excerpt":{"rendered":"<p>El Community Manager de La Franja perdi\u00f3 su trabajo por un pol\u00e9mico video en redes sociales<\/p>\n","protected":false},"author":1,"featured_media":129298,"comment_status":"open","ping_status":"open","sticky":false,"template":"","format":"standard","meta":{"site-sidebar-layout":"default","site-content-layout":"","ast-site-content-layout":"default","site-content-style":"default","site-sidebar-style":"default","ast-global-header-display":"","ast-banner-title-visibility":"","ast-main-header-display":"","ast-hfb-above-header-display":"","ast-hfb-below-header-display":"","ast-hfb-mobile-header-display":"","site-post-title":"","ast-breadcrumbs-content":"","ast-featured-img":"","footer-sml-layout":"","theme-transparent-header-meta":"","adv-header-id-meta":"","stick-header-meta":"","header-above-stick-meta":"","header-main-stick-meta":"","header-below-stick-meta":"","astra-migrate-meta-layouts":"default","ast-page-background-enabled":"default","ast-page-background-meta":{"desktop":{"background-color":"var(--ast-global-color-4)","background-image":"","background-repeat":"repeat","background-position":"center center","background-size":"auto","background-attachment":"scroll","background-type":"","background-media":"","overlay-type":"","overlay-color":"","overlay-opacity":"","overlay-gradient":""},"tablet":{"background-color":"","background-image":"","background-repeat":"repeat","background-position":"center center","background-size":"auto","background-attachment":"scroll","background-type":"","background-media":"","overlay-type":"","overlay-color":"","overlay-opacity":"","overlay-gradient":""},"mobile":{"background-color":"","background-image":"","background-repeat":"repeat","background-position":"center center","background-size":"auto","background-attachment":"scroll","background-type":"","background-media":"","overlay-type":"","overlay-color":"","overlay-opacity":"","overlay-gradient":""}},"ast-content-background-meta":{"desktop":{"background-color":"var(--ast-global-color-5)","background-image":"","background-repeat":"repeat","background-position":"center center","background-size":"auto","background-attachment":"scroll","background-type":"","background-media":"","overlay-type":"","overlay-color":"","overlay-opacity":"","overlay-gradient":""},"tablet":{"background-color":"var(--ast-global-color-5)","background-image":"","background-repeat":"repeat","background-position":"center center","background-size":"auto","background-attachment":"scroll","background-type":"","background-media":"","overlay-type":"","overlay-color":"","overlay-opacity":"","overlay-gradient":""},"mobile":{"background-color":"var(--ast-global-color-5)","background-image":"","background-repeat":"repeat","background-position":"center center","background-size":"auto","background-attachment":"scroll","background-type":"","background-media":"","overlay-type":"","overlay-color":"","overlay-opacity":"","overlay-gradient":""}},"footnotes":""},"categories":[8],"tags":[52648,52649],"class_list":["post-129297","post","type-post","status-publish","format-standard","has-post-thumbnail","hentry","category-noticias","tag-alejandro-aleco-irarragorri","tag-santos-laguna"],"_links":{"self":[{"href":"https:\/\/losperiodistas.com.mx\/portal\/wp-json\/wp\/v2\/posts\/129297","targetHints":{"allow":["GET"]}}],"collection":[{"href":"https:\/\/losperiodistas.com.mx\/portal\/wp-json\/wp\/v2\/posts"}],"about":[{"href":"https:\/\/losperiodistas.com.mx\/portal\/wp-json\/wp\/v2\/types\/post"}],"author":[{"embeddable":true,"href":"https:\/\/losperiodistas.com.mx\/portal\/wp-json\/wp\/v2\/users\/1"}],"replies":[{"embeddable":true,"href":"https:\/\/losperiodistas.com.mx\/portal\/wp-json\/wp\/v2\/comments?post=129297"}],"version-history":[{"count":1,"href":"https:\/\/losperiodistas.com.mx\/portal\/wp-json\/wp\/v2\/posts\/129297\/revisions"}],"predecessor-version":[{"id":129301,"href":"https:\/\/losperiodistas.com.mx\/portal\/wp-json\/wp\/v2\/posts\/129297\/revisions\/129301"}],"wp:featuredmedia":[{"embeddable":true,"href":"https:\/\/losperiodistas.com.mx\/portal\/wp-json\/wp\/v2\/media\/129298"}],"wp:attachment":[{"href":"https:\/\/losperiodistas.com.mx\/portal\/wp-json\/wp\/v2\/media?parent=129297"}],"wp:term":[{"taxonomy":"category","embeddable":true,"href":"https:\/\/losperiodistas.com.mx\/portal\/wp-json\/wp\/v2\/categories?post=129297"},{"taxonomy":"post_tag","embeddable":true,"href":"https:\/\/losperiodistas.com.mx\/portal\/wp-json\/wp\/v2\/tags?post=129297"}],"curies":[{"name":"wp","href":"https:\/\/api.w.org\/{rel}","templated":true}]}}