{"id":129293,"date":"2026-08-25T21:41:27","date_gmt":"2026-08-26T03:41:27","guid":{"rendered":"https:\/\/losperiodistas.com.mx\/portal\/?p=129293"},"modified":"2026-08-25T21:41:28","modified_gmt":"2026-08-26T03:41:28","slug":"sam-smith-se-enamora-de-la-cdmx-y-disfruta-de-tacos-al-pastor-con-todo-y-resena-el-universal","status":"publish","type":"post","link":"https:\/\/losperiodistas.com.mx\/portal\/sam-smith-se-enamora-de-la-cdmx-y-disfruta-de-tacos-al-pastor-con-todo-y-resena-el-universal\/","title":{"rendered":"Sam Smith se enamora de la CDMX y disfruta de tacos al pastor con todo y rese\u00f1a | El Universal"},"content":{"rendered":"\n<p>El cantante brit\u00e1nico presume su faceta como cr\u00edtico gastron\u00f3mico en redes sociales durante su visita a la capital mexicana<\/p>\n\n\n\n<figure class=\"wp-block-image size-large\"><img fetchpriority=\"high\" decoding=\"async\" width=\"1024\" height=\"631\" src=\"https:\/\/losperiodistas.com.mx\/portal\/wp-content\/uploads\/2026\/08\/SamSmith-1024x631.png\" alt=\"\" class=\"wp-image-129294\" srcset=\"https:\/\/losperiodistas.com.mx\/portal\/wp-content\/uploads\/2026\/08\/SamSmith-1024x631.png 1024w, https:\/\/losperiodistas.com.mx\/portal\/wp-content\/uploads\/2026\/08\/SamSmith-300x185.png 300w, https:\/\/losperiodistas.com.mx\/portal\/wp-content\/uploads\/2026\/08\/SamSmith-768x473.png 768w, https:\/\/losperiodistas.com.mx\/portal\/wp-content\/uploads\/2026\/08\/SamSmith.png 1351w\" sizes=\"(max-width: 1024px) 100vw, 1024px\" \/><figcaption class=\"wp-element-caption\">Foto: captura de pantalla en redes sociales.<\/figcaption><\/figure>\n\n\n\n<p class=\"has-vivid-red-color has-text-color has-link-color wp-elements-a9f14b7181aab96aaceeef9e711de1b4\">Andrea Oliva \/ El Universal<\/p>\n\n\n\n<p>Durante su estancia en la capital mexicana por su serie de conciertos en el <strong>Auditorio Nacional,<\/strong> el cantante brit\u00e1nico <strong>Sam Smith<\/strong> capt\u00f3 la atenci\u00f3n en redes sociales al compartir una experiencia <strong>gastron\u00f3mica <\/strong>en la colonia Roma (\u00c1lvaro Obreg\u00f3n 100).<\/p>\n\n\n\n<p>A trav\u00e9s de su perfil secundario en <strong>redes sociales <\/strong>(sam.served o \u00abHam Smith\u00bb), dedicado a explorar platillos en distintos pa\u00edses, el int\u00e9rprete document\u00f3 su visita a una sucursal de <strong>Taquer\u00eda Orinoco.<\/strong><\/p>\n\n\n\n<figure class=\"wp-block-image size-full\"><img decoding=\"async\" width=\"1006\" height=\"620\" src=\"https:\/\/losperiodistas.com.mx\/portal\/wp-content\/uploads\/2026\/08\/imagen-96.png\" alt=\"\" class=\"wp-image-129295\" srcset=\"https:\/\/losperiodistas.com.mx\/portal\/wp-content\/uploads\/2026\/08\/imagen-96.png 1006w, https:\/\/losperiodistas.com.mx\/portal\/wp-content\/uploads\/2026\/08\/imagen-96-300x185.png 300w, https:\/\/losperiodistas.com.mx\/portal\/wp-content\/uploads\/2026\/08\/imagen-96-768x473.png 768w\" sizes=\"(max-width: 1006px) 100vw, 1006px\" \/><figcaption class=\"wp-element-caption\">Foto: captura de pantalla en redes sociales.<\/figcaption><\/figure>\n\n\n\n<h2 class=\"wp-block-heading\"><strong>De Tlaquepaque a la colonia Roma: la ruta culinaria de Sam Smith<\/strong><\/h2>\n\n\n\n<p>Antes de llegar al centro del pa\u00eds, el artista visit\u00f3 un <strong>mercado <\/strong>tradicional en Tlaquepaque, Jalisco, en donde prob\u00f3 <strong>quesadillas <\/strong>preparadas al momento en comal y fotografi\u00f3 los pasillos <strong>caracterizados <\/strong>por sus frutas, vegetales y colores representativos de la cultura local. En su publicaci\u00f3n, el m\u00fasico salud\u00f3 a sus seguidores con la frase: \u00ab\u00a1Qu\u00e9 onda, piggies! Soy Ham Smith, reportando desde M\u00e9xico!!!\u00bb.<\/p>\n\n\n\n<p>Posteriormente, la traves\u00eda continu\u00f3 en la <strong>Ciudad de M\u00e9xico.<\/strong> Smith recorri\u00f3 las calles de la <strong>colonia Roma <\/strong>hasta ingresar al establecimiento de tacos, lugar que ha recibido previamente a otros <strong>artistas <\/strong>internacionales como <strong>Rosal\u00eda y Dua Lipa<\/strong>.<\/p>\n\n\n\n<p>En el sitio, el brit\u00e1nico observ\u00f3 el trompo de carne al pastor, al cual compar\u00f3 con la pata de un elefante (\u00abIt looks like an elephant&#8217;s foot\u00bb).<\/p>\n\n\n\n<h2 class=\"wp-block-heading\"><strong>El reto del picante y el veredicto sobre el taco de trompo<\/strong><\/h2>\n\n\n\n<p>Al sentarse a la mesa, el personal del <strong>lugar <\/strong>sirvi\u00f3 la bandeja con las salsas de la casa y los tacos envueltos en tortilla de <strong>harina <\/strong>tostada con queso, aguacate y carne. Smith decidi\u00f3 probar las opciones de <strong>picante <\/strong>disponibles en la mesa. Aunque inicialmente coment\u00f3 que la <strong>salsa <\/strong>no parec\u00eda tan picosa, momentos despu\u00e9s sinti\u00f3 el efecto del picor en el paladar.<\/p>\n\n\n\n<p>Al probar el taco, el int\u00e9rprete destac\u00f3 la textura crujiente de la preparaci\u00f3n y la combinaci\u00f3n con los ingredientes. En el <strong>video <\/strong>de su plataforma digital, el cantante afirm\u00f3: (\u00abProbablemente son de los mejores tacos que he comido en mi vida\u00bb).<\/p>\n\n\n\n<p>De acuerdo con el video difundido en la cuenta de <strong>contenido <\/strong>gastron\u00f3mico del artista (sam.served), los detalles observados en la grabaci\u00f3n muestran<\/p>\n\n\n\n<p>Como el <strong>cantante <\/strong>mostr\u00f3 sorpresa ante el volumen de la carne cocin\u00e1ndose al pastor en la entrada de la taquer\u00eda. Degust\u00f3 directamente con cuchara la variedad de salsas presentadas en recipientes de cristal y expres\u00f3 un gesto de <strong>sorpresa <\/strong>tras ingerir la salsa m\u00e1s intensa de la mesa. Concluy\u00f3 el video asegurando que la experiencia en el establecimiento capitalino super\u00f3 sus expectativas gastron\u00f3micas.<\/p>\n\n\n\n<blockquote class=\"tiktok-embed\" cite=\"https:\/\/www.tiktok.com\/@sam.served\/video\/7677641998639140118\" data-video-id=\"7677641998639140118\" style=\"max-width: 605px;min-width: 325px;\" > <section> <a target=\"_blank\" title=\"@sam.served\" href=\"https:\/\/www.tiktok.com\/@sam.served?refer=embed\">@sam.served<\/a> <p>SPICY PIGGY &#x1f336;&#xfe0f;&#x1f336;&#xfe0f; Taquer\u00eda Orinoco Av. \u00c1lvaro Obreg\u00f3n 100, Col, Roma Nte., Cuauht\u00e9moc <\/p> <a target=\"_blank\" title=\"\u266c original sound - sam\" href=\"https:\/\/www.tiktok.com\/music\/original-sound-7677642032763964183?refer=embed\">\u266c original sound &#8211; sam<\/a> <\/section> <\/blockquote> <script async src=\"https:\/\/www.tiktok.com\/embed.js\"><\/script>\n\n\n\n<p>Fuente: <a href=\"https:\/\/www.eluniversal.com.mx\/tendencias\/sam-smith-se-vuelve-viral-en-la-cdmx-prueba-los-tacos-de-trompo-y-le-entra-al-picante\/\" target=\"_blank\" rel=\"noreferrer noopener\">El Universal<\/a><\/p>\n","protected":false},"excerpt":{"rendered":"<p>El cantante brit\u00e1nico presume su faceta como cr\u00edtico gastron\u00f3mico en redes sociales durante su visita a la capital mexicana <\/p>\n","protected":false},"author":1,"featured_media":129294,"comment_status":"open","ping_status":"open","sticky":false,"template":"","format":"standard","meta":{"site-sidebar-layout":"default","site-content-layout":"","ast-site-content-layout":"default","site-content-style":"default","site-sidebar-style":"default","ast-global-header-display":"","ast-banner-title-visibility":"","ast-main-header-display":"","ast-hfb-above-header-display":"","ast-hfb-below-header-display":"","ast-hfb-mobile-header-display":"","site-post-title":"","ast-breadcrumbs-content":"","ast-featured-img":"","footer-sml-layout":"","theme-transparent-header-meta":"","adv-header-id-meta":"","stick-header-meta":"","header-above-stick-meta":"","header-main-stick-meta":"","header-below-stick-meta":"","astra-migrate-meta-layouts":"default","ast-page-background-enabled":"default","ast-page-background-meta":{"desktop":{"background-color":"var(--ast-global-color-4)","background-image":"","background-repeat":"repeat","background-position":"center center","background-size":"auto","background-attachment":"scroll","background-type":"","background-media":"","overlay-type":"","overlay-color":"","overlay-opacity":"","overlay-gradient":""},"tablet":{"background-color":"","background-image":"","background-repeat":"repeat","background-position":"center center","background-size":"auto","background-attachment":"scroll","background-type":"","background-media":"","overlay-type":"","overlay-color":"","overlay-opacity":"","overlay-gradient":""},"mobile":{"background-color":"","background-image":"","background-repeat":"repeat","background-position":"center center","background-size":"auto","background-attachment":"scroll","background-type":"","background-media":"","overlay-type":"","overlay-color":"","overlay-opacity":"","overlay-gradient":""}},"ast-content-background-meta":{"desktop":{"background-color":"var(--ast-global-color-5)","background-image":"","background-repeat":"repeat","background-position":"center center","background-size":"auto","background-attachment":"scroll","background-type":"","background-media":"","overlay-type":"","overlay-color":"","overlay-opacity":"","overlay-gradient":""},"tablet":{"background-color":"var(--ast-global-color-5)","background-image":"","background-repeat":"repeat","background-position":"center center","background-size":"auto","background-attachment":"scroll","background-type":"","background-media":"","overlay-type":"","overlay-color":"","overlay-opacity":"","overlay-gradient":""},"mobile":{"background-color":"var(--ast-global-color-5)","background-image":"","background-repeat":"repeat","background-position":"center center","background-size":"auto","background-attachment":"scroll","background-type":"","background-media":"","overlay-type":"","overlay-color":"","overlay-opacity":"","overlay-gradient":""}},"footnotes":""},"categories":[8],"tags":[8943,52647,52645,3371,52646],"class_list":["post-129293","post","type-post","status-publish","format-standard","has-post-thumbnail","hentry","category-noticias","tag-cdmx","tag-colonia-roma","tag-sam-smith","tag-tacos","tag-taqueria-orinoco"],"_links":{"self":[{"href":"https:\/\/losperiodistas.com.mx\/portal\/wp-json\/wp\/v2\/posts\/129293","targetHints":{"allow":["GET"]}}],"collection":[{"href":"https:\/\/losperiodistas.com.mx\/portal\/wp-json\/wp\/v2\/posts"}],"about":[{"href":"https:\/\/losperiodistas.com.mx\/portal\/wp-json\/wp\/v2\/types\/post"}],"author":[{"embeddable":true,"href":"https:\/\/losperiodistas.com.mx\/portal\/wp-json\/wp\/v2\/users\/1"}],"replies":[{"embeddable":true,"href":"https:\/\/losperiodistas.com.mx\/portal\/wp-json\/wp\/v2\/comments?post=129293"}],"version-history":[{"count":1,"href":"https:\/\/losperiodistas.com.mx\/portal\/wp-json\/wp\/v2\/posts\/129293\/revisions"}],"predecessor-version":[{"id":129296,"href":"https:\/\/losperiodistas.com.mx\/portal\/wp-json\/wp\/v2\/posts\/129293\/revisions\/129296"}],"wp:featuredmedia":[{"embeddable":true,"href":"https:\/\/losperiodistas.com.mx\/portal\/wp-json\/wp\/v2\/media\/129294"}],"wp:attachment":[{"href":"https:\/\/losperiodistas.com.mx\/portal\/wp-json\/wp\/v2\/media?parent=129293"}],"wp:term":[{"taxonomy":"category","embeddable":true,"href":"https:\/\/losperiodistas.com.mx\/portal\/wp-json\/wp\/v2\/categories?post=129293"},{"taxonomy":"post_tag","embeddable":true,"href":"https:\/\/losperiodistas.com.mx\/portal\/wp-json\/wp\/v2\/tags?post=129293"}],"curies":[{"name":"wp","href":"https:\/\/api.w.org\/{rel}","templated":true}]}}