{"id":129290,"date":"2026-08-25T21:15:41","date_gmt":"2026-08-26T03:15:41","guid":{"rendered":"https:\/\/losperiodistas.com.mx\/portal\/?p=129290"},"modified":"2026-08-25T21:15:43","modified_gmt":"2026-08-26T03:15:43","slug":"mexico-es-la-sexta-economia-con-mayor-avance-reporta-ocde-la-jornada","status":"publish","type":"post","link":"https:\/\/losperiodistas.com.mx\/portal\/mexico-es-la-sexta-economia-con-mayor-avance-reporta-ocde-la-jornada\/","title":{"rendered":"M\u00e9xico es la sexta econom\u00eda con mayor avance, reporta OCDE | La Jornada"},"content":{"rendered":"\n<figure class=\"wp-block-image size-large\"><img fetchpriority=\"high\" decoding=\"async\" width=\"1024\" height=\"665\" src=\"https:\/\/losperiodistas.com.mx\/portal\/wp-content\/uploads\/2026\/08\/mexico-sexta-economia-en-primera-mitad-del-ano-1024x665.png\" alt=\"\" class=\"wp-image-129291\" srcset=\"https:\/\/losperiodistas.com.mx\/portal\/wp-content\/uploads\/2026\/08\/mexico-sexta-economia-en-primera-mitad-del-ano-1024x665.png 1024w, https:\/\/losperiodistas.com.mx\/portal\/wp-content\/uploads\/2026\/08\/mexico-sexta-economia-en-primera-mitad-del-ano-300x195.png 300w, https:\/\/losperiodistas.com.mx\/portal\/wp-content\/uploads\/2026\/08\/mexico-sexta-economia-en-primera-mitad-del-ano-768x499.png 768w, https:\/\/losperiodistas.com.mx\/portal\/wp-content\/uploads\/2026\/08\/mexico-sexta-economia-en-primera-mitad-del-ano.png 1171w\" sizes=\"(max-width: 1024px) 100vw, 1024px\" \/><figcaption class=\"wp-element-caption\">El crecimiento econ\u00f3mico de M\u00e9xico alcanz\u00f3 1.4 por ciento durante el segundo trimestre de 2026. Foto Luis Castillo<\/figcaption><\/figure>\n\n\n\n<p class=\"has-vivid-red-color has-text-color has-link-color wp-elements-f1fe36f9c7864d6735fc2b91927c30ac\">Dora Villanueva \/ La Jornada<\/p>\n\n\n\n<p>M\u00e9xico creci\u00f3 el triple que el promedio de la Organizaci\u00f3n para la Cooperaci\u00f3n y el Desarrollo Econ\u00f3micos (OCDE) durante el segundo trimestre del a\u00f1o y con ello el pa\u00eds fue la sexta econom\u00eda con el mayor avance dentro del grupo, muestran cifras preliminares reportadas por el ente multilateral.<\/p>\n\n\n\n<p>Los datos recuperados por la OCDE muestran que el avance de 1.5 por ciento en la econom\u00eda mexicana, revisado a 1.4 por ciento por el Instituto Nacional de Estad\u00edstica y Geograf\u00eda (Inegi), se encuentran por encima del 0.5 por ciento que en conjunto avanzaron los pa\u00edses que integran la organizaci\u00f3n de pa\u00edses con ingresos altos y medio altos.<\/p>\n\n\n\n<p>La OCDE detall\u00f3 que si bien la tasa de crecimiento en el grupo durante el periodo abril-junio fue mejor a la de 0.4 por ciento del primer trimestre, se impuso un escenario mixto para los 30 pa\u00edses de los que disponen datos.<\/p>\n\n\n\n<p>Aunque 27 pa\u00edses registraron crecimiento a tasas variables, Irlanda encabez\u00f3 con un avance de 3.9 por ciento y despu\u00e9s Israel, con 3.6; siguieron Suiza, Eslovenia, Litusania y M\u00e9xico, mientras Austria, B\u00e9lgica y Chile no registraron variaci\u00f3n en su producto interno bruto (PIB).<\/p>\n\n\n\n<h2 class=\"wp-block-heading\">Debilidad pega en el grupo de los siete pa\u00edses de la OCDE<\/h2>\n\n\n\n<p>La debilidad se impuso en el grupo de los siete pa\u00edses de la OCDE que suponen ser los m\u00e1s industrializados, debido a una desaceleraci\u00f3n de la actividad econ\u00f3mica en Alemania, Italia, Jap\u00f3n, Reino Unido y Estados Unidos.<\/p>\n\n\n\n<p>El crecimiento del PIB en el G-7 baj\u00f3 a 0.3 por ciento en el segundo trimestre de 2026, frente al 0.4 por ciento en el primer cuarto del a\u00f1o, report\u00f3 la OCDE.<\/p>\n\n\n\n<p>\u201cEn Jap\u00f3n, hubo estancamiento del consumo privado y el comercio de ganader\u00eda y disminuy\u00f3 la inversi\u00f3n. En Reino Unido, la disminuci\u00f3n del consumo p\u00fablico y privado pesaron sobre la actividad econ\u00f3mica.<\/p>\n\n\n\n<p>En Estados Unidos, un crecimiento m\u00e1s lento reflej\u00f3 principalmente escaso avance de las exportaciones, con baja en la industria ganadera y disminuci\u00f3n del consumo minorista\u201d, detall\u00f3 la organizaci\u00f3n.<\/p>\n\n\n\n<p>En Alemania, el avance pas\u00f3 de 0.4 por ciento a 0.2; en Italia, de 0.3 a 0.2; en Jap\u00f3n, de 0.5 a 0.3; en Reino Unido, declin\u00f3 de 0.6 por ciento a 0.4, y en Estados Unidos, de 0.5 a 0.4.<\/p>\n\n\n\n<p>En sentido puesto, el crecimiento en Canad\u00e1 se aceler\u00f3 de cero a 0.8 por ciento. En Francia, el PIB creci\u00f3 0.2 por ciento en el segundo cuarto del a\u00f1o, tras una contracci\u00f3n de 0.1 por ciento en el primer trimestre.<\/p>\n\n\n\n<p>Fuente: <a href=\"https:\/\/www.jornada.com.mx\/noticia\/2026\/08\/24\/economia\/mexico-se-posiciono-como-sexta-economia-con-mayor-avance-durante-primera-mitad-del-ano-ocde\" target=\"_blank\" rel=\"noreferrer noopener\">La Jornada<\/a><\/p>\n","protected":false},"excerpt":{"rendered":"<p>Dora Villanueva \/ La Jornada M\u00e9xico creci\u00f3 el triple que el promedio de la Organizaci\u00f3n para la Cooperaci\u00f3n y el [&hellip;]<\/p>\n","protected":false},"author":1,"featured_media":129291,"comment_status":"open","ping_status":"open","sticky":false,"template":"","format":"standard","meta":{"site-sidebar-layout":"default","site-content-layout":"","ast-site-content-layout":"default","site-content-style":"default","site-sidebar-style":"default","ast-global-header-display":"","ast-banner-title-visibility":"","ast-main-header-display":"","ast-hfb-above-header-display":"","ast-hfb-below-header-display":"","ast-hfb-mobile-header-display":"","site-post-title":"","ast-breadcrumbs-content":"","ast-featured-img":"","footer-sml-layout":"","theme-transparent-header-meta":"","adv-header-id-meta":"","stick-header-meta":"","header-above-stick-meta":"","header-main-stick-meta":"","header-below-stick-meta":"","astra-migrate-meta-layouts":"default","ast-page-background-enabled":"default","ast-page-background-meta":{"desktop":{"background-color":"var(--ast-global-color-4)","background-image":"","background-repeat":"repeat","background-position":"center center","background-size":"auto","background-attachment":"scroll","background-type":"","background-media":"","overlay-type":"","overlay-color":"","overlay-opacity":"","overlay-gradient":""},"tablet":{"background-color":"","background-image":"","background-repeat":"repeat","background-position":"center center","background-size":"auto","background-attachment":"scroll","background-type":"","background-media":"","overlay-type":"","overlay-color":"","overlay-opacity":"","overlay-gradient":""},"mobile":{"background-color":"","background-image":"","background-repeat":"repeat","background-position":"center center","background-size":"auto","background-attachment":"scroll","background-type":"","background-media":"","overlay-type":"","overlay-color":"","overlay-opacity":"","overlay-gradient":""}},"ast-content-background-meta":{"desktop":{"background-color":"var(--ast-global-color-5)","background-image":"","background-repeat":"repeat","background-position":"center center","background-size":"auto","background-attachment":"scroll","background-type":"","background-media":"","overlay-type":"","overlay-color":"","overlay-opacity":"","overlay-gradient":""},"tablet":{"background-color":"var(--ast-global-color-5)","background-image":"","background-repeat":"repeat","background-position":"center center","background-size":"auto","background-attachment":"scroll","background-type":"","background-media":"","overlay-type":"","overlay-color":"","overlay-opacity":"","overlay-gradient":""},"mobile":{"background-color":"var(--ast-global-color-5)","background-image":"","background-repeat":"repeat","background-position":"center center","background-size":"auto","background-attachment":"scroll","background-type":"","background-media":"","overlay-type":"","overlay-color":"","overlay-opacity":"","overlay-gradient":""}},"footnotes":""},"categories":[8],"tags":[11352,653,2193,2218,52644],"class_list":["post-129290","post","type-post","status-publish","format-standard","has-post-thumbnail","hentry","category-noticias","tag-crecimiento-economico","tag-inegi","tag-mexico","tag-ocde","tag-sexta-economia"],"_links":{"self":[{"href":"https:\/\/losperiodistas.com.mx\/portal\/wp-json\/wp\/v2\/posts\/129290","targetHints":{"allow":["GET"]}}],"collection":[{"href":"https:\/\/losperiodistas.com.mx\/portal\/wp-json\/wp\/v2\/posts"}],"about":[{"href":"https:\/\/losperiodistas.com.mx\/portal\/wp-json\/wp\/v2\/types\/post"}],"author":[{"embeddable":true,"href":"https:\/\/losperiodistas.com.mx\/portal\/wp-json\/wp\/v2\/users\/1"}],"replies":[{"embeddable":true,"href":"https:\/\/losperiodistas.com.mx\/portal\/wp-json\/wp\/v2\/comments?post=129290"}],"version-history":[{"count":1,"href":"https:\/\/losperiodistas.com.mx\/portal\/wp-json\/wp\/v2\/posts\/129290\/revisions"}],"predecessor-version":[{"id":129292,"href":"https:\/\/losperiodistas.com.mx\/portal\/wp-json\/wp\/v2\/posts\/129290\/revisions\/129292"}],"wp:featuredmedia":[{"embeddable":true,"href":"https:\/\/losperiodistas.com.mx\/portal\/wp-json\/wp\/v2\/media\/129291"}],"wp:attachment":[{"href":"https:\/\/losperiodistas.com.mx\/portal\/wp-json\/wp\/v2\/media?parent=129290"}],"wp:term":[{"taxonomy":"category","embeddable":true,"href":"https:\/\/losperiodistas.com.mx\/portal\/wp-json\/wp\/v2\/categories?post=129290"},{"taxonomy":"post_tag","embeddable":true,"href":"https:\/\/losperiodistas.com.mx\/portal\/wp-json\/wp\/v2\/tags?post=129290"}],"curies":[{"name":"wp","href":"https:\/\/api.w.org\/{rel}","templated":true}]}}