{"id":129286,"date":"2026-08-25T20:49:28","date_gmt":"2026-08-26T02:49:28","guid":{"rendered":"https:\/\/losperiodistas.com.mx\/portal\/?p=129286"},"modified":"2026-08-25T21:11:21","modified_gmt":"2026-08-26T03:11:21","slug":"gobierno-de-puebla-acerca-atencion-al-territorio-con-jornadas-integrales-del-sedif-el-economista","status":"publish","type":"post","link":"https:\/\/losperiodistas.com.mx\/portal\/gobierno-de-puebla-acerca-atencion-al-territorio-con-jornadas-integrales-del-sedif-el-economista\/","title":{"rendered":"Gobierno de Puebla acerca atenci\u00f3n al territorio con jornadas integrales del SEDIF | El Economista"},"content":{"rendered":"\n<p>El organismo acerc\u00f3 servicios de salud, bienestar animal, apoyos para cuidadores de pacientes oncol\u00f3gicos y acciones de Obra Comunitaria en beneficio de mil 200 usuarias y usuarios.<\/p>\n\n\n\n<figure class=\"wp-block-image size-large\"><img fetchpriority=\"high\" decoding=\"async\" width=\"1024\" height=\"576\" src=\"https:\/\/losperiodistas.com.mx\/portal\/wp-content\/uploads\/2026\/08\/JornadasIntegralesPuebla-1024x576.png\" alt=\"\" class=\"wp-image-129287\" srcset=\"https:\/\/losperiodistas.com.mx\/portal\/wp-content\/uploads\/2026\/08\/JornadasIntegralesPuebla-1024x576.png 1024w, https:\/\/losperiodistas.com.mx\/portal\/wp-content\/uploads\/2026\/08\/JornadasIntegralesPuebla-300x169.png 300w, https:\/\/losperiodistas.com.mx\/portal\/wp-content\/uploads\/2026\/08\/JornadasIntegralesPuebla-768x432.png 768w, https:\/\/losperiodistas.com.mx\/portal\/wp-content\/uploads\/2026\/08\/JornadasIntegralesPuebla-1536x863.png 1536w, https:\/\/losperiodistas.com.mx\/portal\/wp-content\/uploads\/2026\/08\/JornadasIntegralesPuebla.png 1562w\" sizes=\"(max-width: 1024px) 100vw, 1024px\" \/><figcaption class=\"wp-element-caption\">Foto: Gobierno de Puebla<\/figcaption><\/figure>\n\n\n\n<p class=\"has-vivid-red-color has-text-color has-link-color wp-elements-eb27e7450528140191efa4df35f811c5\">Redacci\u00f3n<\/p>\n\n\n\n<p>Con el prop\u00f3sito de acercar programas, servicios y apoyos que contribuyan a mejorar la calidad de vida de las familias, el Sistema Estatal para el Desarrollo Integral de la Familia (SEDIF) llev\u00f3 la Jornada Integral \u201cPor Amor a las Familias\u201d a la junta auxiliar de San Felipe Hueyotlipan, en el municipio de Puebla.<\/p>\n\n\n\n<p>Esta estrategia permiti\u00f3 concentrar atenci\u00f3n social, alimentaria y de salud en un mismo espacio para responder a las necesidades de la poblaci\u00f3n, en cumplimiento de las instrucciones de la presidenta del Patronato del SEDIF, Ceci Arellano.<\/p>\n\n\n\n<p>Como parte de esta iniciativa, el coordinador de Gabinete del Gobierno del Estado, Jos\u00e9 Luis Garc\u00eda Parra, y el director general del SEDIF, Carlos Ochoa Rodr\u00edguez, entregaron 9 mil 12 canastas alimentarias a 2 mil 248 familias beneficiarias, a trav\u00e9s de los programas de Atenci\u00f3n Alimentaria a Personas en Situaci\u00f3n de Vulnerabilidad y de Atenci\u00f3n Alimentaria en los Primeros 1,000 D\u00edas y Primera Infancia.<\/p>\n\n\n\n<p>Asimismo, proporcionaron cheques del programa de Obra Comunitaria \u201cPor Amor a Puebla\u201d, en beneficio de mil 200 usuarias y usuarios de tres Centros de Atenci\u00f3n Infantil Comunitarios, de los cuales dos ser\u00e1n rehabilitados y uno contar\u00e1 con un nuevo desayunador escolar.<\/p>\n\n\n\n<p>El coordinador Garc\u00eda Parra coment\u00f3 que las Jornadas Integrales contribuyen a fortalecer la justicia social para las familias de la capital y del interior del estado, al ofrecer asistencia de manera gratuita y fortalecer los v\u00ednculos comunitarios.<\/p>\n\n\n\n<p>En esta edici\u00f3n, en coordinaci\u00f3n con las secretar\u00edas de Bienestar y Salud del Estado, as\u00ed como con IMSS-Bienestar, el organismo acerc\u00f3 unidades m\u00f3viles para brindar consultas de odontolog\u00eda, optometr\u00eda, nutrici\u00f3n y psicolog\u00eda; vacunaci\u00f3n; servicios de salud reproductiva y planificaci\u00f3n familiar; detecci\u00f3n de VIH, hepatitis e infecciones de transmisi\u00f3n sexual, as\u00ed como acciones de prevenci\u00f3n y control de diabetes e hipertensi\u00f3n.<\/p>\n\n\n\n<p>Por su parte, el director general del SEDIF se\u00f1al\u00f3 que estas acciones atienden a la visi\u00f3n de que gobernar no solo consiste en administrar recursos, sino tambi\u00e9n en acompa\u00f1ar, atender y proteger a las poblanas y los poblanos para que puedan vivir mejor.<\/p>\n\n\n\n<p>Durante el evento se otorgaron 10 apoyos econ\u00f3micos de 6 mil pesos cada uno para cuidadores de personas con diagn\u00f3stico de c\u00e1ncer. La beneficiaria del programa, Susana P\u00e9rez, asegur\u00f3 que nunca antes un gobierno hab\u00eda tenido la sensibilidad de atender a quienes entregan su vida al cuidado de sus seres queridos, como ella lo hace con su padre, quien enfrenta un padecimiento oncol\u00f3gico, y con su hermano, quien vive con par\u00e1lisis cerebral.<\/p>\n\n\n\n<p>Bajo el liderazgo del gobernador Alejandro Armenta, el Gobierno del Estado y el Sistema Estatal DIF impulsan el bienestar y la justicia social como ejes de las decisiones p\u00fablicas, en concordancia con la pol\u00edtica humanista de la presidenta de M\u00e9xico, Claudia Sheinbaum Pardo, que promueve mejores condiciones de vida para las familias.<\/p>\n\n\n\n<p>Fuente: <a href=\"https:\/\/www.eleconomista.com.mx\/politica\/gobierno-puebla-acerca-atencion-territorio-jornadas-integrales-sedif-20260825-830150.html\" target=\"_blank\" rel=\"noreferrer noopener\">El Economista<\/a><\/p>\n","protected":false},"excerpt":{"rendered":"<p>El organismo acerc\u00f3 servicios de salud, bienestar animal, apoyos para cuidadores de pacientes oncol\u00f3gicos y acciones de Obra Comunitaria en beneficio de mil 200 usuarias y usuarios.<\/p>\n","protected":false},"author":1,"featured_media":129287,"comment_status":"open","ping_status":"open","sticky":false,"template":"","format":"standard","meta":{"site-sidebar-layout":"default","site-content-layout":"","ast-site-content-layout":"default","site-content-style":"default","site-sidebar-style":"default","ast-global-header-display":"","ast-banner-title-visibility":"","ast-main-header-display":"","ast-hfb-above-header-display":"","ast-hfb-below-header-display":"","ast-hfb-mobile-header-display":"","site-post-title":"","ast-breadcrumbs-content":"","ast-featured-img":"","footer-sml-layout":"","theme-transparent-header-meta":"","adv-header-id-meta":"","stick-header-meta":"","header-above-stick-meta":"","header-main-stick-meta":"","header-below-stick-meta":"","astra-migrate-meta-layouts":"default","ast-page-background-enabled":"default","ast-page-background-meta":{"desktop":{"background-color":"var(--ast-global-color-4)","background-image":"","background-repeat":"repeat","background-position":"center center","background-size":"auto","background-attachment":"scroll","background-type":"","background-media":"","overlay-type":"","overlay-color":"","overlay-opacity":"","overlay-gradient":""},"tablet":{"background-color":"","background-image":"","background-repeat":"repeat","background-position":"center center","background-size":"auto","background-attachment":"scroll","background-type":"","background-media":"","overlay-type":"","overlay-color":"","overlay-opacity":"","overlay-gradient":""},"mobile":{"background-color":"","background-image":"","background-repeat":"repeat","background-position":"center center","background-size":"auto","background-attachment":"scroll","background-type":"","background-media":"","overlay-type":"","overlay-color":"","overlay-opacity":"","overlay-gradient":""}},"ast-content-background-meta":{"desktop":{"background-color":"var(--ast-global-color-5)","background-image":"","background-repeat":"repeat","background-position":"center center","background-size":"auto","background-attachment":"scroll","background-type":"","background-media":"","overlay-type":"","overlay-color":"","overlay-opacity":"","overlay-gradient":""},"tablet":{"background-color":"var(--ast-global-color-5)","background-image":"","background-repeat":"repeat","background-position":"center center","background-size":"auto","background-attachment":"scroll","background-type":"","background-media":"","overlay-type":"","overlay-color":"","overlay-opacity":"","overlay-gradient":""},"mobile":{"background-color":"var(--ast-global-color-5)","background-image":"","background-repeat":"repeat","background-position":"center center","background-size":"auto","background-attachment":"scroll","background-type":"","background-media":"","overlay-type":"","overlay-color":"","overlay-opacity":"","overlay-gradient":""}},"footnotes":""},"categories":[8],"tags":[6092,4746],"class_list":["post-129286","post","type-post","status-publish","format-standard","has-post-thumbnail","hentry","category-noticias","tag-gobierno-de-puebla","tag-sedif"],"_links":{"self":[{"href":"https:\/\/losperiodistas.com.mx\/portal\/wp-json\/wp\/v2\/posts\/129286","targetHints":{"allow":["GET"]}}],"collection":[{"href":"https:\/\/losperiodistas.com.mx\/portal\/wp-json\/wp\/v2\/posts"}],"about":[{"href":"https:\/\/losperiodistas.com.mx\/portal\/wp-json\/wp\/v2\/types\/post"}],"author":[{"embeddable":true,"href":"https:\/\/losperiodistas.com.mx\/portal\/wp-json\/wp\/v2\/users\/1"}],"replies":[{"embeddable":true,"href":"https:\/\/losperiodistas.com.mx\/portal\/wp-json\/wp\/v2\/comments?post=129286"}],"version-history":[{"count":1,"href":"https:\/\/losperiodistas.com.mx\/portal\/wp-json\/wp\/v2\/posts\/129286\/revisions"}],"predecessor-version":[{"id":129288,"href":"https:\/\/losperiodistas.com.mx\/portal\/wp-json\/wp\/v2\/posts\/129286\/revisions\/129288"}],"wp:featuredmedia":[{"embeddable":true,"href":"https:\/\/losperiodistas.com.mx\/portal\/wp-json\/wp\/v2\/media\/129287"}],"wp:attachment":[{"href":"https:\/\/losperiodistas.com.mx\/portal\/wp-json\/wp\/v2\/media?parent=129286"}],"wp:term":[{"taxonomy":"category","embeddable":true,"href":"https:\/\/losperiodistas.com.mx\/portal\/wp-json\/wp\/v2\/categories?post=129286"},{"taxonomy":"post_tag","embeddable":true,"href":"https:\/\/losperiodistas.com.mx\/portal\/wp-json\/wp\/v2\/tags?post=129286"}],"curies":[{"name":"wp","href":"https:\/\/api.w.org\/{rel}","templated":true}]}}