{"id":129283,"date":"2026-08-25T19:33:24","date_gmt":"2026-08-26T01:33:24","guid":{"rendered":"https:\/\/losperiodistas.com.mx\/portal\/?p=129283"},"modified":"2026-08-25T19:33:25","modified_gmt":"2026-08-26T01:33:25","slug":"el-retorno-del-vertigo-la-moda-vuelve-al-tacon-efe","status":"publish","type":"post","link":"https:\/\/losperiodistas.com.mx\/portal\/el-retorno-del-vertigo-la-moda-vuelve-al-tacon-efe\/","title":{"rendered":"El retorno del v\u00e9rtigo: la moda vuelve al tac\u00f3n | EFE"},"content":{"rendered":"\n<figure class=\"wp-block-image size-full\"><img fetchpriority=\"high\" decoding=\"async\" width=\"900\" height=\"601\" src=\"https:\/\/losperiodistas.com.mx\/portal\/wp-content\/uploads\/2026\/08\/tacones.jpeg\" alt=\"\" class=\"wp-image-129284\" srcset=\"https:\/\/losperiodistas.com.mx\/portal\/wp-content\/uploads\/2026\/08\/tacones.jpeg 900w, https:\/\/losperiodistas.com.mx\/portal\/wp-content\/uploads\/2026\/08\/tacones-300x200.jpeg 300w, https:\/\/losperiodistas.com.mx\/portal\/wp-content\/uploads\/2026\/08\/tacones-768x513.jpeg 768w\" sizes=\"(max-width: 900px) 100vw, 900px\" \/><figcaption class=\"wp-element-caption\">Imagen de archivo de un desfile de Coosy por Miguel Palacio en la Semana de la Moda de Madrid (MBFW). EFE\/ J.J. Guill\u00e9n<\/figcaption><\/figure>\n\n\n\n<p class=\"has-vivid-red-color has-text-color has-link-color has-medium-font-size wp-elements-c56b7c8d18eecd9f5ca415bfe5e1383a\"><strong>Mar\u00eda Mu\u00f1oz Rivera  \/ EFE<\/strong><\/p>\n\n\n\n<p>Madrid (EFE).- La pandemia convirti\u00f3 las zapatillas deportivas en el uniforme cotidiano y los zapatos de tac\u00f3n sensato desplazaron a los tacones de aguja, que durante d\u00e9cadas simbolizaron la elegancia femenina. Sin embargo, la moda, siempre imprevisible, vuelve a mirar hacia las alturas.<\/p>\n\n\n\n<p>Tras varias temporadas marcadas por el denominado \u2018lujo silencioso\u2019, basado en l\u00edneas depuradas y prendas discretas, las firmas de moda vuelven a reivindicar una imagen m\u00e1s expresiva, m\u00e1s teatral y, sobre todo, m\u00e1s divertida. El regreso de la est\u00e9tica de finales de los noventa y de los dos mil ha abierto de nuevo la puerta al tac\u00f3n de aguja.<\/p>\n\n\n\n<h2 class=\"wp-block-heading\" id=\"h-un-cambio-de-actitud\">Un cambio de actitud<\/h2>\n\n\n\n<p>Las pasarelas internacionales, las alfombras rojas y las colecciones para la pr\u00f3xima temporada recuperan el tac\u00f3n alto como uno de los grandes protagonistas de un nuevo ciclo est\u00e9tico en el que no se trata solo de sumar cent\u00edmetros. El regreso de los tacones altos coincide con un cambio de actitud.<\/p>\n\n\n\n<p>\u00abNoto much\u00edsimo la vuelta de este tipo de tac\u00f3n: hemos pasado unos a\u00f1os en los que todo ten\u00eda que ser c\u00f3modo y pr\u00e1ctico y ahora siento que la gente vuelve a querer fantasear y a jugar con la moda\u00bb, explica a EFE la dise\u00f1adora y estilista Marta Herase sobre el regreso de este calzado.<\/p>\n\n\n\n<figure class=\"wp-block-image\"><img decoding=\"async\" src=\"https:\/\/i0.wp.com\/efe.com\/wp-content\/uploads\/2026\/08\/tacones-moda.webp?resize=900%2C582&amp;ssl=1\" alt=\"moda vuelven tacones calzado\" class=\"wp-image-2824183\"\/><figcaption class=\"wp-element-caption\">Imagen de archivo de un desfile en Nueva York. EFE\/Peter Foley<\/figcaption><\/figure>\n\n\n\n<p>Las propuestas de Saint Laurent, Prada o Gucci, junto con las apariciones de actrices como Zendaya, Dua Lipa o Anya Taylor-Joy sobre la alfombra roja, han contribuido a devolver protagonismo a un calzado que muchos daban por amortizado.<\/p>\n\n\n\n<p>\u00abAl final, en una alfombra roja todo el mundo pretende hacer un estilismo que se recuerde, y un buen tac\u00f3n muchas veces marca la diferencia, adem\u00e1s de completar el conjunto\u00bb, explica sobre c\u00f3mo este tipo de calzado es un recurso que ayuda a elevar los estilismos en este tipo de presentaciones.<\/p>\n\n\n\n<h2 class=\"wp-block-heading\" id=\"h-el-regreso-al-juego\">El regreso al juego<\/h2>\n\n\n\n<p>El fen\u00f3meno ha despertado incluso un debate que va m\u00e1s all\u00e1 de la moda. Algunos soci\u00f3logos e historiadores del vestido interpretan el regreso del tac\u00f3n como un reflejo de una&nbsp;<a href=\"https:\/\/efe.com\/cultura\/2026-05-12\/moda-estetica-victoriana-encajes-botines-lazadas\/\" target=\"_blank\" rel=\"noreferrer noopener\">feminidad m\u00e1s tradicional<\/a>&nbsp;o como una respuesta a un contexto social cambiante. Otros consideran que simplemente responde al car\u00e1cter c\u00edclico de las tendencias.<\/p>\n\n\n\n<p>Herase se inclina por esta segunda interpretaci\u00f3n. \u00abYo lo relaciono much\u00edsimo m\u00e1s con los a\u00f1os 2000 que con otra cosa: creo que despu\u00e9s de tanto minimalismo y tanto \u2018lujo silencioso\u2019, ahora apetece divertirse otra vez con la moda, y el tac\u00f3n forma parte de ese juego\u00bb, agrega.<\/p>\n\n\n\n<figure class=\"wp-block-embed is-type-wp-embed is-provider-efe-noticias wp-block-embed-efe-noticias\"><div class=\"wp-block-embed__wrapper\">\n<blockquote class=\"wp-embedded-content\" data-secret=\"YJKr7cK6px\"><a href=\"https:\/\/efe.com\/cultura\/2026-05-12\/moda-estetica-victoriana-encajes-botines-lazadas\/\">Encajes, lazadas y botines, la rom\u00e1ntica est\u00e9tica victoriana arrolla<\/a><\/blockquote><iframe class=\"wp-embedded-content\" sandbox=\"allow-scripts\" security=\"restricted\" style=\"position: absolute; visibility: hidden;\" title=\"\u00abEncajes, lazadas y botines, la rom\u00e1ntica est\u00e9tica victoriana arrolla\u00bb \u2014 EFE Noticias\" src=\"https:\/\/efe.com\/cultura\/2026-05-12\/moda-estetica-victoriana-encajes-botines-lazadas\/embed\/#?secret=VyKa7w9MIM#?secret=YJKr7cK6px\" data-secret=\"YJKr7cK6px\" width=\"500\" height=\"282\" frameborder=\"0\" marginwidth=\"0\" marginheight=\"0\" scrolling=\"no\"><\/iframe>\n<\/div><\/figure>\n\n\n\n<p>Para la estilista, el regreso del tac\u00f3n tiene mucho m\u00e1s que ver con la nostalgia que con cualquier lectura sociol\u00f3gica, y descarta adem\u00e1s que quienes vuelven a subirse a unos zapatos de doce cent\u00edmetros lo hagan por una cuesti\u00f3n pr\u00e1ctica. \u00abNadie se pone un tac\u00f3n de 12 cent\u00edmetros porque sea pr\u00e1ctico; se lo pone porque el conjunto lo pide\u00bb.<\/p>\n\n\n\n<p>Ese cambio de paradigma coincide con una transformaci\u00f3n del propio consumo de moda. Si durante la pandemia el armario respondi\u00f3 a una necesidad de funcionalidad, ahora vuelve a cobrar importancia el componente emocional.<\/p>\n\n\n\n<h2 class=\"wp-block-heading\" id=\"h-una-forma-de-expresion\">Una forma de expresi\u00f3n<\/h2>\n\n\n\n<p>La ropa y los complementos recuperan su capacidad para construir personajes, expresar estados de \u00e1nimo o convertir una ocasi\u00f3n cotidiana en algo extraordinario.<\/p>\n\n\n\n<p>\u00abPara m\u00ed cambian el estado de \u00e1nimo y el imaginario de un estilismo completamente: no es solo que estilicen, es que cambian hasta la actitud\u00bb, a\u00f1ade.<\/p>\n\n\n\n<p>No es casualidad, reconoce, que muchas veces el estilismo comience precisamente por el calzado. \u00abMuchas veces el tac\u00f3n es la primera pieza que elijo. Si el zapato tiene personalidad, el resto del conjunto pr\u00e1cticamente sale solo\u00bb.<\/p>\n\n\n\n<p>El regreso del tac\u00f3n tampoco supone la desaparici\u00f3n del calzado c\u00f3modo. Deportivas, bailarinas o zapatos de tac\u00f3n medio seguir\u00e1n ocupando un lugar destacado en los armarios.<\/p>\n\n\n\n<p>La diferencia es que la comodidad ha dejado de ser la \u00fanica protagonista. Y, como tantas otras veces, los tacones parecen haber encontrado el momento perfecto para volver a pisar fuerte.<\/p>\n\n\n\n<p>Fuente: <a href=\"https:\/\/efe.com\/cultura\/2026-08-25\/zapatos-tacon-regreso-moda\/\">https:\/\/efe.com\/cultura\/2026-08-25\/zapatos-tacon-regreso-moda\/<\/a><\/p>\n","protected":false},"excerpt":{"rendered":"<p>Mar\u00eda Mu\u00f1oz Rivera \/ EFE Madrid (EFE).- La pandemia convirti\u00f3 las zapatillas deportivas en el uniforme cotidiano y los zapatos [&hellip;]<\/p>\n","protected":false},"author":1,"featured_media":129284,"comment_status":"open","ping_status":"open","sticky":false,"template":"","format":"standard","meta":{"site-sidebar-layout":"default","site-content-layout":"","ast-site-content-layout":"default","site-content-style":"default","site-sidebar-style":"default","ast-global-header-display":"","ast-banner-title-visibility":"","ast-main-header-display":"","ast-hfb-above-header-display":"","ast-hfb-below-header-display":"","ast-hfb-mobile-header-display":"","site-post-title":"","ast-breadcrumbs-content":"","ast-featured-img":"","footer-sml-layout":"","theme-transparent-header-meta":"","adv-header-id-meta":"","stick-header-meta":"","header-above-stick-meta":"","header-main-stick-meta":"","header-below-stick-meta":"","astra-migrate-meta-layouts":"default","ast-page-background-enabled":"default","ast-page-background-meta":{"desktop":{"background-color":"var(--ast-global-color-4)","background-image":"","background-repeat":"repeat","background-position":"center center","background-size":"auto","background-attachment":"scroll","background-type":"","background-media":"","overlay-type":"","overlay-color":"","overlay-opacity":"","overlay-gradient":""},"tablet":{"background-color":"","background-image":"","background-repeat":"repeat","background-position":"center center","background-size":"auto","background-attachment":"scroll","background-type":"","background-media":"","overlay-type":"","overlay-color":"","overlay-opacity":"","overlay-gradient":""},"mobile":{"background-color":"","background-image":"","background-repeat":"repeat","background-position":"center center","background-size":"auto","background-attachment":"scroll","background-type":"","background-media":"","overlay-type":"","overlay-color":"","overlay-opacity":"","overlay-gradient":""}},"ast-content-background-meta":{"desktop":{"background-color":"var(--ast-global-color-5)","background-image":"","background-repeat":"repeat","background-position":"center center","background-size":"auto","background-attachment":"scroll","background-type":"","background-media":"","overlay-type":"","overlay-color":"","overlay-opacity":"","overlay-gradient":""},"tablet":{"background-color":"var(--ast-global-color-5)","background-image":"","background-repeat":"repeat","background-position":"center center","background-size":"auto","background-attachment":"scroll","background-type":"","background-media":"","overlay-type":"","overlay-color":"","overlay-opacity":"","overlay-gradient":""},"mobile":{"background-color":"var(--ast-global-color-5)","background-image":"","background-repeat":"repeat","background-position":"center center","background-size":"auto","background-attachment":"scroll","background-type":"","background-media":"","overlay-type":"","overlay-color":"","overlay-opacity":"","overlay-gradient":""}},"footnotes":""},"categories":[8],"tags":[52641,52642],"class_list":["post-129283","post","type-post","status-publish","format-standard","has-post-thumbnail","hentry","category-noticias","tag-moda-zapatillas","tag-tacones-de-aguja"],"_links":{"self":[{"href":"https:\/\/losperiodistas.com.mx\/portal\/wp-json\/wp\/v2\/posts\/129283","targetHints":{"allow":["GET"]}}],"collection":[{"href":"https:\/\/losperiodistas.com.mx\/portal\/wp-json\/wp\/v2\/posts"}],"about":[{"href":"https:\/\/losperiodistas.com.mx\/portal\/wp-json\/wp\/v2\/types\/post"}],"author":[{"embeddable":true,"href":"https:\/\/losperiodistas.com.mx\/portal\/wp-json\/wp\/v2\/users\/1"}],"replies":[{"embeddable":true,"href":"https:\/\/losperiodistas.com.mx\/portal\/wp-json\/wp\/v2\/comments?post=129283"}],"version-history":[{"count":1,"href":"https:\/\/losperiodistas.com.mx\/portal\/wp-json\/wp\/v2\/posts\/129283\/revisions"}],"predecessor-version":[{"id":129285,"href":"https:\/\/losperiodistas.com.mx\/portal\/wp-json\/wp\/v2\/posts\/129283\/revisions\/129285"}],"wp:featuredmedia":[{"embeddable":true,"href":"https:\/\/losperiodistas.com.mx\/portal\/wp-json\/wp\/v2\/media\/129284"}],"wp:attachment":[{"href":"https:\/\/losperiodistas.com.mx\/portal\/wp-json\/wp\/v2\/media?parent=129283"}],"wp:term":[{"taxonomy":"category","embeddable":true,"href":"https:\/\/losperiodistas.com.mx\/portal\/wp-json\/wp\/v2\/categories?post=129283"},{"taxonomy":"post_tag","embeddable":true,"href":"https:\/\/losperiodistas.com.mx\/portal\/wp-json\/wp\/v2\/tags?post=129283"}],"curies":[{"name":"wp","href":"https:\/\/api.w.org\/{rel}","templated":true}]}}