{"id":129273,"date":"2026-08-25T06:25:17","date_gmt":"2026-08-25T12:25:17","guid":{"rendered":"https:\/\/losperiodistas.com.mx\/portal\/?p=129273"},"modified":"2026-08-25T06:25:19","modified_gmt":"2026-08-25T12:25:19","slug":"opinion-del-no-estas-solo-al-ya-estas-solo","status":"publish","type":"post","link":"https:\/\/losperiodistas.com.mx\/portal\/opinion-del-no-estas-solo-al-ya-estas-solo\/","title":{"rendered":"Opini\u00f3n | Del: \u00abNo est\u00e1s solo\u00bb, al: \u00abYa est\u00e1s solo\u00bb"},"content":{"rendered":"\n<figure class=\"wp-block-image aligncenter size-full is-resized\"><img fetchpriority=\"high\" decoding=\"async\" width=\"750\" height=\"292\" src=\"https:\/\/losperiodistas.com.mx\/portal\/wp-content\/uploads\/2026\/05\/Captura-de-Pantalla-2021-07-20-a-las-18.51.06.jpg\" alt=\"\" class=\"wp-image-121762\" style=\"width:478px;height:auto\" srcset=\"https:\/\/losperiodistas.com.mx\/portal\/wp-content\/uploads\/2026\/05\/Captura-de-Pantalla-2021-07-20-a-las-18.51.06.jpg 750w, https:\/\/losperiodistas.com.mx\/portal\/wp-content\/uploads\/2026\/05\/Captura-de-Pantalla-2021-07-20-a-las-18.51.06-300x117.jpg 300w\" sizes=\"(max-width: 750px) 100vw, 750px\" \/><\/figure>\n\n\n\n<p class=\"has-vivid-red-color has-text-color has-link-color has-medium-font-size wp-elements-df8ee7065171a1395876808bad96024c\"><strong><em>Por: Humberto Aguilar Coronado<\/em><\/strong><\/p>\n\n\n\n<p>La estructura de poder dentro de Morena ha sufrido una fractura importante. La ca\u00edda pol\u00edtica del gobernador de Sinaloa, Rub\u00e9n Rocha Moya es el s\u00edntoma m\u00e1s claro de esta nueva realidad.<\/p>\n\n\n\n<p>El grito de \u00abNo est\u00e1s solo\u00bb, que antes funcionaba como un escudo protector infranqueable para figuras aliadas al poder presidencial, se ha modificado a un lapidario \u00abya est\u00e1s solo\u00bb.<\/p>\n\n\n\n<p>Esta expresi\u00f3n no es aislada, es una se\u00f1al calculada del nuevo aparato gubernamental distanci\u00e1ndose de la administraci\u00f3n anterior. La dirigencia del partido y el gobierno federal calificaron su regreso a Sinaloa como una <em>\u00abdecisi\u00f3n personal y no conocida\u00bb<\/em>, un abandono p\u00fablico que fue reforzado por el desplegado los gobernadores que antes hab\u00edan firmado un desplegado de apoyo.<\/p>\n\n\n\n<p>La posterior licencia indefinida de Rocha Moya, forzada por la presi\u00f3n, confirma la tesis del cisma interno que se\u00f1alara Ricardo Monreal. Las lealtades han cambiado y los antiguos pactos de protecci\u00f3n han sido revocados por la nueva c\u00fapula.<\/p>\n\n\n\n<p>Desde la toma de posesi\u00f3n del presidente L\u00f3pez Obrador el 1 de diciembre de 2018, la consigna <em>\u00abNo est\u00e1s solo\u00bb<\/em> dej\u00f3 de ser una mera efervescencia de plaza p\u00fablica para convertirse en un verdadero grito deciega protecci\u00f3n, como mecanismo simb\u00f3lico de blindaje popular para proteger la figura presidencial, frente a las opiniones de la oposici\u00f3n y de algunos medios de comunicaci\u00f3n.<\/p>\n\n\n\n<p>Sin embargo, conforme avanz\u00f3 el sexenio, la consigna mut\u00f3 de un grito de solidaridad ciudadana a algo parecido a un salvoconducto pol\u00edtico, emitido desde la c\u00faspide del Ejecutivo.<\/p>\n\n\n\n<p>La l\u00f3gica del obradorato exig\u00eda lealtad ciega a cambio de impunidad e incondicionalidad institucional.<\/p>\n\n\n\n<p>Frente a una grave denuncia penal y una solicitud formal de desafuero en la C\u00e1mara de Diputados, en el caso de Cuauhtemoc Blanco, morena y la bancada oficialista lo defendieron institucionalmente, paralizando cualquier intento de juzgamiento, bajo la premisa del blindaje pol\u00edtico.<\/p>\n\n\n\n<p>En el tema de Rocha Moya<strong>, <\/strong>ante la solicitud de detenci\u00f3n y extradici\u00f3n de EE. UU. en el marco de las investigaciones tras la detenci\u00f3n de capos del narcotr\u00e1fico, gobernadores, legisladores y miembros de su partido se unieron para corear el <em>\u00abNo est\u00e1s solo\u00bb<\/em> en el pleno de la C\u00e1mara de Diputados, mostrando una defensa corporativa del m\u00e1s alto nivel.<\/p>\n\n\n\n<p>Sin embargo, despu\u00e9s de 112 d\u00edas de haber solicitado licencia al cargo, el intento por reincorporarse como gobernador provoc\u00f3 un giro dram\u00e1tico en la postura del partido y del gobierno federal, es decir, de la presidencia de la Rep\u00fablica.<\/p>\n\n\n\n<p>La dirigencia de morena lo calific\u00f3 como una <em>\u00abdecisi\u00f3n personal\u00bb<\/em>, desvinculando categ\u00f3ricamente a la dirigencia nacional de las acciones del mandatario estatal.<\/p>\n\n\n\n<p>La Secretar\u00eda de Gobernaci\u00f3n, en nombre de la presidencia y del gobierno federal, emiti\u00f3 una declaraci\u00f3n similar, subrayando que la decisi\u00f3n fue <em>\u00abpersonal y no conocida\u00bb<\/em>, marcando una distancia oficial que parece definitiva.<\/p>\n\n\n\n<p>Ricardo Monreal, quien antes coordinaba los aplausos y respaldos, le solicit\u00f3 p\u00fablicamente <em>\u00abreconsiderar\u00bb<\/em> su regreso a la gubernatura, dando una se\u00f1al inequ\u00edvoca de que la protecci\u00f3n hab\u00eda expirado.<\/p>\n\n\n\n<p>La carta de apoyo de los gobernadores, firmada meses atr\u00e1s, fue reemplazada por un silencio sepulcral y una nueva carta, retirando su respaldo.<\/p>\n\n\n\n<p>La secuencia de eventos no es una casualidad, sino la manifestaci\u00f3n de una realineaci\u00f3n de poder. &nbsp;El \u00abcaso Rocha Moya\u00bb se convierte en el ejemplo emblem\u00e1tico de este momento, haciendo evidente el t\u00e9rmino de los compromisos del pasado, para iniciar con las prioridades del nuevo gobierno.<\/p>\n\n\n\n<p>La licenciaindefinida de Rocha Moya, anunciada por Ignacio Mier, bajo el eufemismo de <em>\u00abhonrar su trayectoria\u00bb<\/em>, es el resultado de una presi\u00f3n insostenible evidenciando que su capital pol\u00edtico se hab\u00eda agotado y que su permanencia resultaba muy da\u00f1ina e insostenible en estos momentos.<\/p>\n\n\n\n<p>Ahora no le van a gritar \u00a1No est\u00e1s solo!, pero sabemos que en la mente y en el pecho de los militantes de morena, legisladores, presidentes municipales y gobernadores, ahogan la expresi\u00f3n: \u00a1Ya est\u00e1s solo!<\/p>\n\n\n\n<p>*Es Polit\u00f3logo<\/p>\n\n\n\n<hr class=\"wp-block-separator has-alpha-channel-opacity\"\/>\n\n\n\n<p><strong>+ OPINI\u00d3N : Las opiniones expresadas son responsabilidad del autor<\/strong><\/p>\n","protected":false},"excerpt":{"rendered":"<p>Por: Humberto Aguilar Coronado La estructura de poder dentro de Morena ha sufrido una fractura importante. La ca\u00edda pol\u00edtica del [&hellip;]<\/p>\n","protected":false},"author":1,"featured_media":119918,"comment_status":"open","ping_status":"open","sticky":false,"template":"","format":"standard","meta":{"site-sidebar-layout":"default","site-content-layout":"","ast-site-content-layout":"default","site-content-style":"default","site-sidebar-style":"default","ast-global-header-display":"","ast-banner-title-visibility":"","ast-main-header-display":"","ast-hfb-above-header-display":"","ast-hfb-below-header-display":"","ast-hfb-mobile-header-display":"","site-post-title":"","ast-breadcrumbs-content":"","ast-featured-img":"","footer-sml-layout":"","theme-transparent-header-meta":"","adv-header-id-meta":"","stick-header-meta":"","header-above-stick-meta":"","header-main-stick-meta":"","header-below-stick-meta":"","astra-migrate-meta-layouts":"default","ast-page-background-enabled":"default","ast-page-background-meta":{"desktop":{"background-color":"var(--ast-global-color-4)","background-image":"","background-repeat":"repeat","background-position":"center center","background-size":"auto","background-attachment":"scroll","background-type":"","background-media":"","overlay-type":"","overlay-color":"","overlay-opacity":"","overlay-gradient":""},"tablet":{"background-color":"","background-image":"","background-repeat":"repeat","background-position":"center center","background-size":"auto","background-attachment":"scroll","background-type":"","background-media":"","overlay-type":"","overlay-color":"","overlay-opacity":"","overlay-gradient":""},"mobile":{"background-color":"","background-image":"","background-repeat":"repeat","background-position":"center center","background-size":"auto","background-attachment":"scroll","background-type":"","background-media":"","overlay-type":"","overlay-color":"","overlay-opacity":"","overlay-gradient":""}},"ast-content-background-meta":{"desktop":{"background-color":"var(--ast-global-color-5)","background-image":"","background-repeat":"repeat","background-position":"center center","background-size":"auto","background-attachment":"scroll","background-type":"","background-media":"","overlay-type":"","overlay-color":"","overlay-opacity":"","overlay-gradient":""},"tablet":{"background-color":"var(--ast-global-color-5)","background-image":"","background-repeat":"repeat","background-position":"center center","background-size":"auto","background-attachment":"scroll","background-type":"","background-media":"","overlay-type":"","overlay-color":"","overlay-opacity":"","overlay-gradient":""},"mobile":{"background-color":"var(--ast-global-color-5)","background-image":"","background-repeat":"repeat","background-position":"center center","background-size":"auto","background-attachment":"scroll","background-type":"","background-media":"","overlay-type":"","overlay-color":"","overlay-opacity":"","overlay-gradient":""}},"footnotes":""},"categories":[8,18],"tags":[52640],"class_list":["post-129273","post","type-post","status-publish","format-standard","has-post-thumbnail","hentry","category-noticias","category-palabra-de-tigre","tag-rocha-mota-esta-solo"],"_links":{"self":[{"href":"https:\/\/losperiodistas.com.mx\/portal\/wp-json\/wp\/v2\/posts\/129273","targetHints":{"allow":["GET"]}}],"collection":[{"href":"https:\/\/losperiodistas.com.mx\/portal\/wp-json\/wp\/v2\/posts"}],"about":[{"href":"https:\/\/losperiodistas.com.mx\/portal\/wp-json\/wp\/v2\/types\/post"}],"author":[{"embeddable":true,"href":"https:\/\/losperiodistas.com.mx\/portal\/wp-json\/wp\/v2\/users\/1"}],"replies":[{"embeddable":true,"href":"https:\/\/losperiodistas.com.mx\/portal\/wp-json\/wp\/v2\/comments?post=129273"}],"version-history":[{"count":1,"href":"https:\/\/losperiodistas.com.mx\/portal\/wp-json\/wp\/v2\/posts\/129273\/revisions"}],"predecessor-version":[{"id":129274,"href":"https:\/\/losperiodistas.com.mx\/portal\/wp-json\/wp\/v2\/posts\/129273\/revisions\/129274"}],"wp:featuredmedia":[{"embeddable":true,"href":"https:\/\/losperiodistas.com.mx\/portal\/wp-json\/wp\/v2\/media\/119918"}],"wp:attachment":[{"href":"https:\/\/losperiodistas.com.mx\/portal\/wp-json\/wp\/v2\/media?parent=129273"}],"wp:term":[{"taxonomy":"category","embeddable":true,"href":"https:\/\/losperiodistas.com.mx\/portal\/wp-json\/wp\/v2\/categories?post=129273"},{"taxonomy":"post_tag","embeddable":true,"href":"https:\/\/losperiodistas.com.mx\/portal\/wp-json\/wp\/v2\/tags?post=129273"}],"curies":[{"name":"wp","href":"https:\/\/api.w.org\/{rel}","templated":true}]}}