{"id":129259,"date":"2026-08-25T04:24:08","date_gmt":"2026-08-25T10:24:08","guid":{"rendered":"https:\/\/losperiodistas.com.mx\/portal\/?p=129259"},"modified":"2026-08-25T04:24:09","modified_gmt":"2026-08-25T10:24:09","slug":"pasa-a-fase-romana-la-beatificacion-de-2-martires-mexicanos-aleteia","status":"publish","type":"post","link":"https:\/\/losperiodistas.com.mx\/portal\/pasa-a-fase-romana-la-beatificacion-de-2-martires-mexicanos-aleteia\/","title":{"rendered":"Pasa a fase romana la beatificaci\u00f3n de 2 m\u00e1rtires mexicanos | Aleteia"},"content":{"rendered":"\n<p class=\"has-luminous-vivid-amber-background-color has-background has-medium-font-size\">El proceso para beatificar a los Siervos de Dios Jes\u00fas y Dolores Sierra concluy\u00f3 con la fase diocesana. La causa ir\u00e1 a Roma donde ser\u00e1 estudiada por expertos<\/p>\n\n\n\n<figure class=\"wp-block-image size-large\"><img fetchpriority=\"high\" decoding=\"async\" width=\"1024\" height=\"576\" src=\"https:\/\/losperiodistas.com.mx\/portal\/wp-content\/uploads\/2026\/08\/Tribunal-ad-casum-diocesis-de-Celaya-1024x576.jpeg\" alt=\"\" class=\"wp-image-129260\" srcset=\"https:\/\/losperiodistas.com.mx\/portal\/wp-content\/uploads\/2026\/08\/Tribunal-ad-casum-diocesis-de-Celaya-1024x576.jpeg 1024w, https:\/\/losperiodistas.com.mx\/portal\/wp-content\/uploads\/2026\/08\/Tribunal-ad-casum-diocesis-de-Celaya-300x169.jpeg 300w, https:\/\/losperiodistas.com.mx\/portal\/wp-content\/uploads\/2026\/08\/Tribunal-ad-casum-diocesis-de-Celaya-768x432.jpeg 768w, https:\/\/losperiodistas.com.mx\/portal\/wp-content\/uploads\/2026\/08\/Tribunal-ad-casum-diocesis-de-Celaya.jpeg 1200w\" sizes=\"(max-width: 1024px) 100vw, 1024px\" \/><figcaption class=\"wp-element-caption\"><em>Cr\u00e9dito:\u00a0M\u00f3nica Mu\u00f1oz<\/em><\/figcaption><\/figure>\n\n\n\n<p><a href=\"https:\/\/es.aleteia.org\/author\/monica-munoz\/\">M\u00f3nica Mu\u00f1oz<\/a> \/ Aleteia<\/p>\n\n\n\n<p class=\"has-drop-cap\">M\u00e9xico es un pa\u00eds que tiene pocos santos y beatos &#8211; poco menos de sesenta -, sin embargo, actualmente est\u00e1n activas varias causas de beatificaci\u00f3n y canonizaci\u00f3n, entre ellas, la de los hermanos Jes\u00fas y Dolores Sierra Vera, dos laicos que murieron junto al beato El\u00edas del Socorro Nieves y cuya fase diocesana ha concluido. El siguiente paso es la fase romana, en la que se analizar\u00e1n las pruebas de la causa de los m\u00e1rtires guanajuatenses.<\/p>\n\n\n\n<h2 class=\"wp-block-heading\" id=\"clausura-de-la-fase-diocesana\">Clausura de la fase diocesana<\/h2>\n\n\n\n<figure class=\"wp-block-image\"><img decoding=\"async\" src=\"https:\/\/wp.es.aleteia.org\/wp-content\/uploads\/sites\/7\/2026\/08\/ultima-sesio-fase-diocesana-hermanos-sierra.jpg?resize=1200,717&amp;q=75\" alt=\"fase diocesana, proceso de beatificaci\u00f3n, m\u00e1rtires mexicanos, Dicasterio para las causas de los santos, di\u00f3cesis de Celaya\"\/><figcaption class=\"wp-element-caption\">\u00daltima sesi\u00f3n del Tribunal ad casum del proceso de beatificaci\u00f3n de los hermanos Sierra Vera<\/figcaption><\/figure>\n\n\n\n<p>El pasado 9 de enero se llev\u00f3 a cabo la primera sesi\u00f3n del Tribunal<em>&nbsp;ad casum&nbsp;<\/em>que realiz\u00f3 la investigaci\u00f3n hist\u00f3rica y busc\u00f3 testigos que dieran fe de la fama del martirio de los hermanos Sierra. Fueron ocho meses de trabajo arduo entre hacer entrevistas y recabar informaci\u00f3n en archivos parroquiales y civiles, recolectar documentos, fotos y notas period\u00edsticas.<\/p>\n\n\n\n<p>Incluso se busc\u00f3 a los familiares, de los cuales hubo algunos presentes en la ceremonia de clausura de la fase diocesana, que se realiz\u00f3 de manera solemne con la \u00faltima sesi\u00f3n de Tribunal, el pasado 14 de agosto en la Catedral de Celaya, perteneciente al estado de Guanajuato en M\u00e9xico.<\/p>\n\n\n\n<p>Fue el obispo de la&nbsp;<a href=\"https:\/\/www.diocesisdecelaya.mx\/\" target=\"_blank\" rel=\"noreferrer noopener\">Di\u00f3cesis de Celaya<\/a>, Mons. V\u00edctor Alejandro Aguilar Ledesma quien ley\u00f3 el acta de clausura, misma que firm\u00f3 junto al notario actuario y los sacerdotes que conformaron en ahora extinto Tribunal&nbsp;<em>ad casum,<\/em>&nbsp;y que se incluy\u00f3 con los documentos que ser\u00e1n enviados al&nbsp;<a href=\"https:\/\/www.vatican.va\/content\/romancuria\/es\/dicasteri\/dicastero-cause-santi\/profilo.html\" target=\"_blank\" rel=\"noreferrer noopener\">Dicasterio para las Causas de los Santos<\/a>, donde ser\u00e1n revisados minuciosamente.<\/p>\n\n\n\n<figure class=\"wp-block-image\"><img decoding=\"async\" src=\"https:\/\/wp.es.aleteia.org\/wp-content\/uploads\/sites\/7\/2026\/01\/612519048_1333248252179714_4714991903310946880_n.jpg?resize=300,150&amp;q=75\" alt=\"Estos hermanos acompa\u00f1aron a su amigo sacerdote a la muerte\"\/><\/figure>\n\n\n\n<p><a href=\"https:\/\/es.aleteia.org\/2026\/01\/21\/estos-hermanos-acompanaron-a-su-amigo-sacerdote-a-la-muerte\/\"><\/a><\/p>\n\n\n\n<h3 class=\"wp-block-heading\" id=\"related-article-title\"><a href=\"https:\/\/es.aleteia.org\/2026\/01\/21\/estos-hermanos-acompanaron-a-su-amigo-sacerdote-a-la-muerte\/\">Estos hermanos acompa\u00f1aron a su amigo sacerdote a la muerte<\/a><\/h3>\n\n\n\n<p><a href=\"https:\/\/es.aleteia.org\/2026\/01\/21\/estos-hermanos-acompanaron-a-su-amigo-sacerdote-a-la-muerte\/\"><em>Lea el art\u00edculo<\/em><\/a><\/p>\n\n\n\n<h2 class=\"wp-block-heading\" id=\"solo-queda-rezar\">Solo queda rezar<\/h2>\n\n\n\n<figure class=\"wp-block-image\"><img decoding=\"async\" src=\"https:\/\/wp.es.aleteia.org\/wp-content\/uploads\/sites\/7\/2026\/08\/descendientes-hermanos-Sierra-Vera.jpg?resize=1200,800&amp;q=75\" alt=\"fase diocesana, proceso de beatificaci\u00f3n, m\u00e1rtires mexicanos, Dicasterio para las causas de los santos, di\u00f3cesis de Celaya\"\/><figcaption class=\"wp-element-caption\">Descendientes de los Siervos de Dios, Jes\u00fas y Dolores Sierra Vera<\/figcaption><\/figure>\n\n\n\n<p>Durante el acto de clausura, el postulador, Pbro.&nbsp;<a href=\"https:\/\/agustinos.es\/congreso-del-instituto-historico-agustiniano\/\" target=\"_blank\" rel=\"noreferrer noopener\">Josef Sciberras OSA<\/a>&nbsp;expres\u00f3 su agradecimiento a todos los que trabajaron, especialmente al Obispo y al actor, al padre Adolfo Manzano y a los miembros de tribunal, porque la celebraci\u00f3n marca \u201cla historia de esta di\u00f3cesis\u201d por tratarse de la primera causa de canonizaci\u00f3n abierta en este lugar.<\/p>\n\n\n\n<p>Subray\u00f3 la importancia que significa tener una causa de beatificaci\u00f3n y de declaraci\u00f3n del martirio, como es el caso de los hermanos Sierra, para la Iglesia local. Afirm\u00f3 que \u201clas causas de los santos no son un premio al pasado, pero son un camino hacia el futuro, un camino pastoral, un camino de evangelizaci\u00f3n\u201d.<\/p>\n\n\n\n<p>Ahora toca a la Di\u00f3cesis de Celaya hacer mucha oraci\u00f3n porque en el Dicasterio ser\u00e1n estudiadas las pruebas por expertos, historiadores y te\u00f3logos, y, al final, veinti\u00fan cardenales dar\u00e1n su opini\u00f3n al Santo Padre, que es el \u00fanico juez en todas las causas de los santos, para que los Siervos de Dios sean declarados Beatos.<\/p>\n\n\n\n<p>Fuente: <a href=\"https:\/\/es.aleteia.org\/2026\/08\/24\/pasa-a-fase-romana-la-beatificacion-de-2-martires-mexicanos\/\">https:\/\/es.aleteia.org\/2026\/08\/24\/pasa-a-fase-romana-la-beatificacion-de-2-martires-mexicanos\/<\/a><\/p>\n","protected":false},"excerpt":{"rendered":"<p>El proceso para beatificar a los Siervos de Dios Jes\u00fas y Dolores Sierra concluy\u00f3 con la fase diocesana. La causa [&hellip;]<\/p>\n","protected":false},"author":1,"featured_media":129260,"comment_status":"open","ping_status":"open","sticky":false,"template":"","format":"standard","meta":{"site-sidebar-layout":"default","site-content-layout":"","ast-site-content-layout":"default","site-content-style":"default","site-sidebar-style":"default","ast-global-header-display":"","ast-banner-title-visibility":"","ast-main-header-display":"","ast-hfb-above-header-display":"","ast-hfb-below-header-display":"","ast-hfb-mobile-header-display":"","site-post-title":"","ast-breadcrumbs-content":"","ast-featured-img":"","footer-sml-layout":"","theme-transparent-header-meta":"","adv-header-id-meta":"","stick-header-meta":"","header-above-stick-meta":"","header-main-stick-meta":"","header-below-stick-meta":"","astra-migrate-meta-layouts":"default","ast-page-background-enabled":"default","ast-page-background-meta":{"desktop":{"background-color":"var(--ast-global-color-4)","background-image":"","background-repeat":"repeat","background-position":"center center","background-size":"auto","background-attachment":"scroll","background-type":"","background-media":"","overlay-type":"","overlay-color":"","overlay-opacity":"","overlay-gradient":""},"tablet":{"background-color":"","background-image":"","background-repeat":"repeat","background-position":"center center","background-size":"auto","background-attachment":"scroll","background-type":"","background-media":"","overlay-type":"","overlay-color":"","overlay-opacity":"","overlay-gradient":""},"mobile":{"background-color":"","background-image":"","background-repeat":"repeat","background-position":"center center","background-size":"auto","background-attachment":"scroll","background-type":"","background-media":"","overlay-type":"","overlay-color":"","overlay-opacity":"","overlay-gradient":""}},"ast-content-background-meta":{"desktop":{"background-color":"var(--ast-global-color-5)","background-image":"","background-repeat":"repeat","background-position":"center center","background-size":"auto","background-attachment":"scroll","background-type":"","background-media":"","overlay-type":"","overlay-color":"","overlay-opacity":"","overlay-gradient":""},"tablet":{"background-color":"var(--ast-global-color-5)","background-image":"","background-repeat":"repeat","background-position":"center center","background-size":"auto","background-attachment":"scroll","background-type":"","background-media":"","overlay-type":"","overlay-color":"","overlay-opacity":"","overlay-gradient":""},"mobile":{"background-color":"var(--ast-global-color-5)","background-image":"","background-repeat":"repeat","background-position":"center center","background-size":"auto","background-attachment":"scroll","background-type":"","background-media":"","overlay-type":"","overlay-color":"","overlay-opacity":"","overlay-gradient":""}},"footnotes":""},"categories":[8],"tags":[52630,52633,52632,52631],"class_list":["post-129259","post","type-post","status-publish","format-standard","has-post-thumbnail","hentry","category-noticias","tag-beatoficacion-martires-mexicanos","tag-diocesis-de-celaya","tag-jesus-y-dolores-sierra","tag-siervos-de-dios"],"_links":{"self":[{"href":"https:\/\/losperiodistas.com.mx\/portal\/wp-json\/wp\/v2\/posts\/129259","targetHints":{"allow":["GET"]}}],"collection":[{"href":"https:\/\/losperiodistas.com.mx\/portal\/wp-json\/wp\/v2\/posts"}],"about":[{"href":"https:\/\/losperiodistas.com.mx\/portal\/wp-json\/wp\/v2\/types\/post"}],"author":[{"embeddable":true,"href":"https:\/\/losperiodistas.com.mx\/portal\/wp-json\/wp\/v2\/users\/1"}],"replies":[{"embeddable":true,"href":"https:\/\/losperiodistas.com.mx\/portal\/wp-json\/wp\/v2\/comments?post=129259"}],"version-history":[{"count":1,"href":"https:\/\/losperiodistas.com.mx\/portal\/wp-json\/wp\/v2\/posts\/129259\/revisions"}],"predecessor-version":[{"id":129261,"href":"https:\/\/losperiodistas.com.mx\/portal\/wp-json\/wp\/v2\/posts\/129259\/revisions\/129261"}],"wp:featuredmedia":[{"embeddable":true,"href":"https:\/\/losperiodistas.com.mx\/portal\/wp-json\/wp\/v2\/media\/129260"}],"wp:attachment":[{"href":"https:\/\/losperiodistas.com.mx\/portal\/wp-json\/wp\/v2\/media?parent=129259"}],"wp:term":[{"taxonomy":"category","embeddable":true,"href":"https:\/\/losperiodistas.com.mx\/portal\/wp-json\/wp\/v2\/categories?post=129259"},{"taxonomy":"post_tag","embeddable":true,"href":"https:\/\/losperiodistas.com.mx\/portal\/wp-json\/wp\/v2\/tags?post=129259"}],"curies":[{"name":"wp","href":"https:\/\/api.w.org\/{rel}","templated":true}]}}