{"id":129241,"date":"2026-08-24T21:45:37","date_gmt":"2026-08-25T03:45:37","guid":{"rendered":"https:\/\/losperiodistas.com.mx\/portal\/?p=129241"},"modified":"2026-08-24T21:45:39","modified_gmt":"2026-08-25T03:45:39","slug":"ee-uu-pone-en-la-mira-hasta-200-mil-visas-de-extranjeros-seria-la-mayor-revocacion-masiva-de-este-documento-unotv","status":"publish","type":"post","link":"https:\/\/losperiodistas.com.mx\/portal\/ee-uu-pone-en-la-mira-hasta-200-mil-visas-de-extranjeros-seria-la-mayor-revocacion-masiva-de-este-documento-unotv\/","title":{"rendered":"EE.UU. pone en la mira hasta 200 mil visas de extranjeros; ser\u00eda la mayor revocaci\u00f3n masiva de este documento | UnoTV"},"content":{"rendered":"\n<figure class=\"wp-block-image size-large\"><img fetchpriority=\"high\" decoding=\"async\" width=\"1024\" height=\"576\" src=\"https:\/\/losperiodistas.com.mx\/portal\/wp-content\/uploads\/2026\/08\/TrumpRevocacionVisas-1024x576.png\" alt=\"\" class=\"wp-image-129242\" srcset=\"https:\/\/losperiodistas.com.mx\/portal\/wp-content\/uploads\/2026\/08\/TrumpRevocacionVisas-1024x576.png 1024w, https:\/\/losperiodistas.com.mx\/portal\/wp-content\/uploads\/2026\/08\/TrumpRevocacionVisas-300x169.png 300w, https:\/\/losperiodistas.com.mx\/portal\/wp-content\/uploads\/2026\/08\/TrumpRevocacionVisas-768x432.png 768w, https:\/\/losperiodistas.com.mx\/portal\/wp-content\/uploads\/2026\/08\/TrumpRevocacionVisas.png 1358w\" sizes=\"(max-width: 1024px) 100vw, 1024px\" \/><figcaption class=\"wp-element-caption\">Donald Trump, presidente de Estados Unidos. Foto: Reuters <\/figcaption><\/figure>\n\n\n\n<p class=\"has-vivid-red-color has-text-color has-link-color wp-elements-d37490d0f4150681fd6ff7163e185a26\">Alejandra Guzm\u00e1n \/ Agencia<\/p>\n\n\n\n<p>El gobierno de <strong>Donald Trump<\/strong> se estar\u00eda preparando para revocar hasta 200 mil visas de <strong>negocios y turismo<\/strong> a <strong>extranjeros <\/strong>que han solicitado o est\u00e1n solicitando <strong>asilo en Estados Unidos<\/strong>, de acuerdo con documentos del <strong>Departamento de Estado <\/strong>obtenidos por <em>Associated Press (AP).<\/em><\/p>\n\n\n\n<p>La medida podr\u00eda convertirse en la <strong>mayor revocaci\u00f3n masiva de visas<\/strong> en la historia del pa\u00eds y, de concretarse, podr\u00eda enfrentar impugnaciones legales.<\/p>\n\n\n\n<h2 class=\"wp-block-heading\" id=\"h-que-visas-serian-revocadas-por-el-gobierno-de-trump\">\u00bfQu\u00e9 visas ser\u00edan revocadas por el gobierno de Trump?<\/h2>\n\n\n\n<p>La medida contempla las visas <strong>B1 y B2<\/strong> emitidas entre 2016 y 2026 cuyos titulares hayan solicitado asilo o tengan actualmente una petici\u00f3n en tr\u00e1mite.<\/p>\n\n\n\n<p>El Departamento de Estado trabaja en coordinaci\u00f3n con el <strong>Departamento de Seguridad Nacional (DHS)<\/strong> para identificar a las personas que ingresaron a Estados Unidos como visitantes de corta duraci\u00f3n y despu\u00e9s <strong>solicitaron protecci\u00f3n <\/strong>para <strong>permanecer <\/strong>en el <strong>pa\u00eds<\/strong>.<\/p>\n\n\n\n<p>Tommy Pigott, portavoz del <strong>Departamento de Estado<\/strong>, confirm\u00f3 la revisi\u00f3n, aunque evit\u00f3 precisar cu\u00e1ntas visas ser\u00e1n canceladas. Explic\u00f3 que el proceso ser\u00e1 continuo, por lo que la cantidad de <strong>revocaciones de visas<\/strong> podr\u00eda cambiar.<\/p>\n\n\n\n<blockquote class=\"wp-block-quote is-layout-flow wp-block-quote-is-layout-flow\">\n<p>\u201cEstamos coordinando con el DHS para identificar y revocar las visas de no inmigrante de los extranjeros que han llegado a Estados Unidos alegando ser visitantes de corta duraci\u00f3n, pero que luego solicitan asilo para quedarse aqu\u00ed de forma permanente\u2026 como el proceso estar\u00e1 en curso, la cantidad de revocaciones sigue siendo din\u00e1mica y se realizar\u00e1 de forma continua\u201d,<\/p>\n\n\n\n<p>Tommy Pigott, portavoz del Departamento de Estado de Estados Unidos<\/p>\n<\/blockquote>\n\n\n\n<p>Las visas <strong>B1<\/strong> se utilizan principalmente para <strong>viajes de negocios<\/strong>, mientras que las <strong>B2<\/strong> corresponden a <strong>turismo<\/strong>, <strong>visitas familiares <\/strong>o <strong>atenci\u00f3n m\u00e9dica<\/strong>.<\/p>\n\n\n\n<h2 class=\"wp-block-heading\" id=\"h-revocacion-de-visa-no-implica-deportacion-inmediata\">Revocaci\u00f3n de visa no implica deportaci\u00f3n inmediata<\/h2>\n\n\n\n<p>De acuerdo con &nbsp;la <em>AP<\/em>, la <strong>cancelaci\u00f3n <\/strong>de estas visas <strong>no significar\u00eda necesariamente una deportaci\u00f3n inmediata<\/strong>.<\/p>\n\n\n\n<p>Las personas con solicitudes de asilo pendientes podr\u00edan ser reclasificadas, pero perder\u00edan su estatus como visitantes de negocios o turismo.<\/p>\n\n\n\n<p>Adem\u00e1s, las <strong>revocaciones <\/strong>todav\u00eda no son definitivas y que podr\u00edan sufrir <strong>modificaciones <\/strong>o ser <strong>impugnadas <\/strong>ante <strong>tribunales<\/strong>.<\/p>\n\n\n\n<h2 class=\"wp-block-heading\" id=\"h-trump-endurece-las-reglas-migratorias-en-eu\">Trump endurece las reglas migratorias en EU<\/h2>\n\n\n\n<p>Desde el inicio de su segundo mandato, la <strong>administraci\u00f3n Trump <\/strong>ha incrementado las <strong>restricciones migratorias<\/strong>, incluyendo mayores revisiones de <strong>antecedentes <\/strong>y <strong>redes sociales<\/strong>, requisitos de fianzas para algunos <strong>solicitantes <\/strong>y <strong>prohibiciones <\/strong>de visa para ciudadanos de determinados <strong>pa\u00edses<\/strong>.<\/p>\n\n\n\n<p>En los <strong>\u00faltimos 18 meses<\/strong>, el <strong>Departamento de Estado<\/strong> ha revocado alrededor de <strong>175 mil visas<\/strong> por acusaciones o condenas relacionadas con delitos desde conducir en estado de ebriedad hasta violaci\u00f3n y robo, as\u00ed como por otras circunstancias.<\/p>\n\n\n\n<p>La revisi\u00f3n de visas B1 y B2 comenz\u00f3 despu\u00e9s de que el <strong>Departamento de Estado<\/strong> recibi\u00f3 informaci\u00f3n sobre solicitudes de asilo del <strong>Servicio de Ciudadan\u00eda e Inmigraci\u00f3n de Estados Unidos (USCIS)<\/strong>.<\/p>\n\n\n\n<p>Fuente: <a href=\"https:\/\/www.unotv.com\/internacional\/trump-revocacion-200-mil-visas-solicitantes-asilo-eeuu\/\" target=\"_blank\" rel=\"noreferrer noopener\">UnoTV<\/a><\/p>\n","protected":false},"excerpt":{"rendered":"<p>Alejandra Guzm\u00e1n \/ Agencia El gobierno de Donald Trump se estar\u00eda preparando para revocar hasta 200 mil visas de negocios [&hellip;]<\/p>\n","protected":false},"author":1,"featured_media":129242,"comment_status":"open","ping_status":"open","sticky":false,"template":"","format":"standard","meta":{"site-sidebar-layout":"default","site-content-layout":"","ast-site-content-layout":"default","site-content-style":"default","site-sidebar-style":"default","ast-global-header-display":"","ast-banner-title-visibility":"","ast-main-header-display":"","ast-hfb-above-header-display":"","ast-hfb-below-header-display":"","ast-hfb-mobile-header-display":"","site-post-title":"","ast-breadcrumbs-content":"","ast-featured-img":"","footer-sml-layout":"","theme-transparent-header-meta":"","adv-header-id-meta":"","stick-header-meta":"","header-above-stick-meta":"","header-main-stick-meta":"","header-below-stick-meta":"","astra-migrate-meta-layouts":"default","ast-page-background-enabled":"default","ast-page-background-meta":{"desktop":{"background-color":"var(--ast-global-color-4)","background-image":"","background-repeat":"repeat","background-position":"center center","background-size":"auto","background-attachment":"scroll","background-type":"","background-media":"","overlay-type":"","overlay-color":"","overlay-opacity":"","overlay-gradient":""},"tablet":{"background-color":"","background-image":"","background-repeat":"repeat","background-position":"center center","background-size":"auto","background-attachment":"scroll","background-type":"","background-media":"","overlay-type":"","overlay-color":"","overlay-opacity":"","overlay-gradient":""},"mobile":{"background-color":"","background-image":"","background-repeat":"repeat","background-position":"center center","background-size":"auto","background-attachment":"scroll","background-type":"","background-media":"","overlay-type":"","overlay-color":"","overlay-opacity":"","overlay-gradient":""}},"ast-content-background-meta":{"desktop":{"background-color":"var(--ast-global-color-5)","background-image":"","background-repeat":"repeat","background-position":"center center","background-size":"auto","background-attachment":"scroll","background-type":"","background-media":"","overlay-type":"","overlay-color":"","overlay-opacity":"","overlay-gradient":""},"tablet":{"background-color":"var(--ast-global-color-5)","background-image":"","background-repeat":"repeat","background-position":"center center","background-size":"auto","background-attachment":"scroll","background-type":"","background-media":"","overlay-type":"","overlay-color":"","overlay-opacity":"","overlay-gradient":""},"mobile":{"background-color":"var(--ast-global-color-5)","background-image":"","background-repeat":"repeat","background-position":"center center","background-size":"auto","background-attachment":"scroll","background-type":"","background-media":"","overlay-type":"","overlay-color":"","overlay-opacity":"","overlay-gradient":""}},"footnotes":""},"categories":[8],"tags":[52621,33172,5257,36810,52626,52622,52625,52623],"class_list":["post-129241","post","type-post","status-publish","format-standard","has-post-thumbnail","hentry","category-noticias","tag-200-mil-visas","tag-departamento-de-seguridad-nacional","tag-donald-trump","tag-ee-uu-2","tag-reglas-migratorias","tag-revocacion-masica-de-visas","tag-solicitud-de-asilo","tag-visas-b1-y-b2"],"_links":{"self":[{"href":"https:\/\/losperiodistas.com.mx\/portal\/wp-json\/wp\/v2\/posts\/129241","targetHints":{"allow":["GET"]}}],"collection":[{"href":"https:\/\/losperiodistas.com.mx\/portal\/wp-json\/wp\/v2\/posts"}],"about":[{"href":"https:\/\/losperiodistas.com.mx\/portal\/wp-json\/wp\/v2\/types\/post"}],"author":[{"embeddable":true,"href":"https:\/\/losperiodistas.com.mx\/portal\/wp-json\/wp\/v2\/users\/1"}],"replies":[{"embeddable":true,"href":"https:\/\/losperiodistas.com.mx\/portal\/wp-json\/wp\/v2\/comments?post=129241"}],"version-history":[{"count":1,"href":"https:\/\/losperiodistas.com.mx\/portal\/wp-json\/wp\/v2\/posts\/129241\/revisions"}],"predecessor-version":[{"id":129243,"href":"https:\/\/losperiodistas.com.mx\/portal\/wp-json\/wp\/v2\/posts\/129241\/revisions\/129243"}],"wp:featuredmedia":[{"embeddable":true,"href":"https:\/\/losperiodistas.com.mx\/portal\/wp-json\/wp\/v2\/media\/129242"}],"wp:attachment":[{"href":"https:\/\/losperiodistas.com.mx\/portal\/wp-json\/wp\/v2\/media?parent=129241"}],"wp:term":[{"taxonomy":"category","embeddable":true,"href":"https:\/\/losperiodistas.com.mx\/portal\/wp-json\/wp\/v2\/categories?post=129241"},{"taxonomy":"post_tag","embeddable":true,"href":"https:\/\/losperiodistas.com.mx\/portal\/wp-json\/wp\/v2\/tags?post=129241"}],"curies":[{"name":"wp","href":"https:\/\/api.w.org\/{rel}","templated":true}]}}