{"id":129237,"date":"2026-08-24T21:29:33","date_gmt":"2026-08-25T03:29:33","guid":{"rendered":"https:\/\/losperiodistas.com.mx\/portal\/?p=129237"},"modified":"2026-08-24T21:29:35","modified_gmt":"2026-08-25T03:29:35","slug":"gobiernos-estatales-de-puebla-y-veracruz-refuerzan-coordinacion-en-materia-de-seguridad","status":"publish","type":"post","link":"https:\/\/losperiodistas.com.mx\/portal\/gobiernos-estatales-de-puebla-y-veracruz-refuerzan-coordinacion-en-materia-de-seguridad\/","title":{"rendered":"Gobiernos estatales de Puebla y Veracruz refuerzan coordinaci\u00f3n en materia de seguridad"},"content":{"rendered":"\n<p><em>Tras la firma de acuerdo con las 7 entidades, este tipo de reuniones se llevan a cabo de manera frecuente para el intercambio de informaci\u00f3n, estrategias y acciones.<\/em><\/p>\n\n\n\n<figure class=\"wp-block-image size-large\"><img fetchpriority=\"high\" decoding=\"async\" width=\"1024\" height=\"683\" src=\"https:\/\/losperiodistas.com.mx\/portal\/wp-content\/uploads\/2026\/08\/Puebla-Veracruz-1024x683.jpeg\" alt=\"\" class=\"wp-image-129238\" srcset=\"https:\/\/losperiodistas.com.mx\/portal\/wp-content\/uploads\/2026\/08\/Puebla-Veracruz-1024x683.jpeg 1024w, https:\/\/losperiodistas.com.mx\/portal\/wp-content\/uploads\/2026\/08\/Puebla-Veracruz-300x200.jpeg 300w, https:\/\/losperiodistas.com.mx\/portal\/wp-content\/uploads\/2026\/08\/Puebla-Veracruz-768x512.jpeg 768w, https:\/\/losperiodistas.com.mx\/portal\/wp-content\/uploads\/2026\/08\/Puebla-Veracruz.jpeg 1124w\" sizes=\"(max-width: 1024px) 100vw, 1024px\" \/><figcaption class=\"wp-element-caption\">Puebla y Veracruz refuerzan coordinaci\u00f3n en materia de seguridad.<\/figcaption><\/figure>\n\n\n\n<p class=\"has-vivid-red-color has-text-color has-link-color wp-elements-eb27e7450528140191efa4df35f811c5\">Redacci\u00f3n<\/p>\n\n\n\n<p>Con el objetivo de mantener acciones coordinadas en materia de seguridad, los gobiernos estatales de Puebla y Veracruz, sostuvieron la \u201cSegunda Reuni\u00f3n de Coordinaci\u00f3n\u201d, en la que se determinaron reforzar acciones de seguridad y se compartieron datos para mejorar estrategias a favor de las y los ciudadanos de ambas entidades.<\/p>\n\n\n\n<p>En representaci\u00f3n del Gobernador del Estado, Alejandro Armenta Mier, el secretario de Gobernaci\u00f3n, Samuel Aguilar Pala, refiri\u00f3 la importancia de este tipo de reuniones de organizaci\u00f3n que han permitido mejorar los resultados de seguridad, implementar nuevas estrategias e intercambiar informaci\u00f3n entre las autoridades de los estados que colindan con Puebla.<\/p>\n\n\n\n<p>Por parte de Veracruz, la gobernadora Roc\u00edo Nahle Garc\u00eda, reconoci\u00f3 el trabajo de su hom\u00f3logo poblano y la importancia de darle seguimiento a las acciones de construcci\u00f3n de la paz que ha liderado la presidenta Claudia Sheinbaum y que se llevan a cabo en todas las entidades del pa\u00eds, expuso que con Puebla no s\u00f3lo se unen territorios, sino el compromiso de atender causas sociales prioritarias y de lograr municipios con mayor estabilidad.<\/p>\n\n\n\n<figure class=\"wp-block-image size-large\"><img decoding=\"async\" width=\"1024\" height=\"683\" src=\"https:\/\/losperiodistas.com.mx\/portal\/wp-content\/uploads\/2026\/08\/Puebla-Veracruz2-1024x683.jpeg\" alt=\"\" class=\"wp-image-129239\" srcset=\"https:\/\/losperiodistas.com.mx\/portal\/wp-content\/uploads\/2026\/08\/Puebla-Veracruz2-1024x683.jpeg 1024w, https:\/\/losperiodistas.com.mx\/portal\/wp-content\/uploads\/2026\/08\/Puebla-Veracruz2-300x200.jpeg 300w, https:\/\/losperiodistas.com.mx\/portal\/wp-content\/uploads\/2026\/08\/Puebla-Veracruz2-768x512.jpeg 768w, https:\/\/losperiodistas.com.mx\/portal\/wp-content\/uploads\/2026\/08\/Puebla-Veracruz2.jpeg 1280w\" sizes=\"(max-width: 1024px) 100vw, 1024px\" \/><\/figure>\n\n\n\n<p>Adem\u00e1s, a la \u201cSegunda Reuni\u00f3n de Coordinaci\u00f3n\u201d acudieron autoridades de las Fiscal\u00edas Generales de ambas entidades, as\u00ed como los titulares de la VI Regi\u00f3n Militar, General de Brigada, Miguel \u00c1ngel Aguirre Lara, el Comandante de la 25 Zona Militar, General de Brigada Juan Ernesto Estrada Gonz\u00e1lez, el Coordinador Estatal Interino de la Guardia Nacional, General Brigadier, Juan Ram\u00f3n Corona Valencia y el Secretario de Seguridad P\u00fablica Estatal, Vicealmirante, Francisco S\u00e1nchez Gonz\u00e1lez, quien durante su intervenci\u00f3n expuso que se trabaja de la mano con autoridades de esta entidad, con quienes se intervienen 33 municipios que colindan desde diferentes puntos entre ambas entidades.<\/p>\n\n\n\n<p>En su intervenci\u00f3n, la Fiscal General del Estado de Puebla, Idamis Pastor Betancourt, agradeci\u00f3 la colaboraci\u00f3n de las autoridades veracruzanas con quienes se trabajan actividades estrat\u00e9gicas para tener resultados m\u00e1s certeros en investigaciones y actividades propias de estas instancias.<\/p>\n\n\n\n<p>Cabe mencionar, que tras la firma de convenio con los gobiernos de las 7 entidades que tienen colindancias con nuestra entidad, este tipo de reuniones se llevan a cabo, lo que ha permitido disminuir la incidencia de delitos del alto impacto en carreteras y municipios lim\u00edtrofes con Hidalgo, Morelos, Guerrero, Ciudad de M\u00e9xico, Tlaxcala, Oaxaca y Veracruz.<\/p>\n\n\n\n<p><\/p>\n","protected":false},"excerpt":{"rendered":"<p>Tras la firma de acuerdo con las 7 entidades, este tipo de reuniones se llevan a cabo de manera frecuente para el intercambio de informaci\u00f3n, estrategias y acciones.<\/p>\n","protected":false},"author":1,"featured_media":129238,"comment_status":"open","ping_status":"open","sticky":false,"template":"","format":"standard","meta":{"site-sidebar-layout":"default","site-content-layout":"","ast-site-content-layout":"default","site-content-style":"default","site-sidebar-style":"default","ast-global-header-display":"","ast-banner-title-visibility":"","ast-main-header-display":"","ast-hfb-above-header-display":"","ast-hfb-below-header-display":"","ast-hfb-mobile-header-display":"","site-post-title":"","ast-breadcrumbs-content":"","ast-featured-img":"","footer-sml-layout":"","theme-transparent-header-meta":"","adv-header-id-meta":"","stick-header-meta":"","header-above-stick-meta":"","header-main-stick-meta":"","header-below-stick-meta":"","astra-migrate-meta-layouts":"default","ast-page-background-enabled":"default","ast-page-background-meta":{"desktop":{"background-color":"var(--ast-global-color-4)","background-image":"","background-repeat":"repeat","background-position":"center center","background-size":"auto","background-attachment":"scroll","background-type":"","background-media":"","overlay-type":"","overlay-color":"","overlay-opacity":"","overlay-gradient":""},"tablet":{"background-color":"","background-image":"","background-repeat":"repeat","background-position":"center center","background-size":"auto","background-attachment":"scroll","background-type":"","background-media":"","overlay-type":"","overlay-color":"","overlay-opacity":"","overlay-gradient":""},"mobile":{"background-color":"","background-image":"","background-repeat":"repeat","background-position":"center center","background-size":"auto","background-attachment":"scroll","background-type":"","background-media":"","overlay-type":"","overlay-color":"","overlay-opacity":"","overlay-gradient":""}},"ast-content-background-meta":{"desktop":{"background-color":"var(--ast-global-color-5)","background-image":"","background-repeat":"repeat","background-position":"center center","background-size":"auto","background-attachment":"scroll","background-type":"","background-media":"","overlay-type":"","overlay-color":"","overlay-opacity":"","overlay-gradient":""},"tablet":{"background-color":"var(--ast-global-color-5)","background-image":"","background-repeat":"repeat","background-position":"center center","background-size":"auto","background-attachment":"scroll","background-type":"","background-media":"","overlay-type":"","overlay-color":"","overlay-opacity":"","overlay-gradient":""},"mobile":{"background-color":"var(--ast-global-color-5)","background-image":"","background-repeat":"repeat","background-position":"center center","background-size":"auto","background-attachment":"scroll","background-type":"","background-media":"","overlay-type":"","overlay-color":"","overlay-opacity":"","overlay-gradient":""}},"footnotes":""},"categories":[8],"tags":[3603,3795,52620,8208,4027],"class_list":["post-129237","post","type-post","status-publish","format-standard","has-post-thumbnail","hentry","category-noticias","tag-puebla","tag-rocio-nahle","tag-segunda-reunion-de-coordinacion","tag-seguridad","tag-veracruz"],"_links":{"self":[{"href":"https:\/\/losperiodistas.com.mx\/portal\/wp-json\/wp\/v2\/posts\/129237","targetHints":{"allow":["GET"]}}],"collection":[{"href":"https:\/\/losperiodistas.com.mx\/portal\/wp-json\/wp\/v2\/posts"}],"about":[{"href":"https:\/\/losperiodistas.com.mx\/portal\/wp-json\/wp\/v2\/types\/post"}],"author":[{"embeddable":true,"href":"https:\/\/losperiodistas.com.mx\/portal\/wp-json\/wp\/v2\/users\/1"}],"replies":[{"embeddable":true,"href":"https:\/\/losperiodistas.com.mx\/portal\/wp-json\/wp\/v2\/comments?post=129237"}],"version-history":[{"count":1,"href":"https:\/\/losperiodistas.com.mx\/portal\/wp-json\/wp\/v2\/posts\/129237\/revisions"}],"predecessor-version":[{"id":129240,"href":"https:\/\/losperiodistas.com.mx\/portal\/wp-json\/wp\/v2\/posts\/129237\/revisions\/129240"}],"wp:featuredmedia":[{"embeddable":true,"href":"https:\/\/losperiodistas.com.mx\/portal\/wp-json\/wp\/v2\/media\/129238"}],"wp:attachment":[{"href":"https:\/\/losperiodistas.com.mx\/portal\/wp-json\/wp\/v2\/media?parent=129237"}],"wp:term":[{"taxonomy":"category","embeddable":true,"href":"https:\/\/losperiodistas.com.mx\/portal\/wp-json\/wp\/v2\/categories?post=129237"},{"taxonomy":"post_tag","embeddable":true,"href":"https:\/\/losperiodistas.com.mx\/portal\/wp-json\/wp\/v2\/tags?post=129237"}],"curies":[{"name":"wp","href":"https:\/\/api.w.org\/{rel}","templated":true}]}}