{"id":129234,"date":"2026-08-24T21:03:53","date_gmt":"2026-08-25T03:03:53","guid":{"rendered":"https:\/\/losperiodistas.com.mx\/portal\/?p=129234"},"modified":"2026-08-24T21:03:55","modified_gmt":"2026-08-25T03:03:55","slug":"disputa-comercial-sube-de-tono-ontario-amenaza-con-cortar-el-suministro-electrico-a-eu-la-jornada","status":"publish","type":"post","link":"https:\/\/losperiodistas.com.mx\/portal\/disputa-comercial-sube-de-tono-ontario-amenaza-con-cortar-el-suministro-electrico-a-eu-la-jornada\/","title":{"rendered":"Disputa comercial sube de tono: Ontario amenaza con cortar el suministro el\u00e9ctrico a EU | La Jornada"},"content":{"rendered":"\n<p>Las negociaciones entre los pa\u00edses vecinos fracasaron el viernes en Washington, lo que permiti\u00f3 la entrada en vigor de nuevos aranceles estadounidenses del 50% que afectan a bienes por un valor aproximado de 20 mil millones de d\u00f3lares, o el 5,5% de las exportaciones canadienses a Estados Unidos.<\/p>\n\n\n\n<figure class=\"wp-block-image size-large\"><img fetchpriority=\"high\" decoding=\"async\" width=\"1024\" height=\"682\" src=\"https:\/\/losperiodistas.com.mx\/portal\/wp-content\/uploads\/2026\/08\/disputa-comercial-sube-de-tono-1024x682.png\" alt=\"\" class=\"wp-image-129235\" srcset=\"https:\/\/losperiodistas.com.mx\/portal\/wp-content\/uploads\/2026\/08\/disputa-comercial-sube-de-tono-1024x682.png 1024w, https:\/\/losperiodistas.com.mx\/portal\/wp-content\/uploads\/2026\/08\/disputa-comercial-sube-de-tono-300x200.png 300w, https:\/\/losperiodistas.com.mx\/portal\/wp-content\/uploads\/2026\/08\/disputa-comercial-sube-de-tono-768x512.png 768w, https:\/\/losperiodistas.com.mx\/portal\/wp-content\/uploads\/2026\/08\/disputa-comercial-sube-de-tono.png 1193w\" sizes=\"(max-width: 1024px) 100vw, 1024px\" \/><figcaption class=\"wp-element-caption\">Foto: Afp<\/figcaption><\/figure>\n\n\n\n<p class=\"has-vivid-red-color has-text-color has-link-color wp-elements-82390763c168f9e7eab8abfdda5cf5cf\">The Independent y Sputnik<\/p>\n\n\n\n<p>El primer ministro de Ontario, Doug Ford, amenaz\u00f3 con cortar el suministro de electricidad y minerales cr\u00edticos a Estados Unidos a medida que se intensifica la disputa comercial, adem\u00e1s afirm\u00f3 que Ronald Reagan estar\u00eda \u00abvomitando\u00bb por la pol\u00edtica comercial del presidente, Donald Trump.<\/p>\n\n\n\n<p>Ford afirm\u00f3 el lunes que Trump ha subestimado la disposici\u00f3n de los canadienses a soportar dificultades econ\u00f3micas en lugar de ceder a la presi\u00f3n estadunidense.<\/p>\n\n\n\n<p>\u00abSubestima a Canad\u00e1. Estamos todos comprometidos\u00bb, dijo Ford. \u00abAqu\u00ed, la situaci\u00f3n es cr\u00edtica; todos est\u00e1n preparados para una guerra econ\u00f3mica. Saben que tendr\u00e1n que hacer sacrificios\u00bb.<\/p>\n\n\n\n<p>Ford afirm\u00f3 que Trump ha \u00abdeclarado la guerra, una guerra econ\u00f3mica, contra su amigo y aliado m\u00e1s cercano\u00bb, y luego centr\u00f3 su atenci\u00f3n en Reagan y su cl\u00e1sica oposici\u00f3n a los aranceles.<\/p>\n\n\n\n<p>Ford destac\u00f3 que Trump guarda un retrato de Reagan cerca de su escritorio y afirm\u00f3: \u00absi supiera lo que est\u00e1 pasando, estar\u00eda vomitando sobre \u00e9l al ver la foto; se estar\u00eda revolviendo en su tumba ahora mismo\u00bb.<\/p>\n\n\n\n<p>\u00abTal vez deber\u00eda quitar ese cuadro de la pared y ponerlo en otro sitio\u00bb, continu\u00f3 Ford. \u00abPorque ahora mismo, Ronald Reagan estar\u00eda disgustado con el presidente Trump\u00bb.<\/p>\n\n\n\n<p>Las declaraciones de Doug Ford se produjeron tras la decisi\u00f3n del primer ministro Mark Carney de abandonar las negociaciones comerciales con la administraci\u00f3n Trump el viernes por la noche, alegando exigencias excesivas por parte de Washington a cambio de una reducci\u00f3n de aranceles.<\/p>\n\n\n\n<p>Estados Unidos impuso el s\u00e1bado aranceles del 50 por ciento a productos canadienses por un valor aproximado de 20 mil millones de d\u00f3lares, lo que llev\u00f3 a Carney a anunciar aranceles compensatorios equivalentes a partir del 8 de septiembre.<\/p>\n\n\n\n<p>Trump intensific\u00f3 a\u00fan m\u00e1s el conflicto, amenazando con imponer un arancel del 50 por ciento a los autom\u00f3viles, autopartes y acero canadienses a partir del pr\u00f3ximo a\u00f1o.<\/p>\n\n\n\n<h2 class=\"wp-block-heading\">Ford amenaza los minerales cr\u00edticos y la electricidad<\/h2>\n\n\n\n<p>Ford advirti\u00f3 que \u00abtodas las opciones est\u00e1n sobre la mesa\u00bb si la disputa se agrava, incluyendo la interrupci\u00f3n de las exportaciones de electricidad y los env\u00edos de minerales cr\u00edticos desde Ontario. Tambi\u00e9n inst\u00f3 a Canad\u00e1 a considerar el uso del petr\u00f3leo y la potasa como moneda de cambio.<\/p>\n\n\n\n<p>\u00abVoy a cortarles la extracci\u00f3n\u00bb, dijo Ford refiri\u00e9ndose a los minerales cr\u00edticos. \u00abNo se puede sacar ni un grano de arena de Ontario\u00bb.<\/p>\n\n\n\n<p>Los minerales cr\u00edticos tienen una importancia cada vez mayor para la defensa nacional y la industria manufacturera de Estados Unidos. El Pent\u00e1gono se ha esforzado por asegurar un suministro fiable de materias primas utilizadas en aeronaves militares, misiles, municiones y electr\u00f3nica avanzada, ya que Washington busca reducir su dependencia de China, que controla la extracci\u00f3n y el refinado de varios minerales estrat\u00e9gicos clave.<\/p>\n\n\n\n<h2 class=\"wp-block-heading\">No negociar\u00e1n a cualquier costo<\/h2>\n\n\n\n<p>El gobierno canadiense nunca tuvo la intenci\u00f3n de cerrar las negociaciones para un acuerdo comercial con EU a cualquier precio, dijo el primer ministro, Mark Carney.<\/p>\n\n\n\n<p>\u00abEl objetivo de nuestras negociaciones comerciales con EU siempre ha sido conseguir el mejor acuerdo para los canadienses. Nunca (se busc\u00f3) un acuerdo a cualquier precio ni en cualquier plazo\u00bb, dijo Carney desde L\u00e9vis, Quebec.<\/p>\n\n\n\n<p>Si bien la semana pasada se lograron avances importantes, \u00abla din\u00e1mica se revirti\u00f3\u00bb, se\u00f1al\u00f3 el primer ministro, a\u00f1adiendo que Ottawa ya no pod\u00eda aceptar lo que se ofrece ni conceder lo que se le exige.<\/p>\n\n\n\n<p>Las declaraciones de Carney tuvieron lugar en la misma jornada en que el presidente de EU, Donald Trump, anunci\u00f3 que Canad\u00e1 enfrentar\u00e1 aranceles del 50 por ciento sobre sus autom\u00f3viles, camiones, autopartes y acero a partir del 1\u00b0 de enero de 2027.<\/p>\n\n\n\n<p>Posteriormente, el portal&nbsp;<em>Pol\u00edtico<\/em>&nbsp;inform\u00f3, citando a un funcionario de la Casa Blanca, que el estancamiento se habr\u00eda producido por cambios de \u00faltima hora introducidos por el equipo canadiense, contradiciendo as\u00ed la versi\u00f3n de Ottawa sobre los acontecimientos.<\/p>\n\n\n\n<p>Fuente: <a href=\"https:\/\/www.jornada.com.mx\/noticia\/2026\/08\/24\/economia\/disputa-comercial-sube-de-tono-ontario-amenaza-con-cortar-el-suministro-electrico-a-eu\" target=\"_blank\" rel=\"noreferrer noopener\">La Jornada<\/a><\/p>\n","protected":false},"excerpt":{"rendered":"<p>Las negociaciones entre los pa\u00edses vecinos fracasaron el viernes en Washington, lo que permiti\u00f3 la entrada en vigor de nuevos aranceles estadounidenses del 50% que afectan a bienes por un valor aproximado de 20 mil millones de d\u00f3lares, o el 5,5% de las exportaciones canadienses a Estados Unidos.<\/p>\n","protected":false},"author":1,"featured_media":129235,"comment_status":"open","ping_status":"open","sticky":false,"template":"","format":"standard","meta":{"site-sidebar-layout":"default","site-content-layout":"","ast-site-content-layout":"default","site-content-style":"default","site-sidebar-style":"default","ast-global-header-display":"","ast-banner-title-visibility":"","ast-main-header-display":"","ast-hfb-above-header-display":"","ast-hfb-below-header-display":"","ast-hfb-mobile-header-display":"","site-post-title":"","ast-breadcrumbs-content":"","ast-featured-img":"","footer-sml-layout":"","theme-transparent-header-meta":"","adv-header-id-meta":"","stick-header-meta":"","header-above-stick-meta":"","header-main-stick-meta":"","header-below-stick-meta":"","astra-migrate-meta-layouts":"default","ast-page-background-enabled":"default","ast-page-background-meta":{"desktop":{"background-color":"var(--ast-global-color-4)","background-image":"","background-repeat":"repeat","background-position":"center center","background-size":"auto","background-attachment":"scroll","background-type":"","background-media":"","overlay-type":"","overlay-color":"","overlay-opacity":"","overlay-gradient":""},"tablet":{"background-color":"","background-image":"","background-repeat":"repeat","background-position":"center center","background-size":"auto","background-attachment":"scroll","background-type":"","background-media":"","overlay-type":"","overlay-color":"","overlay-opacity":"","overlay-gradient":""},"mobile":{"background-color":"","background-image":"","background-repeat":"repeat","background-position":"center center","background-size":"auto","background-attachment":"scroll","background-type":"","background-media":"","overlay-type":"","overlay-color":"","overlay-opacity":"","overlay-gradient":""}},"ast-content-background-meta":{"desktop":{"background-color":"var(--ast-global-color-5)","background-image":"","background-repeat":"repeat","background-position":"center center","background-size":"auto","background-attachment":"scroll","background-type":"","background-media":"","overlay-type":"","overlay-color":"","overlay-opacity":"","overlay-gradient":""},"tablet":{"background-color":"var(--ast-global-color-5)","background-image":"","background-repeat":"repeat","background-position":"center center","background-size":"auto","background-attachment":"scroll","background-type":"","background-media":"","overlay-type":"","overlay-color":"","overlay-opacity":"","overlay-gradient":""},"mobile":{"background-color":"var(--ast-global-color-5)","background-image":"","background-repeat":"repeat","background-position":"center center","background-size":"auto","background-attachment":"scroll","background-type":"","background-media":"","overlay-type":"","overlay-color":"","overlay-opacity":"","overlay-gradient":""}},"footnotes":""},"categories":[8],"tags":[4686,44020,52617,4025,52609,52618,52619,10989,25730],"class_list":["post-129234","post","type-post","status-publish","format-standard","has-post-thumbnail","hentry","category-noticias","tag-canada","tag-carney","tag-disputa-comercial","tag-estados-unidos","tag-nuevos-aranceles","tag-ontario","tag-suministro-electrico","tag-trump","tag-washington"],"_links":{"self":[{"href":"https:\/\/losperiodistas.com.mx\/portal\/wp-json\/wp\/v2\/posts\/129234","targetHints":{"allow":["GET"]}}],"collection":[{"href":"https:\/\/losperiodistas.com.mx\/portal\/wp-json\/wp\/v2\/posts"}],"about":[{"href":"https:\/\/losperiodistas.com.mx\/portal\/wp-json\/wp\/v2\/types\/post"}],"author":[{"embeddable":true,"href":"https:\/\/losperiodistas.com.mx\/portal\/wp-json\/wp\/v2\/users\/1"}],"replies":[{"embeddable":true,"href":"https:\/\/losperiodistas.com.mx\/portal\/wp-json\/wp\/v2\/comments?post=129234"}],"version-history":[{"count":1,"href":"https:\/\/losperiodistas.com.mx\/portal\/wp-json\/wp\/v2\/posts\/129234\/revisions"}],"predecessor-version":[{"id":129236,"href":"https:\/\/losperiodistas.com.mx\/portal\/wp-json\/wp\/v2\/posts\/129234\/revisions\/129236"}],"wp:featuredmedia":[{"embeddable":true,"href":"https:\/\/losperiodistas.com.mx\/portal\/wp-json\/wp\/v2\/media\/129235"}],"wp:attachment":[{"href":"https:\/\/losperiodistas.com.mx\/portal\/wp-json\/wp\/v2\/media?parent=129234"}],"wp:term":[{"taxonomy":"category","embeddable":true,"href":"https:\/\/losperiodistas.com.mx\/portal\/wp-json\/wp\/v2\/categories?post=129234"},{"taxonomy":"post_tag","embeddable":true,"href":"https:\/\/losperiodistas.com.mx\/portal\/wp-json\/wp\/v2\/tags?post=129234"}],"curies":[{"name":"wp","href":"https:\/\/api.w.org\/{rel}","templated":true}]}}