{"id":129231,"date":"2026-08-24T20:23:35","date_gmt":"2026-08-25T02:23:35","guid":{"rendered":"https:\/\/losperiodistas.com.mx\/portal\/?p=129231"},"modified":"2026-08-24T20:23:37","modified_gmt":"2026-08-25T02:23:37","slug":"el-adios-de-ruben-rocha-moya-por-que-era-un-problema-para-los-bancos-si-se-mantenia-como-gobernador-ef","status":"publish","type":"post","link":"https:\/\/losperiodistas.com.mx\/portal\/el-adios-de-ruben-rocha-moya-por-que-era-un-problema-para-los-bancos-si-se-mantenia-como-gobernador-ef\/","title":{"rendered":"El adi\u00f3s de Rub\u00e9n Rocha Moya: \u00bfPor qu\u00e9 era un problema para los bancos si se manten\u00eda como gobernador? | EF"},"content":{"rendered":"\n<p>La UIF incluy\u00f3 a Rub\u00e9n Rocha Moya en la Lista de Personas Bloqueadas debido a las acusaciones hechas por EU.<\/p>\n\n\n\n<figure class=\"wp-block-image size-large\"><img fetchpriority=\"high\" decoding=\"async\" width=\"1024\" height=\"576\" src=\"https:\/\/losperiodistas.com.mx\/portal\/wp-content\/uploads\/2026\/08\/RochaMoyaBancos-1024x576.png\" alt=\"\" class=\"wp-image-129232\" srcset=\"https:\/\/losperiodistas.com.mx\/portal\/wp-content\/uploads\/2026\/08\/RochaMoyaBancos-1024x576.png 1024w, https:\/\/losperiodistas.com.mx\/portal\/wp-content\/uploads\/2026\/08\/RochaMoyaBancos-300x169.png 300w, https:\/\/losperiodistas.com.mx\/portal\/wp-content\/uploads\/2026\/08\/RochaMoyaBancos-768x432.png 768w, https:\/\/losperiodistas.com.mx\/portal\/wp-content\/uploads\/2026\/08\/RochaMoyaBancos.png 1358w\" sizes=\"(max-width: 1024px) 100vw, 1024px\" \/><figcaption class=\"wp-element-caption\">La columnista Jeanette Leyva explica por qu\u00e9 el regreso de Rocha Moya habr\u00eda sido un problema para las instituciones financieras. <\/figcaption><\/figure>\n\n\n\n<p class=\"has-vivid-red-color has-text-color has-link-color wp-elements-ec1aec68ec65d673574e7f68ac157d9a\">Redacci\u00f3n \/ EF<\/p>\n\n\n\n<p>La segunda licencia de Rub\u00e9n Rocha Moya <strong>\u2018liber\u00f3\u2019 de un problema a los bancos<\/strong> y al sistema financiero mexicano que habr\u00edan enfrentado un dilema si se manten\u00eda en su cargo como gobernador de Sinaloa.<\/p>\n\n\n\n<p>El problema estaba en c\u00f3mo operar las cuentas y recursos de un gobierno estatal cuyo titular est\u00e1 en la Lista de Personas Bloqueadas (LBP) de la Unidad de Inteligencia Financiera (UIF), explic\u00f3 Jeanette Leyva, columnista de <em>El Financiero<\/em>.<\/p>\n\n\n\n<p>\u201cEl supuesto es importante, porque el problema nunca fue solamente si Rocha Moya pod\u00eda continuar jur\u00eddicamente como gobernador, sino qu\u00e9 habr\u00eda ocurrido en la pr\u00e1ctica con su <strong>relaci\u00f3n con los bancos<\/strong> y con las operaciones financieras de un gobierno que necesitaba seguir funcionando y su titular es se\u00f1alado por Estados Unidos como cooperante con el narco\u201d, detalla Leyva en su texto <em>Si Rocha segu\u00eda, el problema era para los bancos<\/em>, publicado este lunes 24 de agosto en <em><strong>El Financiero<\/strong><\/em>.<\/p>\n\n\n\n<p>La UIF incluy\u00f3 a Rocha Moya en esa lista despu\u00e9s de las acusaciones del Departamento de Justicia de EU sobre que el gobernador de Sinaloa particip\u00f3 en un esquema para supuestamente facilitar el tr\u00e1fico de drogas en el estado.<\/p>\n\n\n\n<h2 class=\"wp-block-heading\">\u00bfQu\u00e9 pasa si una persona est\u00e1 en la Lista de Personas Bloqueadas de la UIF?<\/h2>\n\n\n\n<p>\u201cEl <strong>art\u00edculo 115<\/strong> <strong>de la Ley de Instituciones de Cr\u00e9dito <\/strong>obliga a las instituciones financieras a suspender inmediatamente los actos, operaciones o servicios con el cliente o usuario bloqueado\u201d, detall\u00f3 la columnista.<\/p>\n\n\n\n<p>La presencia de Rocha Moya al frente de la gubernatura podr\u00eda haber obstaculizado la llegada de recursos necesarios para la operaci\u00f3n del d\u00eda a d\u00eda en el Gobierno de Sinaloa, apunt\u00f3 Leyva.<\/p>\n\n\n\n<p>\u201c<strong>Los recursos p\u00fablicos pertenecen al Gobierno y no al gobernador<\/strong>, por lo que las cuentas institucionales podr\u00edan haber continuado operando mediante funcionarios legalmente facultados, pero el problema habr\u00eda aparecido cuando <strong>la operaci\u00f3n financiera requiriera la participaci\u00f3n directa de Rocha<\/strong>, ya fuera mediante una firma, una instrucci\u00f3n, una autorizaci\u00f3n o cualquier otra intervenci\u00f3n\u201d, a\u00f1adi\u00f3.<\/p>\n\n\n\n<p>Si ese escenario hubiera ocurrido, los bancos se habr\u00edan visto obligados a evaluar cada operaci\u00f3n y si atend\u00edan una instrucci\u00f3n del Gobierno de Sinaloa a\u00fan con la intervenci\u00f3n del gobernador Rocha Moya.<\/p>\n\n\n\n<p>Los bancos mexicanos tambi\u00e9n se habr\u00edan visto en riesgo de sanciones debido a la relaci\u00f3n que mantienen con bancos internacionales.<\/p>\n\n\n\n<h2 class=\"wp-block-heading\">Esto sabemos sobre la licencia de Rub\u00e9n Rocha<\/h2>\n\n\n\n<p>El Congreso de Sinaloa suspendi\u00f3 la sesi\u00f3n extraordinaria para definir al gobernador interino, luego de que Rub\u00e9n Rocha Moya pidi\u00f3 licencia al cargo por segunda ocasi\u00f3n, poco despu\u00e9s de haberlo retomado sorpresivamente.<\/p>\n\n\n\n<p>La sesi\u00f3n fue adelantada y posteriormente <strong>pospuesta \u201chasta nuevo aviso\u201d<\/strong>.Diputados de la oposici\u00f3n denunciaron que fueron notificados de la suspensi\u00f3n a \u00faltima hora y sin que se les explicaran los motivos.<\/p>\n\n\n\n<p>Al mismo tiempo, decenas de sinaloenses se manifestaron a las afueras del Palacio de Gobierno para exigir la salida definitiva de Rocha Moya.<\/p>\n\n\n\n<p>Fuente: <a href=\"https:\/\/www.elfinanciero.com.mx\/economia\/2026\/08\/24\/el-adios-de-ruben-rocha-moya-por-que-era-un-problema-para-los-bancos-si-se-mantenia-como-gobernador\/\" target=\"_blank\" rel=\"noreferrer noopener\">EF<\/a><\/p>\n","protected":false},"excerpt":{"rendered":"<p>La UIF incluy\u00f3 a Rub\u00e9n Rocha Moya en la Lista de Personas Bloqueadas debido a las acusaciones hechas por EU. <\/p>\n","protected":false},"author":1,"featured_media":129232,"comment_status":"open","ping_status":"open","sticky":false,"template":"","format":"standard","meta":{"site-sidebar-layout":"default","site-content-layout":"","ast-site-content-layout":"default","site-content-style":"default","site-sidebar-style":"default","ast-global-header-display":"","ast-banner-title-visibility":"","ast-main-header-display":"","ast-hfb-above-header-display":"","ast-hfb-below-header-display":"","ast-hfb-mobile-header-display":"","site-post-title":"","ast-breadcrumbs-content":"","ast-featured-img":"","footer-sml-layout":"","theme-transparent-header-meta":"","adv-header-id-meta":"","stick-header-meta":"","header-above-stick-meta":"","header-main-stick-meta":"","header-below-stick-meta":"","astra-migrate-meta-layouts":"default","ast-page-background-enabled":"default","ast-page-background-meta":{"desktop":{"background-color":"var(--ast-global-color-4)","background-image":"","background-repeat":"repeat","background-position":"center center","background-size":"auto","background-attachment":"scroll","background-type":"","background-media":"","overlay-type":"","overlay-color":"","overlay-opacity":"","overlay-gradient":""},"tablet":{"background-color":"","background-image":"","background-repeat":"repeat","background-position":"center center","background-size":"auto","background-attachment":"scroll","background-type":"","background-media":"","overlay-type":"","overlay-color":"","overlay-opacity":"","overlay-gradient":""},"mobile":{"background-color":"","background-image":"","background-repeat":"repeat","background-position":"center center","background-size":"auto","background-attachment":"scroll","background-type":"","background-media":"","overlay-type":"","overlay-color":"","overlay-opacity":"","overlay-gradient":""}},"ast-content-background-meta":{"desktop":{"background-color":"var(--ast-global-color-5)","background-image":"","background-repeat":"repeat","background-position":"center center","background-size":"auto","background-attachment":"scroll","background-type":"","background-media":"","overlay-type":"","overlay-color":"","overlay-opacity":"","overlay-gradient":""},"tablet":{"background-color":"var(--ast-global-color-5)","background-image":"","background-repeat":"repeat","background-position":"center center","background-size":"auto","background-attachment":"scroll","background-type":"","background-media":"","overlay-type":"","overlay-color":"","overlay-opacity":"","overlay-gradient":""},"mobile":{"background-color":"var(--ast-global-color-5)","background-image":"","background-repeat":"repeat","background-position":"center center","background-size":"auto","background-attachment":"scroll","background-type":"","background-media":"","overlay-type":"","overlay-color":"","overlay-opacity":"","overlay-gradient":""}},"footnotes":""},"categories":[8],"tags":[52615,52616,40924,24543,9932,3255],"class_list":["post-129231","post","type-post","status-publish","format-standard","has-post-thumbnail","hentry","category-noticias","tag-acusaciones-hechas-por-eu","tag-bancos","tag-lista-de-personas-bloqueadas","tag-ruben-rocha-moya","tag-sinaloa","tag-uif"],"_links":{"self":[{"href":"https:\/\/losperiodistas.com.mx\/portal\/wp-json\/wp\/v2\/posts\/129231","targetHints":{"allow":["GET"]}}],"collection":[{"href":"https:\/\/losperiodistas.com.mx\/portal\/wp-json\/wp\/v2\/posts"}],"about":[{"href":"https:\/\/losperiodistas.com.mx\/portal\/wp-json\/wp\/v2\/types\/post"}],"author":[{"embeddable":true,"href":"https:\/\/losperiodistas.com.mx\/portal\/wp-json\/wp\/v2\/users\/1"}],"replies":[{"embeddable":true,"href":"https:\/\/losperiodistas.com.mx\/portal\/wp-json\/wp\/v2\/comments?post=129231"}],"version-history":[{"count":1,"href":"https:\/\/losperiodistas.com.mx\/portal\/wp-json\/wp\/v2\/posts\/129231\/revisions"}],"predecessor-version":[{"id":129233,"href":"https:\/\/losperiodistas.com.mx\/portal\/wp-json\/wp\/v2\/posts\/129231\/revisions\/129233"}],"wp:featuredmedia":[{"embeddable":true,"href":"https:\/\/losperiodistas.com.mx\/portal\/wp-json\/wp\/v2\/media\/129232"}],"wp:attachment":[{"href":"https:\/\/losperiodistas.com.mx\/portal\/wp-json\/wp\/v2\/media?parent=129231"}],"wp:term":[{"taxonomy":"category","embeddable":true,"href":"https:\/\/losperiodistas.com.mx\/portal\/wp-json\/wp\/v2\/categories?post=129231"},{"taxonomy":"post_tag","embeddable":true,"href":"https:\/\/losperiodistas.com.mx\/portal\/wp-json\/wp\/v2\/tags?post=129231"}],"curies":[{"name":"wp","href":"https:\/\/api.w.org\/{rel}","templated":true}]}}