{"id":129225,"date":"2026-08-25T01:13:00","date_gmt":"2026-08-25T07:13:00","guid":{"rendered":"https:\/\/losperiodistas.com.mx\/portal\/?p=129225"},"modified":"2026-08-24T20:16:21","modified_gmt":"2026-08-25T02:16:21","slug":"opinion-ofrecen-curso-profundo-y-reflexivo-sobre-eutanasia","status":"publish","type":"post","link":"https:\/\/losperiodistas.com.mx\/portal\/opinion-ofrecen-curso-profundo-y-reflexivo-sobre-eutanasia\/","title":{"rendered":"Opini\u00f3n | Ofrecen curso profundo y reflexivo sobre eutanasia"},"content":{"rendered":"\n<p class=\"has-medium-font-size\">*Imparte el CIPAE de Luis G. Benavidez; exitosa Feria en Huitzilan<\/p>\n\n\n\n<figure class=\"wp-block-image size-large\"><img fetchpriority=\"high\" decoding=\"async\" width=\"1024\" height=\"576\" src=\"https:\/\/losperiodistas.com.mx\/portal\/wp-content\/uploads\/2026\/08\/LUIS-BENAVIDEZ-1024x576.jpg\" alt=\"\" class=\"wp-image-129226\" srcset=\"https:\/\/losperiodistas.com.mx\/portal\/wp-content\/uploads\/2026\/08\/LUIS-BENAVIDEZ-1024x576.jpg 1024w, https:\/\/losperiodistas.com.mx\/portal\/wp-content\/uploads\/2026\/08\/LUIS-BENAVIDEZ-300x169.jpg 300w, https:\/\/losperiodistas.com.mx\/portal\/wp-content\/uploads\/2026\/08\/LUIS-BENAVIDEZ-768x432.jpg 768w, https:\/\/losperiodistas.com.mx\/portal\/wp-content\/uploads\/2026\/08\/LUIS-BENAVIDEZ.jpg 1159w\" sizes=\"(max-width: 1024px) 100vw, 1024px\" \/><\/figure>\n\n\n\n<p class=\"has-vivid-red-color has-text-color has-link-color has-medium-font-size wp-elements-4865f9003ac6cfcf5a7f44570e7f0aa1\"><strong><em>Por Ra\u00fal Torres Salmer\u00f3n \/ Sin L\u00edmites<\/em><\/strong><\/p>\n\n\n\n<p>La pr\u00f3xima presentaci\u00f3n de una iniciativa de Ley sobre la Eutanasia en el Congreso de la Uni\u00f3n, marca un hito hist\u00f3rico, pol\u00edtico y social en el pa\u00eds. Este escenario legislativo exige un an\u00e1lisis normativo y convoca a una profunda reflexi\u00f3n colectiva sobre la autonom\u00eda, la dignidad humana y los l\u00edmites del ejercicio m\u00e9dico, propone don Luis G. Benavidez Ilizaliturri.<\/p>\n\n\n\n<p>Ante la velocidad de los cambios pol\u00edticos, la sociedad y el gremio profesional corren el riesgo de polarizarse o carecer de herramientas te\u00f3ricas s\u00f3lidas para abordar el problema. Por ello, El Centro Internacional de Prospectiva y Altos Estudios (CIPAE), en el marco de la educaci\u00f3n permanente, al considerar como parte de su funci\u00f3n, ofrece este curso-taller especializado del 31 de agosto al 11 de septiembre.<\/p>\n\n\n\n<p>Est\u00e1 dirigido a la formaci\u00f3n ciudadana aunando esfuerzos profesionales para comprender, debatir y posicionarse frente a esta realidad con absoluta responsabilidad y conocimiento de causa. Un fen\u00f3meno de tal complejidad no puede resolverse desde una sola fuente del saber. La naturaleza de la eutanasia cruza fronteras \u00edntimas, p\u00fablicas y cient\u00edficas y demanda un enfoque transdisciplinario obligatorio.<\/p>\n\n\n\n<p>Este curso-taller propone un espacio de convergencia donde el derecho, la medicina, la psicolog\u00eda y las humanidades dialoguen de forma horizontal. El objetivo central es clarificar conceptos fundamentales que suelen confundirse en el debate p\u00fablico, tales como eutanasia activa, pasiva, suicidio asistido, limitaci\u00f3n del esfuerzo terap\u00e9utico y cuidados paliativos, as\u00ed como t\u00e9rminos no utilizados socialmente como ortotanasia, distanasia y adistanasia o muerte asistida.<\/p>\n\n\n\n<p>La precisi\u00f3n conceptual es el primer paso indispensable para evitar la desinformaci\u00f3n y construir un di\u00e1logo constructivo y maduro. Asimismo, el curso-taller se erige como un foro neutral y riguroso para aclarar y contrastar diversas posturas filos\u00f3ficas, sociales y teol\u00f3gicas.<\/p>\n\n\n\n<p>Comenta don Luis Benavidez que a lo largo de la historia, las diferentes tradiciones del pensamiento han ofrecido respuestas dispares al sufrimiento al final de la vida. Desde el utilitarismo y el principio de autonom\u00eda liberal, hasta las visiones deontol\u00f3gicas y los dogmas teol\u00f3gicos que defienden la sacralidad de la vida como un bien indisponible. Todas las corrientes merecen ser expuestas con objetividad.<\/p>\n\n\n\n<p>Comprender el trasfondo de estas posturas permite a los participantes descifrar los argumentos que sostendr\u00e1n el debate en las tribunas del Congreso y en las plazas p\u00fablicas, superando los prejuicios y el reduccionismo ideol\u00f3gico. De la misma manera, los participantes contar\u00e1n con suficiente informaci\u00f3n y formaci\u00f3n cr\u00edtica para asumir personal, familiar y socialmente una posici\u00f3n que sea congruente, clarificada y que cuente con suficiente soporte de normas, principios y evidencias epistemol\u00f3gicas o metodol\u00f3gicas que justifican una decisi\u00f3n circunstanciada que act\u00fae como el respaldo l\u00f3gico, moral, filos\u00f3fico y teol\u00f3gico estructurado, necesario para validar un juicio.<\/p>\n\n\n\n<p>M\u00e1s all\u00e1 de la mera transmisi\u00f3n de informaci\u00f3n, la meta \u00faltima de este programa educativo es dar pie a que los participantes construyan una postura cr\u00edtica, razonada y estrictamente congruente con sus propios principios \u00e9ticos, religiosos y meramente ciudadanos. En una sociedad plural como la mexicana, conviven distintas cosmovisiones que deben ser respetadas.<\/p>\n\n\n\n<p>El taller no busca imponer una l\u00ednea de pensamiento ni dictar lo que es correcto, sino ofrecer el instrumental anal\u00edtico para que cada persona eval\u00fae el proyecto de \u201ceutanasia\u201d desde sus propias convicciones sustentadas en la congruencia interna de sus actos y opiniones.<\/p>\n\n\n\n<p>La duraci\u00f3n del curso es de 120 horas, cupo para 30 personas con 20 horas presenciales y 40 horas de discusi\u00f3n grupal y 60 horas de investigaci\u00f3n asistida y una inversi\u00f3n de 6 mil pesos. Informes en la Casa CIPAE, 3 poniente 711 o en el WhatsApp 222 4556 582.<\/p>\n\n\n\n<p>LA FERIA DEL RUB\u00cd<\/p>\n\n\n\n<p>Con la asistencia de 35 mil visitantes y en donde la cultura, el folclor y la tradici\u00f3n se mezclaron con el esfuerzo del pueblo organizado, concluy\u00f3 con \u00e9xito la Feria de Huitzilan de Serd\u00e1n 2026, la llamada Feria del Rub\u00ed de la Sierra Norte, celebrada en honor a la Virgen de la Asunci\u00f3n, adem\u00e1s de ofrecer sano entretenimiento con espect\u00e1culos y conciertos de artistas famosos para la gente trabajadora y las familias humildes, su cartelera tambi\u00e9n incluy\u00f3 jornadas de m\u00fasica, deporte, poes\u00eda y danza.<\/p>\n\n\n\n<p>Destac\u00f3 la profunda vocaci\u00f3n cultural y formativa orientada a elevar el esp\u00edritu creador y reflexivo de la comunidad, en la que se cont\u00f3 con la destacada participaci\u00f3n de los grupos culturales del Movimiento Antorchista Nacional y la intervenci\u00f3n de los artistas emanados de las escuelas del municipio, en las que qued\u00f3 de manifiesto la formaci\u00f3n art\u00edstica de la juventud local, su excelencia y calidad.<\/p>\n\n\n\n<p>En el \u00e1mbito deportivo, la jornada incluy\u00f3 torneos de basquetbol varonil y femenil, competencias de ciclismo, atletismo, trail running y una rodada de motocicletas; presentaci\u00f3n de huapangos, encuentro de tr\u00edos huastecos, agrupaciones de mariachis y cuadrillas de danzas regionales; encuentro de bordados, los xochisones, la representaci\u00f3n de la boda ind\u00edgena y los jaripeos rancheros.<\/p>\n\n\n\n<p>Hubo una demostraci\u00f3n gastron\u00f3mica que rescata las ra\u00edces culinarias de un pueblo que ha superado hambre y explotaci\u00f3n durante muchos a\u00f1os, prioriza el desarrollo de las familias campesinas que viven de la producci\u00f3n cafetalera en la regi\u00f3n; hubo la 5\u00aa edici\u00f3n de la Expo Caf\u00e9, con taller de barismo y tostado, concurso al mejor caf\u00e9 de olla y cuidado y manejo de los cafetales.<\/p>\n\n\n\n<p>Tras superar un periodo de alta inestabilidad social, por parte del cacicazgo y a pesar de los ataques y amenazas que desde 2017 cobraron la vida del Presidente Municipal Manuel Hern\u00e1ndez Pasi\u00f3n y los linchamientos medi\u00e1ticos por la disputa pol\u00edtica del poder p\u00fablico de Huitzilan, los a\u00f1os de lucha organizada han consolidado una infraestructura p\u00fablica que incluye 3 cl\u00ednicas, un Centro de Salud con Servicios Ampliados (CESSA), 63 instituciones educativas, 33 canchas deportivas techadas, un gimnasio municipal, campos de f\u00fatbol y un auditorio con capacidad para 5 mil personas. En materia de servicios b\u00e1sicos, Huitzilan reporta un 90 por ciento de cobertura en electrificaci\u00f3n, red de agua potable y drenaje, adem\u00e1s de vialidades pavimentadas e iluminadas que comunican a sus 28 comunidades.<\/p>\n\n\n\n<p>Soraya C\u00f3rdova Mor\u00e1n, dirigente del Movimiento Antorchista en Puebla, expuso el significado de la Feria que sintetiza la belleza natural y cultural, la hospitalidad de su gente, el \u00e9xito del trabajo colectivo y organizado, as\u00ed como el desarrollo de un municipio que conquist\u00f3 la tranquilidad social hace 42 a\u00f1os.<\/p>\n\n\n\n<p>En fin, como escribi\u00f3 Francisco de Quevedo (Espa\u00f1a, 1580-1645), en su poema A una Vieja que Tra\u00eda una Muerte de Oro:<\/p>\n\n\n\n<p>No s\u00e9 a cu\u00e1l crea de los dos,<\/p>\n\n\n\n<p>vi\u00e9ndoos, Ana, cual os veis:<\/p>\n\n\n\n<p>si vos la muerte tra\u00e9is,<\/p>\n\n\n\n<p>o si os trae la muerte a vos.<\/p>\n\n\n\n<p>Queredme la muerte dar<\/p>\n\n\n\n<p>por que mis males remate:<\/p>\n\n\n\n<p>que en m\u00ed tiene hambre que mate<\/p>\n\n\n\n<p>y en vos no hay ya qu\u00e9 matar.<\/p>\n\n\n\n<p>raultorress@hotmail.com<\/p>\n\n\n\n<hr class=\"wp-block-separator has-alpha-channel-opacity\"\/>\n\n\n\n<p><strong>+ OPINI\u00d3N : Las opiniones expresadas son responsabilidad del autor<\/strong><\/p>\n","protected":false},"excerpt":{"rendered":"<p>*Imparte el CIPAE de Luis G. Benavidez; exitosa Feria en Huitzilan Por Ra\u00fal Torres Salmer\u00f3n \/ Sin L\u00edmites La pr\u00f3xima [&hellip;]<\/p>\n","protected":false},"author":1,"featured_media":129226,"comment_status":"open","ping_status":"open","sticky":false,"template":"","format":"standard","meta":{"site-sidebar-layout":"default","site-content-layout":"","ast-site-content-layout":"default","site-content-style":"default","site-sidebar-style":"default","ast-global-header-display":"","ast-banner-title-visibility":"","ast-main-header-display":"","ast-hfb-above-header-display":"","ast-hfb-below-header-display":"","ast-hfb-mobile-header-display":"","site-post-title":"","ast-breadcrumbs-content":"","ast-featured-img":"","footer-sml-layout":"","theme-transparent-header-meta":"","adv-header-id-meta":"","stick-header-meta":"","header-above-stick-meta":"","header-main-stick-meta":"","header-below-stick-meta":"","astra-migrate-meta-layouts":"default","ast-page-background-enabled":"default","ast-page-background-meta":{"desktop":{"background-color":"var(--ast-global-color-4)","background-image":"","background-repeat":"repeat","background-position":"center center","background-size":"auto","background-attachment":"scroll","background-type":"","background-media":"","overlay-type":"","overlay-color":"","overlay-opacity":"","overlay-gradient":""},"tablet":{"background-color":"","background-image":"","background-repeat":"repeat","background-position":"center center","background-size":"auto","background-attachment":"scroll","background-type":"","background-media":"","overlay-type":"","overlay-color":"","overlay-opacity":"","overlay-gradient":""},"mobile":{"background-color":"","background-image":"","background-repeat":"repeat","background-position":"center center","background-size":"auto","background-attachment":"scroll","background-type":"","background-media":"","overlay-type":"","overlay-color":"","overlay-opacity":"","overlay-gradient":""}},"ast-content-background-meta":{"desktop":{"background-color":"var(--ast-global-color-5)","background-image":"","background-repeat":"repeat","background-position":"center center","background-size":"auto","background-attachment":"scroll","background-type":"","background-media":"","overlay-type":"","overlay-color":"","overlay-opacity":"","overlay-gradient":""},"tablet":{"background-color":"var(--ast-global-color-5)","background-image":"","background-repeat":"repeat","background-position":"center center","background-size":"auto","background-attachment":"scroll","background-type":"","background-media":"","overlay-type":"","overlay-color":"","overlay-opacity":"","overlay-gradient":""},"mobile":{"background-color":"var(--ast-global-color-5)","background-image":"","background-repeat":"repeat","background-position":"center center","background-size":"auto","background-attachment":"scroll","background-type":"","background-media":"","overlay-type":"","overlay-color":"","overlay-opacity":"","overlay-gradient":""}},"footnotes":""},"categories":[8,19],"tags":[39386,52611],"class_list":["post-129225","post","type-post","status-publish","format-standard","has-post-thumbnail","hentry","category-noticias","category-sin-limites-2","tag-cipae","tag-luis-benavidez"],"_links":{"self":[{"href":"https:\/\/losperiodistas.com.mx\/portal\/wp-json\/wp\/v2\/posts\/129225","targetHints":{"allow":["GET"]}}],"collection":[{"href":"https:\/\/losperiodistas.com.mx\/portal\/wp-json\/wp\/v2\/posts"}],"about":[{"href":"https:\/\/losperiodistas.com.mx\/portal\/wp-json\/wp\/v2\/types\/post"}],"author":[{"embeddable":true,"href":"https:\/\/losperiodistas.com.mx\/portal\/wp-json\/wp\/v2\/users\/1"}],"replies":[{"embeddable":true,"href":"https:\/\/losperiodistas.com.mx\/portal\/wp-json\/wp\/v2\/comments?post=129225"}],"version-history":[{"count":1,"href":"https:\/\/losperiodistas.com.mx\/portal\/wp-json\/wp\/v2\/posts\/129225\/revisions"}],"predecessor-version":[{"id":129228,"href":"https:\/\/losperiodistas.com.mx\/portal\/wp-json\/wp\/v2\/posts\/129225\/revisions\/129228"}],"wp:featuredmedia":[{"embeddable":true,"href":"https:\/\/losperiodistas.com.mx\/portal\/wp-json\/wp\/v2\/media\/129226"}],"wp:attachment":[{"href":"https:\/\/losperiodistas.com.mx\/portal\/wp-json\/wp\/v2\/media?parent=129225"}],"wp:term":[{"taxonomy":"category","embeddable":true,"href":"https:\/\/losperiodistas.com.mx\/portal\/wp-json\/wp\/v2\/categories?post=129225"},{"taxonomy":"post_tag","embeddable":true,"href":"https:\/\/losperiodistas.com.mx\/portal\/wp-json\/wp\/v2\/tags?post=129225"}],"curies":[{"name":"wp","href":"https:\/\/api.w.org\/{rel}","templated":true}]}}