{"id":129223,"date":"2026-08-24T20:18:40","date_gmt":"2026-08-25T02:18:40","guid":{"rendered":"https:\/\/losperiodistas.com.mx\/portal\/?p=129223"},"modified":"2026-08-24T20:18:42","modified_gmt":"2026-08-25T02:18:42","slug":"infantino-no-se-equivoco-al-tratar-de-privatizar-el-mundial-etoo-espn","status":"publish","type":"post","link":"https:\/\/losperiodistas.com.mx\/portal\/infantino-no-se-equivoco-al-tratar-de-privatizar-el-mundial-etoo-espn\/","title":{"rendered":"\u00abInfantino no se equivoc\u00f3\u00bb al tratar de privatizar el Mundial: Eto&#8217;o | ESPN"},"content":{"rendered":"\n<p>El presidente de la Federaci\u00f3n de Camer\u00fan mostr\u00f3 su apoyo al titular de la FIFA e incluso sugiri\u00f3 retomar el proyecto para comercializar la Copa del Mundo.<\/p>\n\n\n\n<figure class=\"wp-block-image size-large\"><img fetchpriority=\"high\" decoding=\"async\" width=\"1024\" height=\"576\" src=\"https:\/\/losperiodistas.com.mx\/portal\/wp-content\/uploads\/2026\/08\/Samuel-Eto-1024x576.png\" alt=\"\" class=\"wp-image-129227\" srcset=\"https:\/\/losperiodistas.com.mx\/portal\/wp-content\/uploads\/2026\/08\/Samuel-Eto-1024x576.png 1024w, https:\/\/losperiodistas.com.mx\/portal\/wp-content\/uploads\/2026\/08\/Samuel-Eto-300x169.png 300w, https:\/\/losperiodistas.com.mx\/portal\/wp-content\/uploads\/2026\/08\/Samuel-Eto-768x432.png 768w, https:\/\/losperiodistas.com.mx\/portal\/wp-content\/uploads\/2026\/08\/Samuel-Eto.png 1425w\" sizes=\"(max-width: 1024px) 100vw, 1024px\" \/><figcaption class=\"wp-element-caption\">Samuel Eto&#8217;o. EPA<\/figcaption><\/figure>\n\n\n\n<p class=\"has-vivid-red-color has-text-color has-link-color wp-elements-6e7288d27872b3335e03345ca4026336\">Redacci\u00f3n \/ ESPN<\/p>\n\n\n\n<p>El exfutbolista y actual presidente de la Federaci\u00f3n Camerunesa de F\u00fatbol, Samuel Eto&#8217;o, asegur\u00f3 este lunes que mantiene su apoyo al presidente de la FIFA, Gianni Infantino, y le pidi\u00f3 volver a poner sobre la mesa la posible privatizaci\u00f3n del Mundial, para que sea votada por las asociaciones.<\/p>\n\n\n\n<p>\u00abEl presidente Gianni Infantino continuar\u00e1 disfrutando de mi apoyo y del apoyo de mi federaci\u00f3n\u00bb, dijo el exdelantero del Real Madrid, Barcelona e Inter de Mil\u00e1n, entre otros equipos, en una entrevista con la cadena estadounidense CNN.<\/p>\n\n\n\n<p>\u00abNo creo que el presidente Gianni Infantino se equivocara&#8230; Creo que todas estas cosas est\u00e1n sucediendo debido al momento elegido\u00bb, agreg\u00f3.<\/p>\n\n\n\n<p>Eto&#8217;o destac\u00f3 a Infantino como una figura \u00abque ha cambiado el f\u00fatbol\u00bb y \u00abha dado oportunidades a naciones que no las ten\u00edan para participar en la m\u00e1s bella de las competiciones, la Copa del Mundo\u00bb, y expres\u00f3 que su propuesta de privatizar la competici\u00f3n era \u00abmuy buena para las naciones africanas\u00bb.<\/p>\n\n\n\n<p>Sin embargo, lament\u00f3 que Infantino echara atr\u00e1s el proyecto por una \u00abcobertura medi\u00e1tica organizada\u00bb opuesta a su idea, por lo que avis\u00f3 que su federaci\u00f3n presentar\u00e1 una moci\u00f3n ante la FIFA para que sea reexaminada.<\/p>\n\n\n\n<p>\u00ab\u00c9l hizo una propuesta. Los 211 miembros se supon\u00eda que deb\u00edan sentarse, debatir el tema y dejar que ganara la mayor\u00eda. Pero estoy convencido de que las voces que se levantaron no son las voces de la mayor\u00eda\u00bb, se\u00f1al\u00f3 Eto&#8217;o.<\/p>\n\n\n\n<p>La Confederaci\u00f3n Africana de F\u00fatbol (CAF) se hab\u00eda mostrado favorable a la propuesta de Infantino de privatizar el Mundial, lo que contrasta con la fuerte oposici\u00f3n que despert\u00f3 entre las federaciones de la UEFA.<\/p>\n\n\n\n<p>Al respecto, el exfutbolista dijo estar convencido de que el proyecto era incre\u00edble para los pa\u00edses africanos.<\/p>\n\n\n\n<p>\u00abHabr\u00eda reajustado el equilibrio de poder en el futbol para asegurar que nuestro talento no desaparezca y termine jugando para otras naciones\u00bb, concluy\u00f3.<\/p>\n\n\n\n<p>El fracaso de la propuesta supuso un nuevo mazazo para Infantino, cuya imagen se hab\u00eda debilitado por su gesti\u00f3n del \u00faltimo Mundial.<\/p>\n\n\n\n<p>El dirigente suizo-italiano es el \u00fanico candidato a la presidencia de la FIFA, que ser\u00e1 determinada a principios del a\u00f1o que viene, pero varias federaciones de f\u00fatbol europeas, como las de Gales, Inglaterra, Escocia, Rep\u00fablica de Irlanda o Dinamarca ya le han retirado su apoyo.<\/p>\n\n\n\n<p>Sin embargo, no hay ning\u00fan candidato que se haya presentado para poner en entredicho la reelecci\u00f3n de Infantino. La fecha l\u00edmite para la presentaci\u00f3n de candidaturas a la presidencia de la FIFA es el 18 de noviembre.<\/p>\n\n\n\n<p>Fuente: <a href=\"https:\/\/www.espn.com.mx\/futbol\/mundial\/nota\/_\/id\/17160954\/samuel-etoo-gianni-infantino-apoyo-fifa-plan-privatizar-mundial\" target=\"_blank\" rel=\"noreferrer noopener\">ESPN<\/a><\/p>\n","protected":false},"excerpt":{"rendered":"<p>El presidente de la Federaci\u00f3n de Camer\u00fan mostr\u00f3 su apoyo al titular de la FIFA e incluso sugiri\u00f3 retomar el [&hellip;]<\/p>\n","protected":false},"author":1,"featured_media":129227,"comment_status":"open","ping_status":"open","sticky":false,"template":"","format":"standard","meta":{"site-sidebar-layout":"default","site-content-layout":"","ast-site-content-layout":"default","site-content-style":"default","site-sidebar-style":"default","ast-global-header-display":"","ast-banner-title-visibility":"","ast-main-header-display":"","ast-hfb-above-header-display":"","ast-hfb-below-header-display":"","ast-hfb-mobile-header-display":"","site-post-title":"","ast-breadcrumbs-content":"","ast-featured-img":"","footer-sml-layout":"","theme-transparent-header-meta":"","adv-header-id-meta":"","stick-header-meta":"","header-above-stick-meta":"","header-main-stick-meta":"","header-below-stick-meta":"","astra-migrate-meta-layouts":"default","ast-page-background-enabled":"default","ast-page-background-meta":{"desktop":{"background-color":"var(--ast-global-color-4)","background-image":"","background-repeat":"repeat","background-position":"center center","background-size":"auto","background-attachment":"scroll","background-type":"","background-media":"","overlay-type":"","overlay-color":"","overlay-opacity":"","overlay-gradient":""},"tablet":{"background-color":"","background-image":"","background-repeat":"repeat","background-position":"center center","background-size":"auto","background-attachment":"scroll","background-type":"","background-media":"","overlay-type":"","overlay-color":"","overlay-opacity":"","overlay-gradient":""},"mobile":{"background-color":"","background-image":"","background-repeat":"repeat","background-position":"center center","background-size":"auto","background-attachment":"scroll","background-type":"","background-media":"","overlay-type":"","overlay-color":"","overlay-opacity":"","overlay-gradient":""}},"ast-content-background-meta":{"desktop":{"background-color":"var(--ast-global-color-5)","background-image":"","background-repeat":"repeat","background-position":"center center","background-size":"auto","background-attachment":"scroll","background-type":"","background-media":"","overlay-type":"","overlay-color":"","overlay-opacity":"","overlay-gradient":""},"tablet":{"background-color":"var(--ast-global-color-5)","background-image":"","background-repeat":"repeat","background-position":"center center","background-size":"auto","background-attachment":"scroll","background-type":"","background-media":"","overlay-type":"","overlay-color":"","overlay-opacity":"","overlay-gradient":""},"mobile":{"background-color":"var(--ast-global-color-5)","background-image":"","background-repeat":"repeat","background-position":"center center","background-size":"auto","background-attachment":"scroll","background-type":"","background-media":"","overlay-type":"","overlay-color":"","overlay-opacity":"","overlay-gradient":""}},"footnotes":""},"categories":[8],"tags":[52614,52612,1106,50921,52613,51824],"class_list":["post-129223","post","type-post","status-publish","format-standard","has-post-thumbnail","hentry","category-noticias","tag-comercializar-la-copa-del-mundo","tag-etoo","tag-fifa","tag-infantino","tag-presidente-de-la-federacion-de-camerun","tag-privatizar-el-mundial"],"_links":{"self":[{"href":"https:\/\/losperiodistas.com.mx\/portal\/wp-json\/wp\/v2\/posts\/129223","targetHints":{"allow":["GET"]}}],"collection":[{"href":"https:\/\/losperiodistas.com.mx\/portal\/wp-json\/wp\/v2\/posts"}],"about":[{"href":"https:\/\/losperiodistas.com.mx\/portal\/wp-json\/wp\/v2\/types\/post"}],"author":[{"embeddable":true,"href":"https:\/\/losperiodistas.com.mx\/portal\/wp-json\/wp\/v2\/users\/1"}],"replies":[{"embeddable":true,"href":"https:\/\/losperiodistas.com.mx\/portal\/wp-json\/wp\/v2\/comments?post=129223"}],"version-history":[{"count":1,"href":"https:\/\/losperiodistas.com.mx\/portal\/wp-json\/wp\/v2\/posts\/129223\/revisions"}],"predecessor-version":[{"id":129230,"href":"https:\/\/losperiodistas.com.mx\/portal\/wp-json\/wp\/v2\/posts\/129223\/revisions\/129230"}],"wp:featuredmedia":[{"embeddable":true,"href":"https:\/\/losperiodistas.com.mx\/portal\/wp-json\/wp\/v2\/media\/129227"}],"wp:attachment":[{"href":"https:\/\/losperiodistas.com.mx\/portal\/wp-json\/wp\/v2\/media?parent=129223"}],"wp:term":[{"taxonomy":"category","embeddable":true,"href":"https:\/\/losperiodistas.com.mx\/portal\/wp-json\/wp\/v2\/categories?post=129223"},{"taxonomy":"post_tag","embeddable":true,"href":"https:\/\/losperiodistas.com.mx\/portal\/wp-json\/wp\/v2\/tags?post=129223"}],"curies":[{"name":"wp","href":"https:\/\/api.w.org\/{rel}","templated":true}]}}