{"id":129219,"date":"2026-08-24T20:08:14","date_gmt":"2026-08-25T02:08:14","guid":{"rendered":"https:\/\/losperiodistas.com.mx\/portal\/?p=129219"},"modified":"2026-08-24T20:08:15","modified_gmt":"2026-08-25T02:08:15","slug":"trump-amenaza-con-nuevos-aranceles-a-los-automoviles-canadienses-eso-perjudicara-a-los-fabricantes-y-trabajadores-de-ee-uu-cnn","status":"publish","type":"post","link":"https:\/\/losperiodistas.com.mx\/portal\/trump-amenaza-con-nuevos-aranceles-a-los-automoviles-canadienses-eso-perjudicara-a-los-fabricantes-y-trabajadores-de-ee-uu-cnn\/","title":{"rendered":"Trump amenaza con nuevos aranceles a los autom\u00f3viles canadienses. Eso perjudicar\u00e1 a los fabricantes y trabajadores de EE.UU. | CNN"},"content":{"rendered":"\n<figure class=\"wp-block-image size-large\"><img fetchpriority=\"high\" decoding=\"async\" width=\"1024\" height=\"682\" src=\"https:\/\/losperiodistas.com.mx\/portal\/wp-content\/uploads\/2026\/08\/Trump-aranceles-autos-1024x682.png\" alt=\"\" class=\"wp-image-129221\" srcset=\"https:\/\/losperiodistas.com.mx\/portal\/wp-content\/uploads\/2026\/08\/Trump-aranceles-autos-1024x682.png 1024w, https:\/\/losperiodistas.com.mx\/portal\/wp-content\/uploads\/2026\/08\/Trump-aranceles-autos-300x200.png 300w, https:\/\/losperiodistas.com.mx\/portal\/wp-content\/uploads\/2026\/08\/Trump-aranceles-autos-768x511.png 768w, https:\/\/losperiodistas.com.mx\/portal\/wp-content\/uploads\/2026\/08\/Trump-aranceles-autos.png 1194w\" sizes=\"(max-width: 1024px) 100vw, 1024px\" \/><figcaption class=\"wp-element-caption\">Trump amenaza con nuevos aranceles a los autom\u00f3viles canadienses<\/figcaption><\/figure>\n\n\n\n<p class=\"has-vivid-red-color has-text-color has-link-color wp-elements-c263a4e1376019c6974ac35b2d4b785f\">Chris Isidore \/ CNN<\/p>\n\n\n\n<p>La amenaza del presidente Donald Trump de imponer aranceles del 50 % a los autom\u00f3viles sobre todas las importaciones procedentes de Canad\u00e1 es solo el golpe m\u00e1s reciente a una industria que ha soportado cambios en las reglas comerciales desde que el actual mandatario regres\u00f3 al poder.<\/p>\n\n\n\n<p>Trump anunci\u00f3 los planes arancelarios para los autom\u00f3viles a primera hora de este lunes, justo cuando aumentaban las tensiones comerciales entre ambos vecinos. El s\u00e1bado, Estados Unidos impuso aranceles del 50% a un grupo mucho m\u00e1s limitado de exportaciones canadienses despu\u00e9s de que fracasaran las iniciativas por alcanzar un acuerdo.<\/p>\n\n\n\n<p>Pero los elevados aranceles a los autom\u00f3viles, si se aplican, podr\u00edan alterar pr\u00e1cticas empresariales consolidadas y tener consecuencias de gran alcance en toda la industria automotriz, seg\u00fan los expertos.<\/p>\n\n\n\n<p>\u201cLos su\u00e9teres, la miel y los palos de hockey no constituyen una guerra comercial. Lo que el presidente acaba de amenazar con hacer esta ma\u00f1ana s\u00ed es una guerra comercial\u201d, afirm\u00f3 Patrick Anderson, director ejecutivo de Anderson Economic Group, una consultora con sede en Michigan. \u201cSer\u00eda un duro golpe para la industria automotriz. Ver\u00edamos el cierre de plantas a ambos lados de la frontera\u201d.<\/p>\n\n\n\n<p>Canad\u00e1 s\u00ed tiene un gran super\u00e1vit comercial con Estados Unidos. Pero en lo que respecta a la industria automotriz, ocurre lo contrario: Estados Unidos tiene un super\u00e1vit comercial con Canad\u00e1 de casi US$ 1.000 millones al mes.<\/p>\n\n\n\n<p>Estados Unidos import\u00f3 veh\u00edculos y autopartes canadienses por valor de US 24.500 millones en los primeros seis meses de 2026, seg\u00fan los datos comerciales del Departamento de Comercio, frente a los US$ 30.400 millones que import\u00f3 Canad\u00e1.<\/p>\n\n\n\n<p>Desde que el Tratado de Libre Comercio de Am\u00e9rica del Norte se introdujo por primera vez en la d\u00e9cada de 1990, y posteriormente el Tratado entre M\u00e9xico, Estados Unidos y Canad\u00e1 durante el primer mandato de Trump, la industria automotriz ha podido operar como si Am\u00e9rica del Norte fuera un mercado \u00fanico. Las empresas trasladan piezas y veh\u00edculos libremente a trav\u00e9s de las fronteras, a menudo varias veces antes de que el autom\u00f3vil sea ensamblado y enviado a las salas de exposici\u00f3n de los concesionarios.<\/p>\n\n\n\n<figure class=\"wp-block-image size-large\"><img decoding=\"async\" width=\"1024\" height=\"684\" src=\"https:\/\/losperiodistas.com.mx\/portal\/wp-content\/uploads\/2026\/08\/imagen-95-1024x684.png\" alt=\"\" class=\"wp-image-129220\" srcset=\"https:\/\/losperiodistas.com.mx\/portal\/wp-content\/uploads\/2026\/08\/imagen-95-1024x684.png 1024w, https:\/\/losperiodistas.com.mx\/portal\/wp-content\/uploads\/2026\/08\/imagen-95-300x200.png 300w, https:\/\/losperiodistas.com.mx\/portal\/wp-content\/uploads\/2026\/08\/imagen-95-768x513.png 768w, https:\/\/losperiodistas.com.mx\/portal\/wp-content\/uploads\/2026\/08\/imagen-95.png 1110w\" sizes=\"(max-width: 1024px) 100vw, 1024px\" \/><figcaption class=\"wp-element-caption\"> Camiones cruzan el puente Ambassador, que conecta Windsor, Canad\u00e1, con Detroit. El flujo de veh\u00edculos entre ambos pa\u00edses podr\u00eda reducirse dr\u00e1sticamente si Trump impone aranceles del 50 % a los autom\u00f3viles y autopartes canadienses.<br>Jeff Kowalsky\/AFP\/Getty Images<\/figcaption><\/figure>\n\n\n\n<p>Incluso con los aranceles a los autom\u00f3viles de 2025, ese proceso continu\u00f3. Esto se debe a que las exenciones redujeron considerablemente el costo de los aranceles establecidos el a\u00f1o pasado.<\/p>\n\n\n\n<p>Los fabricantes de autom\u00f3viles pod\u00edan deducir el valor de las piezas estadounidenses incorporadas a los veh\u00edculos y piezas fabricados en Canad\u00e1, e incluso el valor de las piezas fabricadas en Canad\u00e1 si cumpl\u00edan con los t\u00e9rminos del T-MEC, explic\u00f3 Anderson. Por lo tanto, el costo del arancel del 25 % sobre los autom\u00f3viles y las piezas canadienses establecido en 2025 se redujo significativamente, se\u00f1al\u00f3.<\/p>\n\n\n\n<p>Interrumpir el flujo a trav\u00e9s de la frontera entre Estados Unidos y Canad\u00e1 costar\u00e1 empleos estadounidenses, tanto en la industria de autopartes como en las plantas de ensamblaje, seg\u00fan los expertos.<\/p>\n\n\n\n<p>Los autom\u00f3viles fabricados en plantas canadienses dependen en gran medida de piezas de proveedores estadounidenses, que emplean a m\u00e1s de medio mill\u00f3n de estadounidenses.<\/p>\n\n\n\n<p>\u201cEl impacto de unos aranceles inviables se sentir\u00eda mucho m\u00e1s all\u00e1 de las plantas de ensamblaje canadienses\u201d, afirm\u00f3 Erin Keating, analista ejecutiva de Cox Automotive.<\/p>\n\n\n\n<p>Y los canadienses compraron alrededor de 663.000 autom\u00f3viles fabricados en plantas de ensamblaje estadounidenses el a\u00f1o pasado, seg\u00fan la firma de investigaci\u00f3n Mobility Global. Los compradores canadienses tambi\u00e9n gastaron m\u00e1s del triple que los compradores estadounidenses en veh\u00edculos m\u00e1s grandes y costosos: camiones pesados, autobuses y veh\u00edculos para fines especiales.<\/p>\n\n\n\n<p>En una conferencia de prensa celebrada este lunes, el primer ministro canadiense, Mark Carney, plante\u00f3 la posibilidad de p\u00e9rdidas de empleos en Estados Unidos debido a los aranceles de Trump sobre los autom\u00f3viles.<\/p>\n\n\n\n<p>\u201c\u00bfQu\u00e9 mensaje env\u00eda eso a los trabajadores de Michigan, Ohio, Kentucky y Alabama, que dependen de la demanda canadiense?\u201d, pregunt\u00f3. \u201cSomos su mayor cliente de autom\u00f3viles\u201d.<\/p>\n\n\n\n<p>Antes de que las conversaciones comerciales entre Estados Unidos y Canad\u00e1 fracasaran la semana pasada, los funcionarios hab\u00edan debatido reducir la tasa al 15 %. Esa es la tasa que han afrontado los autom\u00f3viles procedentes de la Uni\u00f3n Europea, Corea del Sur y Jap\u00f3n desde que alcanzaron acuerdos comerciales con Estados Unidos el a\u00f1o pasado. Pero esos autom\u00f3viles asi\u00e1ticos y europeos tienen muy poco contenido estadounidense.<\/p>\n\n\n\n<p>La mayor\u00eda de los principales fabricantes de autom\u00f3viles contactados por CNN se negaron a comentar sobre los aranceles o no respondieron a una solicitud de comentarios.<\/p>\n\n\n\n<p>Unifor, el sindicato que representa a los trabajadores canadienses de la industria automotriz, critic\u00f3 duramente los aranceles previstos y los calific\u00f3 de \u201ct\u00e1ctica de intimidaci\u00f3n\u201d.<\/p>\n\n\n\n<p>\u201cEl Gobierno de EE.UU. no reconoce que nuestra industria automotriz, altamente integrada, implica que la inestabilidad persistente perjudica a los trabajadores de ambos lados de la frontera y hace que sea cada vez m\u00e1s dif\u00edcil fabricar autom\u00f3viles en Am\u00e9rica del Norte\u201d, afirm\u00f3 el sindicato canadiense. \u201cTenemos que resolver esto juntos\u201d.<\/p>\n\n\n\n<p>Fuente: <a href=\"https:\/\/cnnespanol.cnn.com\/2026\/08\/24\/economia\/aranceles-automoviles-canadienses-efectos-eeuu-trax\" target=\"_blank\" rel=\"noreferrer noopener\">CNN<\/a><\/p>\n","protected":false},"excerpt":{"rendered":"<p>Chris Isidore \/ CNN La amenaza del presidente Donald Trump de imponer aranceles del 50 % a los autom\u00f3viles sobre [&hellip;]<\/p>\n","protected":false},"author":1,"featured_media":129221,"comment_status":"open","ping_status":"open","sticky":false,"template":"","format":"standard","meta":{"site-sidebar-layout":"default","site-content-layout":"","ast-site-content-layout":"default","site-content-style":"default","site-sidebar-style":"default","ast-global-header-display":"","ast-banner-title-visibility":"","ast-main-header-display":"","ast-hfb-above-header-display":"","ast-hfb-below-header-display":"","ast-hfb-mobile-header-display":"","site-post-title":"","ast-breadcrumbs-content":"","ast-featured-img":"","footer-sml-layout":"","theme-transparent-header-meta":"","adv-header-id-meta":"","stick-header-meta":"","header-above-stick-meta":"","header-main-stick-meta":"","header-below-stick-meta":"","astra-migrate-meta-layouts":"default","ast-page-background-enabled":"default","ast-page-background-meta":{"desktop":{"background-color":"var(--ast-global-color-4)","background-image":"","background-repeat":"repeat","background-position":"center center","background-size":"auto","background-attachment":"scroll","background-type":"","background-media":"","overlay-type":"","overlay-color":"","overlay-opacity":"","overlay-gradient":""},"tablet":{"background-color":"","background-image":"","background-repeat":"repeat","background-position":"center center","background-size":"auto","background-attachment":"scroll","background-type":"","background-media":"","overlay-type":"","overlay-color":"","overlay-opacity":"","overlay-gradient":""},"mobile":{"background-color":"","background-image":"","background-repeat":"repeat","background-position":"center center","background-size":"auto","background-attachment":"scroll","background-type":"","background-media":"","overlay-type":"","overlay-color":"","overlay-opacity":"","overlay-gradient":""}},"ast-content-background-meta":{"desktop":{"background-color":"var(--ast-global-color-5)","background-image":"","background-repeat":"repeat","background-position":"center center","background-size":"auto","background-attachment":"scroll","background-type":"","background-media":"","overlay-type":"","overlay-color":"","overlay-opacity":"","overlay-gradient":""},"tablet":{"background-color":"var(--ast-global-color-5)","background-image":"","background-repeat":"repeat","background-position":"center center","background-size":"auto","background-attachment":"scroll","background-type":"","background-media":"","overlay-type":"","overlay-color":"","overlay-opacity":"","overlay-gradient":""},"mobile":{"background-color":"var(--ast-global-color-5)","background-image":"","background-repeat":"repeat","background-position":"center center","background-size":"auto","background-attachment":"scroll","background-type":"","background-media":"","overlay-type":"","overlay-color":"","overlay-opacity":"","overlay-gradient":""}},"footnotes":""},"categories":[8],"tags":[52610,18411,4686,4025,7599,52609,10989],"class_list":["post-129219","post","type-post","status-publish","format-standard","has-post-thumbnail","hentry","category-noticias","tag-automoviles-canadienses","tag-autopartes","tag-canada","tag-estados-unidos","tag-industria-automotriz","tag-nuevos-aranceles","tag-trump"],"_links":{"self":[{"href":"https:\/\/losperiodistas.com.mx\/portal\/wp-json\/wp\/v2\/posts\/129219","targetHints":{"allow":["GET"]}}],"collection":[{"href":"https:\/\/losperiodistas.com.mx\/portal\/wp-json\/wp\/v2\/posts"}],"about":[{"href":"https:\/\/losperiodistas.com.mx\/portal\/wp-json\/wp\/v2\/types\/post"}],"author":[{"embeddable":true,"href":"https:\/\/losperiodistas.com.mx\/portal\/wp-json\/wp\/v2\/users\/1"}],"replies":[{"embeddable":true,"href":"https:\/\/losperiodistas.com.mx\/portal\/wp-json\/wp\/v2\/comments?post=129219"}],"version-history":[{"count":1,"href":"https:\/\/losperiodistas.com.mx\/portal\/wp-json\/wp\/v2\/posts\/129219\/revisions"}],"predecessor-version":[{"id":129222,"href":"https:\/\/losperiodistas.com.mx\/portal\/wp-json\/wp\/v2\/posts\/129219\/revisions\/129222"}],"wp:featuredmedia":[{"embeddable":true,"href":"https:\/\/losperiodistas.com.mx\/portal\/wp-json\/wp\/v2\/media\/129221"}],"wp:attachment":[{"href":"https:\/\/losperiodistas.com.mx\/portal\/wp-json\/wp\/v2\/media?parent=129219"}],"wp:term":[{"taxonomy":"category","embeddable":true,"href":"https:\/\/losperiodistas.com.mx\/portal\/wp-json\/wp\/v2\/categories?post=129219"},{"taxonomy":"post_tag","embeddable":true,"href":"https:\/\/losperiodistas.com.mx\/portal\/wp-json\/wp\/v2\/tags?post=129219"}],"curies":[{"name":"wp","href":"https:\/\/api.w.org\/{rel}","templated":true}]}}