{"id":129216,"date":"2026-08-24T19:43:19","date_gmt":"2026-08-25T01:43:19","guid":{"rendered":"https:\/\/losperiodistas.com.mx\/portal\/?p=129216"},"modified":"2026-08-24T19:43:21","modified_gmt":"2026-08-25T01:43:21","slug":"presentan-al-congreso-de-sinaloa-solicitud-de-juicio-politico-contra-el-gobernador-con-licencia-rocha-moya-la-jornada","status":"publish","type":"post","link":"https:\/\/losperiodistas.com.mx\/portal\/presentan-al-congreso-de-sinaloa-solicitud-de-juicio-politico-contra-el-gobernador-con-licencia-rocha-moya-la-jornada\/","title":{"rendered":"Presentan al Congreso de Sinaloa solicitud de juicio pol\u00edtico contra el gobernador con licencia Rocha Moya | La Jornada"},"content":{"rendered":"\n<p>Mientras se presenta la solicitud de juicio pol\u00edtico contra Rub\u00e9n Rocha Moya, el Congreso de Sinaloa enfrenta adem\u00e1s el proceso para definir qui\u00e9n concluir\u00e1 el periodo constitucional de la gubernatura.<\/p>\n\n\n\n<figure class=\"wp-block-image size-large\"><img fetchpriority=\"high\" decoding=\"async\" width=\"1024\" height=\"583\" src=\"https:\/\/losperiodistas.com.mx\/portal\/wp-content\/uploads\/2026\/08\/solicitud-de-juicio-politico-contra-rocha-moya-1024x583.png\" alt=\"\" class=\"wp-image-129217\" srcset=\"https:\/\/losperiodistas.com.mx\/portal\/wp-content\/uploads\/2026\/08\/solicitud-de-juicio-politico-contra-rocha-moya-1024x583.png 1024w, https:\/\/losperiodistas.com.mx\/portal\/wp-content\/uploads\/2026\/08\/solicitud-de-juicio-politico-contra-rocha-moya-300x171.png 300w, https:\/\/losperiodistas.com.mx\/portal\/wp-content\/uploads\/2026\/08\/solicitud-de-juicio-politico-contra-rocha-moya-768x437.png 768w, https:\/\/losperiodistas.com.mx\/portal\/wp-content\/uploads\/2026\/08\/solicitud-de-juicio-politico-contra-rocha-moya.png 1422w\" sizes=\"(max-width: 1024px) 100vw, 1024px\" \/><figcaption class=\"wp-element-caption\">Foto: Cuartoscuro<\/figcaption><\/figure>\n\n\n\n<p class=\"has-vivid-red-color has-text-color has-link-color wp-elements-d8ace0577df33144c006bfd7901140d9\">Redacci\u00f3n \/ La Jornada<\/p>\n\n\n\n<p>Ciudadanos, empresarios vinculados a la Coparmex, integrantes del sector restaurantero y la diputada pri\u00edsta, Paola G\u00e1rate Valenzuela ingresar\u00e1n este lunes ante el Congreso de Sinaloa una solicitud de juicio pol\u00edtico contra Rub\u00e9n Rocha Moya, gobernador con licencia, por presuntos actos y omisiones que, de acreditarse, podr\u00edan representar un perjuicio para los intereses p\u00fablicos fundamentales y el buen despacho de la administraci\u00f3n estatal.<\/p>\n\n\n\n<p>La solicitud de juicio pol\u00edtico contra Rub\u00e9n Rocha Moya contempla, de acuerdo con sus promoventes, 16 hechos ocurridos durante el ejercicio de su encargo.<\/p>\n\n\n\n<p>Entre los se\u00f1alamientos se incluyen acontecimientos relacionados con las elecciones de 2021, entre ellos la presunta privaci\u00f3n de la libertad de militantes y operadores de distintos partidos pol\u00edticos. Tambi\u00e9n se menciona el caso de la entonces diputada y actual legisladora pri\u00edsta, Paola G\u00e1rate Valenzuela.<\/p>\n\n\n\n<p>La ex diputada local, Karla Montero, quien fue parte de la 63 Legislatura en el procedimiento de desafuero de la diputada, Lucero Guadalupe S\u00e1nchez, que finalmente se realiz\u00f3 en la C\u00e1mara de Diputados, explic\u00f3 que el documento ser\u00e1 presentado con el respaldo de ciudadanos y que la intenci\u00f3n es que el Congreso de Sinaloa d\u00e9 tr\u00e1mite a la solicitud y convoque a una sesi\u00f3n extraordinaria para determinar si procede.<\/p>\n\n\n\n<p>Seg\u00fan expuso, entre los firmantes se encuentran Marta Reyes, presidenta de Coparmex Sinaloa; el ex presidente de Canirac, Miguel Taniyama; el activista de #BardasBlancas, Manlio Abel Jacobo Miller; Eduardo Cota y la propia Karla Montero, adem\u00e1s de otros ciudadanos, con una participaci\u00f3n estimada de entre 20 y 30 personas.<\/p>\n\n\n\n<h2 class=\"wp-block-heading\">Juicio pol\u00edtico en Sinaloa<\/h2>\n\n\n\n<p>Ciudadanos exigen una votaci\u00f3n p\u00fablica, la ex diputada Montero sostuvo que la ciudadan\u00eda busca conocer la postura de cada diputado frente a la solicitud de juicio pol\u00edtico contra Rocha Moya. La ex legisladora plante\u00f3 que los integrantes del Congreso deben votar y dejar claro qui\u00e9n respalda el procedimiento y qui\u00e9n se opone a \u00e9l.<\/p>\n\n\n\n<p>De acuerdo con sus declaraciones, el documento fue elaborado con asesor\u00eda jur\u00eddica y consta de 14 fojas, adem\u00e1s de una lona instalada en el acceso principal del Sal\u00f3n Constituyentes del Congreso de Sinaloa para convocar a m\u00e1s ciudadanos a sumarse.<\/p>\n\n\n\n<p>Los interesados deber\u00e1n proporcionar documentaci\u00f3n como copia de la credencial de elector y acta de nacimiento, adem\u00e1s de plasmar su firma.<\/p>\n\n\n\n<p>La diputada G\u00e1rate Valenzuela confirm\u00f3 que respaldar\u00e1 formalmente la solicitud.<\/p>\n\n\n\n<p>La legisladora se\u00f1al\u00f3 que el objetivo es evitar que la separaci\u00f3n temporal del cargo deje abierta la posibilidad de un eventual regreso de Rocha Moya al gobierno de Sinaloa sin que antes se esclarezcan los se\u00f1alamientos planteados por los promoventes.&nbsp;<\/p>\n\n\n\n<p>Paola G\u00e1rate pide que el Congreso de Sinaloa act\u00fae, la legisladora llam\u00f3 a los diputados de oposici\u00f3n y a la ciudadan\u00eda a respaldar el procedimiento para que el juicio pol\u00edtico contra Rocha Moya no quede \u00fanicamente en discursos o declaraciones. La diputada afirm\u00f3 que, desde su perspectiva, deben agotarse las v\u00edas institucionales y jur\u00eddicas para determinar responsabilidades.<\/p>\n\n\n\n<p>La legisladora tambi\u00e9n hizo referencia a se\u00f1alamientos de car\u00e1cter internacional relacionados con funcionarios sinaloenses. No obstante, tales acusaciones deben distinguirse de los hechos espec\u00edficos contenidos en la solicitud de juicio pol\u00edtico y, en su caso, ser acreditadas por las autoridades competentes.<\/p>\n\n\n\n<p>Por su parte, la ex legisladora Montero compar\u00f3 la solicitud con otros procedimientos pol\u00edticos que derivaron en la separaci\u00f3n de funcionarios estatales, al mencionar el caso de Jes\u00fas Estrada Ferreiro en el contexto de sus se\u00f1alamientos. La ex diputada sostuvo que, a su juicio, los hechos planteados ahora ameritan que el Congreso analice el caso de fondo.<\/p>\n\n\n\n<h2 class=\"wp-block-heading\">16 hechos y un documento de 14 fojas<\/h2>\n\n\n\n<p>La solicitud presentada ante el Congreso de Sinaloa plantea 16 hechos que, seg\u00fan los promoventes, deben ser analizados mediante el procedimiento de juicio pol\u00edtico. El expediente tiene 14 fojas y cuenta con el respaldo inicial de ciudadanos y representantes de sectores productivos de Sinaloa.<\/p>\n\n\n\n<p>La participaci\u00f3n ciudadana busca acompa\u00f1ar la solicitud formal presentada por Paola G\u00e1rate Valenzuela, mientras que los promoventes esperan que el Poder Legislativo estatal determine si existen elementos para dar continuidad al procedimiento.<\/p>\n\n\n\n<h2 class=\"wp-block-heading\">Congreso de Sinaloa define al gobernador sustituto<\/h2>\n\n\n\n<p>Mientras se presenta la solicitud de juicio pol\u00edtico contra Rub\u00e9n Rocha Moya, el Congreso de Sinaloa enfrenta adem\u00e1s el proceso para definir qui\u00e9n concluir\u00e1 el periodo constitucional de la gubernatura.<\/p>\n\n\n\n<p>La diputada Paola G\u00e1rate cuestion\u00f3 la falta de informaci\u00f3n p\u00fablica sobre los trabajos legislativos y exigi\u00f3 que las decisiones se transparenten.<\/p>\n\n\n\n<p>Seg\u00fan explic\u00f3, la Comisi\u00f3n de Puntos Constitucionales y Gobernaci\u00f3n debe analizar la propuesta correspondiente para posteriormente enviar un dictamen al pleno. Sin embargo, hasta el momento de sus declaraciones, la legisladora asegur\u00f3 que no se hab\u00eda informado p\u00fablicamente una nueva hora para reanudar los trabajos de la comisi\u00f3n.<\/p>\n\n\n\n<p>G\u00e1rate Valenzuela tambi\u00e9n pidi\u00f3 que las sesiones relacionadas con el nombramiento del gobernador sustituto sean transmitidas en vivo y que exista di\u00e1logo con las fuerzas pol\u00edticas, organizaciones ciudadanas, sectores productivos y la academia. La legisladora consider\u00f3 que la prioridad debe ser recuperar la gobernabilidad de Sinaloa y atender las demandas de la ciudadan\u00eda.<\/p>\n\n\n\n<h2 class=\"wp-block-heading\">\u00bfQu\u00e9 sigue para la solicitud de juicio pol\u00edtico contra Rocha Moya?<\/h2>\n\n\n\n<p>La presentaci\u00f3n de una solicitud de juicio pol\u00edtico no significa que el procedimiento haya sido aprobado ni que Rocha Moya haya sido declarado responsable de los hechos se\u00f1alados. El Congreso de Sinaloa deber\u00e1 revisar los requisitos legales, analizar la procedencia y, en su caso, continuar con las etapas previstas por la legislaci\u00f3n.<\/p>\n\n\n\n<p>Los promoventes aseguran que buscar\u00e1n mantener la presi\u00f3n ciudadana para que el expediente sea recibido, analizado y sometido a consideraci\u00f3n de los legisladores. Su principal demanda es que el proceso sea p\u00fablico y que cada diputado haga expl\u00edcita su posici\u00f3n mediante el voto.<\/p>\n\n\n\n<h2 class=\"wp-block-heading\">\u00bfQui\u00e9n present\u00f3 la solicitud de juicio pol\u00edtico?<\/h2>\n\n\n\n<p>La solicitud es respaldada por ciudadanos, empresarios, integrantes del sector restaurantero y la diputada pri\u00edsta, Paola G\u00e1rate Valenzuela, quien ingresar\u00e1 formalmente el documento ante el Congreso de Sinaloa.<\/p>\n\n\n\n<h2 class=\"wp-block-heading\">\u00bfCu\u00e1ntos hechos contempla la solicitud?<\/h2>\n\n\n\n<p>El documento contempla 16 hechos que los promoventes consideran motivo para solicitar el juicio pol\u00edtico contra Rub\u00e9n Rocha Moya.<\/p>\n\n\n\n<h2 class=\"wp-block-heading\">\u00bfCu\u00e1ntas fojas tiene el documento?<\/h2>\n\n\n\n<p>La solicitud consta de 14 fojas, de acuerdo con la informaci\u00f3n proporcionada durante su presentaci\u00f3n.<\/p>\n\n\n\n<h2 class=\"wp-block-heading\">\u00bfQu\u00e9 debe hacer ahora el Congreso de Sinaloa?<\/h2>\n\n\n\n<p>El Congreso deber\u00e1 revisar la solicitud, determinar su procedencia conforme al marco legal y, si corresponde, continuar con el procedimiento de juicio pol\u00edtico.<\/p>\n\n\n\n<h2 class=\"wp-block-heading\">Contexto para Sinaloa<\/h2>\n\n\n\n<p>La solicitud ocurre en un momento de definici\u00f3n pol\u00edtica para Sinaloa, debido al proceso legislativo relacionado con la gubernatura y la separaci\u00f3n temporal de Rub\u00e9n Rocha Moya. Por ello, los promoventes buscan que el Congreso estatal atienda tanto la solicitud de juicio pol\u00edtico como las demandas ciudadanas de transparencia y rendici\u00f3n de cuentas.<\/p>\n\n\n\n<p>El caso tambi\u00e9n coloca nuevamente bajo atenci\u00f3n p\u00fablica al Congreso de Sinaloa, donde los legisladores deber\u00e1n determinar el curso que tendr\u00e1 la solicitud. Hasta que exista una resoluci\u00f3n formal, los se\u00f1alamientos contenidos en el documento constituyen acusaciones de los promoventes y no una determinaci\u00f3n de responsabilidad.<\/p>\n\n\n\n<p>Fuente: <a href=\"https:\/\/www.jornada.com.mx\/noticia\/2026\/08\/24\/estados\/presentan-al-congreso-de-sinaloa-solicitud-de-juicio-politico-contra-el-gobernador-con-licencia-rocha-moya\" target=\"_blank\" rel=\"noreferrer noopener\">La Jornada<\/a><\/p>\n","protected":false},"excerpt":{"rendered":"<p>Mientras se presenta la solicitud de juicio pol\u00edtico contra Rub\u00e9n Rocha Moya, el Congreso de Sinaloa enfrenta adem\u00e1s el proceso para definir qui\u00e9n concluir\u00e1 el periodo constitucional de la gubernatura.<\/p>\n","protected":false},"author":1,"featured_media":129217,"comment_status":"open","ping_status":"open","sticky":false,"template":"","format":"standard","meta":{"site-sidebar-layout":"default","site-content-layout":"","ast-site-content-layout":"default","site-content-style":"default","site-sidebar-style":"default","ast-global-header-display":"","ast-banner-title-visibility":"","ast-main-header-display":"","ast-hfb-above-header-display":"","ast-hfb-below-header-display":"","ast-hfb-mobile-header-display":"","site-post-title":"","ast-breadcrumbs-content":"","ast-featured-img":"","footer-sml-layout":"","theme-transparent-header-meta":"","adv-header-id-meta":"","stick-header-meta":"","header-above-stick-meta":"","header-main-stick-meta":"","header-below-stick-meta":"","astra-migrate-meta-layouts":"default","ast-page-background-enabled":"default","ast-page-background-meta":{"desktop":{"background-color":"var(--ast-global-color-4)","background-image":"","background-repeat":"repeat","background-position":"center center","background-size":"auto","background-attachment":"scroll","background-type":"","background-media":"","overlay-type":"","overlay-color":"","overlay-opacity":"","overlay-gradient":""},"tablet":{"background-color":"","background-image":"","background-repeat":"repeat","background-position":"center center","background-size":"auto","background-attachment":"scroll","background-type":"","background-media":"","overlay-type":"","overlay-color":"","overlay-opacity":"","overlay-gradient":""},"mobile":{"background-color":"","background-image":"","background-repeat":"repeat","background-position":"center center","background-size":"auto","background-attachment":"scroll","background-type":"","background-media":"","overlay-type":"","overlay-color":"","overlay-opacity":"","overlay-gradient":""}},"ast-content-background-meta":{"desktop":{"background-color":"var(--ast-global-color-5)","background-image":"","background-repeat":"repeat","background-position":"center center","background-size":"auto","background-attachment":"scroll","background-type":"","background-media":"","overlay-type":"","overlay-color":"","overlay-opacity":"","overlay-gradient":""},"tablet":{"background-color":"var(--ast-global-color-5)","background-image":"","background-repeat":"repeat","background-position":"center center","background-size":"auto","background-attachment":"scroll","background-type":"","background-media":"","overlay-type":"","overlay-color":"","overlay-opacity":"","overlay-gradient":""},"mobile":{"background-color":"var(--ast-global-color-5)","background-image":"","background-repeat":"repeat","background-position":"center center","background-size":"auto","background-attachment":"scroll","background-type":"","background-media":"","overlay-type":"","overlay-color":"","overlay-opacity":"","overlay-gradient":""}},"footnotes":""},"categories":[8],"tags":[52582,6839,52608,30316,52607],"class_list":["post-129216","post","type-post","status-publish","format-standard","has-post-thumbnail","hentry","category-noticias","tag-congreso-de-sinaloa","tag-coparmex","tag-paola-garate-valenzuela","tag-rocha-moya","tag-solicitud-de-juicio-politico"],"_links":{"self":[{"href":"https:\/\/losperiodistas.com.mx\/portal\/wp-json\/wp\/v2\/posts\/129216","targetHints":{"allow":["GET"]}}],"collection":[{"href":"https:\/\/losperiodistas.com.mx\/portal\/wp-json\/wp\/v2\/posts"}],"about":[{"href":"https:\/\/losperiodistas.com.mx\/portal\/wp-json\/wp\/v2\/types\/post"}],"author":[{"embeddable":true,"href":"https:\/\/losperiodistas.com.mx\/portal\/wp-json\/wp\/v2\/users\/1"}],"replies":[{"embeddable":true,"href":"https:\/\/losperiodistas.com.mx\/portal\/wp-json\/wp\/v2\/comments?post=129216"}],"version-history":[{"count":1,"href":"https:\/\/losperiodistas.com.mx\/portal\/wp-json\/wp\/v2\/posts\/129216\/revisions"}],"predecessor-version":[{"id":129218,"href":"https:\/\/losperiodistas.com.mx\/portal\/wp-json\/wp\/v2\/posts\/129216\/revisions\/129218"}],"wp:featuredmedia":[{"embeddable":true,"href":"https:\/\/losperiodistas.com.mx\/portal\/wp-json\/wp\/v2\/media\/129217"}],"wp:attachment":[{"href":"https:\/\/losperiodistas.com.mx\/portal\/wp-json\/wp\/v2\/media?parent=129216"}],"wp:term":[{"taxonomy":"category","embeddable":true,"href":"https:\/\/losperiodistas.com.mx\/portal\/wp-json\/wp\/v2\/categories?post=129216"},{"taxonomy":"post_tag","embeddable":true,"href":"https:\/\/losperiodistas.com.mx\/portal\/wp-json\/wp\/v2\/tags?post=129216"}],"curies":[{"name":"wp","href":"https:\/\/api.w.org\/{rel}","templated":true}]}}