{"id":129213,"date":"2026-08-24T13:30:39","date_gmt":"2026-08-24T19:30:39","guid":{"rendered":"https:\/\/losperiodistas.com.mx\/portal\/?p=129213"},"modified":"2026-08-24T13:30:41","modified_gmt":"2026-08-24T19:30:41","slug":"supera-filip-2026-los-160-mil-visitantes-pepe-chedraui-consolida-a-puebla-como-referente-cultural","status":"publish","type":"post","link":"https:\/\/losperiodistas.com.mx\/portal\/supera-filip-2026-los-160-mil-visitantes-pepe-chedraui-consolida-a-puebla-como-referente-cultural\/","title":{"rendered":"Supera FILIP 2026 los 160 mil visitantes; Pepe Chedraui consolida a Puebla como referente cultural"},"content":{"rendered":"\n<ul class=\"wp-block-list\">\n<li class=\"has-medium-font-size\">En 10 d\u00edas, la capital se convirti\u00f3 en epicentro de la lectura<\/li>\n<\/ul>\n\n\n\n<p><\/p>\n\n\n\n<figure class=\"wp-block-image size-large\"><img fetchpriority=\"high\" decoding=\"async\" width=\"1024\" height=\"756\" src=\"https:\/\/losperiodistas.com.mx\/portal\/wp-content\/uploads\/2026\/08\/WhatsApp-Image-2026-08-24-at-11.23.51-1024x756.jpeg\" alt=\"\" class=\"wp-image-129214\" srcset=\"https:\/\/losperiodistas.com.mx\/portal\/wp-content\/uploads\/2026\/08\/WhatsApp-Image-2026-08-24-at-11.23.51-1024x756.jpeg 1024w, https:\/\/losperiodistas.com.mx\/portal\/wp-content\/uploads\/2026\/08\/WhatsApp-Image-2026-08-24-at-11.23.51-300x221.jpeg 300w, https:\/\/losperiodistas.com.mx\/portal\/wp-content\/uploads\/2026\/08\/WhatsApp-Image-2026-08-24-at-11.23.51-768x567.jpeg 768w, https:\/\/losperiodistas.com.mx\/portal\/wp-content\/uploads\/2026\/08\/WhatsApp-Image-2026-08-24-at-11.23.51-1536x1134.jpeg 1536w, https:\/\/losperiodistas.com.mx\/portal\/wp-content\/uploads\/2026\/08\/WhatsApp-Image-2026-08-24-at-11.23.51.jpeg 1600w\" sizes=\"(max-width: 1024px) 100vw, 1024px\" \/><\/figure>\n\n\n\n<p><\/p>\n\n\n\n<p class=\"has-vivid-red-color has-text-color has-link-color has-medium-font-size wp-elements-cb8ef1f83e4686ff6146294253e3f2fa\"><strong>Comunicado <\/strong><\/p>\n\n\n\n<p>Puebla, Pue., 24 de agosto de 2026.- M\u00e1s de 160 mil personas asistieron a la Segunda Edici\u00f3n de la Feria Internacional del Libro Puebla (FILIP) 2026, impulsada por el Gobierno de la Ciudad que encabeza el presidente municipal, Pepe Chedraui, a trav\u00e9s del Instituto Municipal de Arte y Cultura de Puebla (IMACP).<\/p>\n\n\n\n<p>A lo largo de 10 d\u00edas, el Z\u00f3calo se transform\u00f3 en el epicentro cultural de la ciudad con presentaciones de autores reconocidos como Benito Taibo, David Toscana, Xavier Velasco, Alberto Chimal, Freddy Ortega, C\u00e9sar Costa y Gilraen E\u00e4rfalas, entre otros.<\/p>\n\n\n\n<p>Durante la clausura, Anel Nochebuena, directora del IMACP, inform\u00f3 que el encuentro reuni\u00f3 a 130 editoriales nacionales e internacionales y logr\u00f3 la venta de m\u00e1s de 152 mil ejemplares, lo que gener\u00f3 una derrama de 17 millones de pesos y ganancias por m\u00e1s de 2 millones para los comercios del Centro Hist\u00f3rico.<\/p>\n\n\n\n<p>Por primera vez, la programaci\u00f3n se extendi\u00f3 a sedes alternas como el Teatro de la Ciudad y la Capilla del Arte UDLAP, con una oferta de teatro, danza y m\u00fasica que complement\u00f3 las actividades literarias en el Z\u00f3calo.<\/p>\n\n\n\n<p>Con esta afluencia hist\u00f3rica, el Gobierno de la Ciudad refrenda su compromiso de acercar la lectura a todas y todos, y consolida a Puebla como Capital Americana de la Cultura 2026.<\/p>\n\n\n\n<p><\/p>\n","protected":false},"excerpt":{"rendered":"<p>Comunicado Puebla, Pue., 24 de agosto de 2026.- M\u00e1s de 160 mil personas asistieron a la Segunda Edici\u00f3n de la [&hellip;]<\/p>\n","protected":false},"author":1,"featured_media":129214,"comment_status":"open","ping_status":"open","sticky":false,"template":"","format":"standard","meta":{"site-sidebar-layout":"default","site-content-layout":"","ast-site-content-layout":"default","site-content-style":"default","site-sidebar-style":"default","ast-global-header-display":"","ast-banner-title-visibility":"","ast-main-header-display":"","ast-hfb-above-header-display":"","ast-hfb-below-header-display":"","ast-hfb-mobile-header-display":"","site-post-title":"","ast-breadcrumbs-content":"","ast-featured-img":"","footer-sml-layout":"","theme-transparent-header-meta":"","adv-header-id-meta":"","stick-header-meta":"","header-above-stick-meta":"","header-main-stick-meta":"","header-below-stick-meta":"","astra-migrate-meta-layouts":"default","ast-page-background-enabled":"default","ast-page-background-meta":{"desktop":{"background-color":"var(--ast-global-color-4)","background-image":"","background-repeat":"repeat","background-position":"center center","background-size":"auto","background-attachment":"scroll","background-type":"","background-media":"","overlay-type":"","overlay-color":"","overlay-opacity":"","overlay-gradient":""},"tablet":{"background-color":"","background-image":"","background-repeat":"repeat","background-position":"center center","background-size":"auto","background-attachment":"scroll","background-type":"","background-media":"","overlay-type":"","overlay-color":"","overlay-opacity":"","overlay-gradient":""},"mobile":{"background-color":"","background-image":"","background-repeat":"repeat","background-position":"center center","background-size":"auto","background-attachment":"scroll","background-type":"","background-media":"","overlay-type":"","overlay-color":"","overlay-opacity":"","overlay-gradient":""}},"ast-content-background-meta":{"desktop":{"background-color":"var(--ast-global-color-5)","background-image":"","background-repeat":"repeat","background-position":"center center","background-size":"auto","background-attachment":"scroll","background-type":"","background-media":"","overlay-type":"","overlay-color":"","overlay-opacity":"","overlay-gradient":""},"tablet":{"background-color":"var(--ast-global-color-5)","background-image":"","background-repeat":"repeat","background-position":"center center","background-size":"auto","background-attachment":"scroll","background-type":"","background-media":"","overlay-type":"","overlay-color":"","overlay-opacity":"","overlay-gradient":""},"mobile":{"background-color":"var(--ast-global-color-5)","background-image":"","background-repeat":"repeat","background-position":"center center","background-size":"auto","background-attachment":"scroll","background-type":"","background-media":"","overlay-type":"","overlay-color":"","overlay-opacity":"","overlay-gradient":""}},"footnotes":""},"categories":[8],"tags":[25788,52606,52539],"class_list":["post-129213","post","type-post","status-publish","format-standard","has-post-thumbnail","hentry","category-noticias","tag-pepechedraui","tag-capital-americana-de-la-cultura-2026","tag-filip"],"_links":{"self":[{"href":"https:\/\/losperiodistas.com.mx\/portal\/wp-json\/wp\/v2\/posts\/129213","targetHints":{"allow":["GET"]}}],"collection":[{"href":"https:\/\/losperiodistas.com.mx\/portal\/wp-json\/wp\/v2\/posts"}],"about":[{"href":"https:\/\/losperiodistas.com.mx\/portal\/wp-json\/wp\/v2\/types\/post"}],"author":[{"embeddable":true,"href":"https:\/\/losperiodistas.com.mx\/portal\/wp-json\/wp\/v2\/users\/1"}],"replies":[{"embeddable":true,"href":"https:\/\/losperiodistas.com.mx\/portal\/wp-json\/wp\/v2\/comments?post=129213"}],"version-history":[{"count":1,"href":"https:\/\/losperiodistas.com.mx\/portal\/wp-json\/wp\/v2\/posts\/129213\/revisions"}],"predecessor-version":[{"id":129215,"href":"https:\/\/losperiodistas.com.mx\/portal\/wp-json\/wp\/v2\/posts\/129213\/revisions\/129215"}],"wp:featuredmedia":[{"embeddable":true,"href":"https:\/\/losperiodistas.com.mx\/portal\/wp-json\/wp\/v2\/media\/129214"}],"wp:attachment":[{"href":"https:\/\/losperiodistas.com.mx\/portal\/wp-json\/wp\/v2\/media?parent=129213"}],"wp:term":[{"taxonomy":"category","embeddable":true,"href":"https:\/\/losperiodistas.com.mx\/portal\/wp-json\/wp\/v2\/categories?post=129213"},{"taxonomy":"post_tag","embeddable":true,"href":"https:\/\/losperiodistas.com.mx\/portal\/wp-json\/wp\/v2\/tags?post=129213"}],"curies":[{"name":"wp","href":"https:\/\/api.w.org\/{rel}","templated":true}]}}