{"id":12921,"date":"2021-09-10T08:20:42","date_gmt":"2021-09-10T13:20:42","guid":{"rendered":"http:\/\/losperiodistas.com.mx\/portal\/?p=12921"},"modified":"2021-09-10T09:17:16","modified_gmt":"2021-09-10T14:17:16","slug":"dana-al-pri-constante-cambio-de-lideres","status":"publish","type":"post","link":"https:\/\/losperiodistas.com.mx\/portal\/dana-al-pri-constante-cambio-de-lideres\/","title":{"rendered":"Da\u00f1a al PRI constante cambio de l\u00edderes"},"content":{"rendered":"\n<p style=\"font-size:22px\">*En 7 a\u00f1os han registrado siete liderazgos<\/p>\n\n\n\n<p><\/p>\n\n\n\n<figure class=\"wp-block-image size-large\"><img fetchpriority=\"high\" decoding=\"async\" width=\"1024\" height=\"682\" src=\"https:\/\/losperiodistas.com.mx\/portal\/wp-content\/uploads\/2021\/09\/DIRIGENTES-DEL-PRI-ESTATAL-1024x682.jpeg\" alt=\"\" class=\"wp-image-12922\" srcset=\"https:\/\/losperiodistas.com.mx\/portal\/wp-content\/uploads\/2021\/09\/DIRIGENTES-DEL-PRI-ESTATAL-1024x682.jpeg 1024w, https:\/\/losperiodistas.com.mx\/portal\/wp-content\/uploads\/2021\/09\/DIRIGENTES-DEL-PRI-ESTATAL-300x200.jpeg 300w, https:\/\/losperiodistas.com.mx\/portal\/wp-content\/uploads\/2021\/09\/DIRIGENTES-DEL-PRI-ESTATAL-768x512.jpeg 768w, https:\/\/losperiodistas.com.mx\/portal\/wp-content\/uploads\/2021\/09\/DIRIGENTES-DEL-PRI-ESTATAL.jpeg 1280w\" sizes=\"(max-width: 1024px) 100vw, 1024px\" \/><\/figure>\n\n\n\n<p><\/p>\n\n\n\n<p class=\"has-vivid-cyan-blue-color has-text-color\" style=\"font-size:26px\"><strong><em>Por Ra\u00fal Torres Salmer\u00f3n<\/em><\/strong><\/p>\n\n\n\n<p>Por unas semanas, por acuerdo del Comit\u00e9 Nacional del PRI, se design\u00f3 a Christian Lucero Guzm\u00e1n Jim\u00e9nez y a&nbsp; Rafael Ramos Bautista como Presidenta y Secretario General, respectivamente, del Comit\u00e9 Estatal del PRI.<\/p>\n\n\n\n<p>Su interinato terminar\u00e1 cuando N\u00e9stor Camarillo Medina e Isabel Merlo Talavera tomen posesi\u00f3n por un nuevo &nbsp;periodo de cuatro a\u00f1os de 2021&nbsp; 2025. En los \u00faltimos 7 a\u00f1os han desfilado siete liderazgos.<\/p>\n\n\n\n<p>Guzm\u00e1n Jim\u00e9nez es la segunda mujer Presidenta y curiosamente, de manera temporal suple a la primera mujer que fue electa, Isabel Allende Cano, quien fue la primera en ese cargo.<\/p>\n\n\n\n<p>Aqu\u00ed est\u00e1 la historia de los \u00faltimos siete a\u00f1os, a partir de 2014.<\/p>\n\n\n\n<p>-El 2I de septiembre de 2014, Isabel Allende Cano y V\u00edctor Gabriel Chedraui, fueron electos como titulares de la Presidencia y Secretar\u00eda General, respectivamente del Comit\u00e9 Estatal de Puebla para el periodo 2014-2018, pero el 1 de marzo de 2016, Allende Cano y Gabriel Chedraui renunciaron.<\/p>\n\n\n\n<p>-Ese d\u00eda, Jorge Estefan Chidiac y Roc\u00edo Garc\u00eda Olmedo, asumen los cargos por prelaci\u00f3n. El 15 de marzo de 2018, Garc\u00eda Olmedo renunci\u00f3 y Javier Casique Z\u00e1rate pasa a la Secretar\u00eda General. Estefan dimiti\u00f3 el 8 de mayo de 2018 a la Presidencia y Casique e Isabel Merlo Talavera, asumen el cargo como titulares de la Presidencia y Secretar\u00eda General.<\/p>\n\n\n\n<p>-El 21 de septiembre del 2018, concluy\u00f3 el periodo estatutario del Comit\u00e9 pri\u00edsta, pero como el 28 de marzo de 2019, inici\u00f3 el Proceso Extraordinario Electoral Local 2019 no se convoc\u00f3 a una elecci\u00f3n ordinaria, por lo que se design\u00f3 a Lorenzo Rivera Sosa y Xitlalic Ceja Garc\u00eda de manera provisional.<\/p>\n\n\n\n<p>-El 5 de noviembre de 2019,&nbsp; Ceja Garc\u00eda dej\u00f3 el cargo y el 3 de febrero de 2020, Rivera Sosa renunci\u00f3. El Comit\u00e9 Nacional design\u00f3 a Am\u00e9rico Z\u00fa\u00f1iga Mart\u00ednez, quien fung\u00eda como Delegado General &nbsp;como Presidente provisional.<\/p>\n\n\n\n<p>-En marzo, Z\u00fa\u00f1iga Mart\u00ednez solicit\u00f3 la emisi\u00f3n de la convocatoria para el proceso interno ordinario, pero no fue posible por la pandemia, ante lo cual el PRI nacional design\u00f3 el 9 de julio, de manera provisional, Camarillo Medina y&nbsp; Merlo Talavera como l\u00edderes estatales.<\/p>\n\n\n\n<p>-En septiembre del 2020, inici\u00f3 el Proceso Electoral Federal 2020-2021 y en noviembre el Proceso Local 2020-2021, por lo que no se pudo convocar una elecci\u00f3n ordinaria, por lo que determin\u00f3 que continuara la misma directiva.<\/p>\n\n\n\n<p>-El 21 de agosto de 2021, para dar validez a la elecci\u00f3n de renovaci\u00f3n de la directiva del periodo 2021-2025, se design\u00f3 provisionalmente a Lucero Guzm\u00e1n Jim\u00e9nez y Rafael Ramos Bautista como Presidenta y Secretario General, respectivamente.<\/p>\n\n\n\n<p>Se convoc\u00f3 despu\u00e9s a elecciones y solamente se registraron Camarillo y Merlo, por lo cual no hubo campa\u00f1a interna y est\u00e1 por decidirse la fecha de toma de posesi\u00f3n en el mes de septiembre.<\/p>\n\n\n\n<p>Como se ve, hubo siete liderazgos de 2014 a la fecha. Muchos cambios perjudican seriamente a este partido.<\/p>\n\n\n\n<p>En fin, como se escribi\u00f3 un Epitafio:<\/p>\n\n\n\n<p>Cuando en la escena mor\u00eda,<\/p>\n\n\n\n<p>el actor que aqu\u00ed&nbsp; reposa,<\/p>\n\n\n\n<p>por su ficci\u00f3n recib\u00eda<\/p>\n\n\n\n<p>una ovaci\u00f3n asombrosa.<\/p>\n\n\n\n<p>Y cuando supo morir<\/p>\n\n\n\n<p>del modo m\u00e1s natural,<\/p>\n\n\n\n<p>nadie le vino a aplaudir<\/p>\n\n\n\n<p>en su lecho sepulcral.<\/p>\n\n\n\n<p>raultorress@hotmail.com<\/p>\n","protected":false},"excerpt":{"rendered":"<p>*En 7 a\u00f1os han registrado siete liderazgos Por Ra\u00fal Torres Salmer\u00f3n Por unas semanas, por acuerdo del Comit\u00e9 Nacional del [&hellip;]<\/p>\n","protected":false},"author":1,"featured_media":12922,"comment_status":"open","ping_status":"open","sticky":false,"template":"","format":"standard","meta":{"site-sidebar-layout":"default","site-content-layout":"","ast-site-content-layout":"default","site-content-style":"default","site-sidebar-style":"default","ast-global-header-display":"","ast-banner-title-visibility":"","ast-main-header-display":"","ast-hfb-above-header-display":"","ast-hfb-below-header-display":"","ast-hfb-mobile-header-display":"","site-post-title":"","ast-breadcrumbs-content":"","ast-featured-img":"","footer-sml-layout":"","theme-transparent-header-meta":"","adv-header-id-meta":"","stick-header-meta":"","header-above-stick-meta":"","header-main-stick-meta":"","header-below-stick-meta":"","astra-migrate-meta-layouts":"default","ast-page-background-enabled":"default","ast-page-background-meta":{"desktop":{"background-color":"var(--ast-global-color-4)","background-image":"","background-repeat":"repeat","background-position":"center center","background-size":"auto","background-attachment":"scroll","background-type":"","background-media":"","overlay-type":"","overlay-color":"","overlay-opacity":"","overlay-gradient":""},"tablet":{"background-color":"","background-image":"","background-repeat":"repeat","background-position":"center center","background-size":"auto","background-attachment":"scroll","background-type":"","background-media":"","overlay-type":"","overlay-color":"","overlay-opacity":"","overlay-gradient":""},"mobile":{"background-color":"","background-image":"","background-repeat":"repeat","background-position":"center center","background-size":"auto","background-attachment":"scroll","background-type":"","background-media":"","overlay-type":"","overlay-color":"","overlay-opacity":"","overlay-gradient":""}},"ast-content-background-meta":{"desktop":{"background-color":"var(--ast-global-color-5)","background-image":"","background-repeat":"repeat","background-position":"center center","background-size":"auto","background-attachment":"scroll","background-type":"","background-media":"","overlay-type":"","overlay-color":"","overlay-opacity":"","overlay-gradient":""},"tablet":{"background-color":"var(--ast-global-color-5)","background-image":"","background-repeat":"repeat","background-position":"center center","background-size":"auto","background-attachment":"scroll","background-type":"","background-media":"","overlay-type":"","overlay-color":"","overlay-opacity":"","overlay-gradient":""},"mobile":{"background-color":"var(--ast-global-color-5)","background-image":"","background-repeat":"repeat","background-position":"center center","background-size":"auto","background-attachment":"scroll","background-type":"","background-media":"","overlay-type":"","overlay-color":"","overlay-opacity":"","overlay-gradient":""}},"footnotes":""},"categories":[8,19],"tags":[3950,3949,1978],"class_list":["post-12921","post","type-post","status-publish","format-standard","has-post-thumbnail","hentry","category-noticias","category-sin-limites-2","tag-isabel-merlo-talaver","tag-nestor-camarillo-medina","tag-pri"],"_links":{"self":[{"href":"https:\/\/losperiodistas.com.mx\/portal\/wp-json\/wp\/v2\/posts\/12921","targetHints":{"allow":["GET"]}}],"collection":[{"href":"https:\/\/losperiodistas.com.mx\/portal\/wp-json\/wp\/v2\/posts"}],"about":[{"href":"https:\/\/losperiodistas.com.mx\/portal\/wp-json\/wp\/v2\/types\/post"}],"author":[{"embeddable":true,"href":"https:\/\/losperiodistas.com.mx\/portal\/wp-json\/wp\/v2\/users\/1"}],"replies":[{"embeddable":true,"href":"https:\/\/losperiodistas.com.mx\/portal\/wp-json\/wp\/v2\/comments?post=12921"}],"version-history":[{"count":1,"href":"https:\/\/losperiodistas.com.mx\/portal\/wp-json\/wp\/v2\/posts\/12921\/revisions"}],"predecessor-version":[{"id":12923,"href":"https:\/\/losperiodistas.com.mx\/portal\/wp-json\/wp\/v2\/posts\/12921\/revisions\/12923"}],"wp:featuredmedia":[{"embeddable":true,"href":"https:\/\/losperiodistas.com.mx\/portal\/wp-json\/wp\/v2\/media\/12922"}],"wp:attachment":[{"href":"https:\/\/losperiodistas.com.mx\/portal\/wp-json\/wp\/v2\/media?parent=12921"}],"wp:term":[{"taxonomy":"category","embeddable":true,"href":"https:\/\/losperiodistas.com.mx\/portal\/wp-json\/wp\/v2\/categories?post=12921"},{"taxonomy":"post_tag","embeddable":true,"href":"https:\/\/losperiodistas.com.mx\/portal\/wp-json\/wp\/v2\/tags?post=12921"}],"curies":[{"name":"wp","href":"https:\/\/api.w.org\/{rel}","templated":true}]}}