{"id":129209,"date":"2026-08-24T08:55:53","date_gmt":"2026-08-24T14:55:53","guid":{"rendered":"https:\/\/losperiodistas.com.mx\/portal\/?p=129209"},"modified":"2026-08-24T08:55:54","modified_gmt":"2026-08-24T14:55:54","slug":"arquitectura-y-vino-una-visita-a-portia-la-bodega-tocada-por-la-varita-de-norman-foster-chic","status":"publish","type":"post","link":"https:\/\/losperiodistas.com.mx\/portal\/arquitectura-y-vino-una-visita-a-portia-la-bodega-tocada-por-la-varita-de-norman-foster-chic\/","title":{"rendered":"Arquitectura y vino: una visita a Portia, la bodega tocada por la varita de Norman Foster  CHIC"},"content":{"rendered":"\n<h2 class=\"wp-block-heading has-background has-medium-font-size\" style=\"background-color:#9b51e06e\">Dise\u00f1ada por&nbsp;<strong>Norman Foster<\/strong>, esta bodega se alza no solo como un templo dedicado al vino, sino como una aut\u00e9ntica obra de arte<\/h2>\n\n\n\n<figure class=\"wp-block-image size-large\"><img fetchpriority=\"high\" decoding=\"async\" width=\"1024\" height=\"657\" src=\"https:\/\/losperiodistas.com.mx\/portal\/wp-content\/uploads\/2026\/08\/bodegas-portia-ribera-del-duero-4.jpg-1-1024x657.jpeg\" alt=\"\" class=\"wp-image-129210\" srcset=\"https:\/\/losperiodistas.com.mx\/portal\/wp-content\/uploads\/2026\/08\/bodegas-portia-ribera-del-duero-4.jpg-1-1024x657.jpeg 1024w, https:\/\/losperiodistas.com.mx\/portal\/wp-content\/uploads\/2026\/08\/bodegas-portia-ribera-del-duero-4.jpg-1-300x193.jpeg 300w, https:\/\/losperiodistas.com.mx\/portal\/wp-content\/uploads\/2026\/08\/bodegas-portia-ribera-del-duero-4.jpg-1-768x493.jpeg 768w, https:\/\/losperiodistas.com.mx\/portal\/wp-content\/uploads\/2026\/08\/bodegas-portia-ribera-del-duero-4.jpg-1.jpeg 1050w\" sizes=\"(max-width: 1024px) 100vw, 1024px\" \/><figcaption class=\"wp-element-caption\">Foto David Alonso Rinc\u00f3n <\/figcaption><\/figure>\n\n\n\n<p><a href=\"https:\/\/www.libertaddigital.com\/autores\/david-alonso\/\"><\/a><\/p>\n\n\n\n<p class=\"has-medium-font-size\"><strong><a href=\"https:\/\/www.libertaddigital.com\/autores\/david-alonso\/\">David Alonso Rinc\u00f3n<\/a><a href=\"https:\/\/x.com\/alonsorincon\" target=\"_blank\" rel=\"noreferrer noopener\"> <\/a>\/ CHIC<\/strong><a href=\"https:\/\/www.libertaddigital.com\/chic\/viajar-comer\/2026-08-21\/asi-es-bodegas-portia-disenada-por-el-genio-arquitectonico-de-norman-foster-0e-7448826\/\"><\/a><\/p>\n\n\n\n<p>Hay lugares en el mundo del vino donde la geograf\u00eda y la genialidad humana se estrechan la mano para crear algo verdaderamente&nbsp;<strong>extraordinario<\/strong>. Si uno recorre las tierras de la Ribera del Duero buscando esa simbiosis perfecta entre la tradici\u00f3n vitivin\u00edcola y la vanguardia arquitect\u00f3nica internacional, el camino conduce irremediablemente hasta&nbsp;<strong>Bodegas Portia<\/strong>, el s\u00e9ptimo y ambicioso proyecto del&nbsp;<strong>Grupo<\/strong>&nbsp;<strong>Faustino,<\/strong>&nbsp;perteneciente a la familia Mart\u00ednez Zabala. Dise\u00f1ada por el prestigioso estudio del arquitecto brit\u00e1nico&nbsp;<a href=\"https:\/\/www.libertaddigital.com\/personajes\/norman-foster\/\" target=\"_blank\" rel=\"noreferrer noopener\"><strong>Norman Foster<\/strong>,<\/a>&nbsp;esta bodega se alza no solo como un imponente edificio dedicado al vino, sino como una aut\u00e9ntica obra de arte en s\u00ed misma que redefine por completo el concepto del enoturismo en Espa\u00f1a.<\/p>\n\n\n\n<h3 class=\"wp-block-heading\">Un Sue\u00f1o de Arquitectura y Vino<\/h3>\n\n\n\n<p>La historia de Portia no es casualidad; responde a una obsesi\u00f3n heredada por sus due\u00f1os. Los or\u00edgenes se remontan a la figura del patriarca de la&nbsp;<strong>familia Mart\u00ednez<\/strong>, un apasionado del vino y la arquitectura que ya marc\u00f3 un hito en la&nbsp;<strong>Denominaci\u00f3n de Origen Rioja<\/strong>&nbsp;al inaugurar en los a\u00f1os 90 la bodega&nbsp;<strong>Campillo<\/strong>. Aquel proyecto rompi\u00f3 moldes al apostar por la madera, la pizarra negra y la apertura al p\u00fablico, convirti\u00e9ndose en pionera en recibir visitantes para que entendieran y vivieran de cerca el complejo y preciado mundo vin\u00edcola.<\/p>\n\n\n\n<p>A finales de 1996, la familia decidi\u00f3 dar el salto a la<a href=\"https:\/\/www.libertaddigital.com\/libremercado\/2021-11-07\/ribera-de-duero-bodegas-historicas-hoteles-de-cinco-estrellas-y-fabulosos-vinedos-en-la-n122-la-carretera-del-vino-0e-6834919\/\" target=\"_blank\" rel=\"noreferrer noopener\"><strong>&nbsp;Ribera del Duero<\/strong><\/a>&nbsp;y comenzar a plantar. Tras a\u00f1os de adquirir tierras estrat\u00e9gicamente fragmentadas en peque\u00f1os pagos y laderas \u2014una medida clave para esquivar los caprichos de las tormentas de granizo y proteger la cosecha\u2014, el sue\u00f1o arquitect\u00f3nico cobr\u00f3 forma definitiva al confiar el dise\u00f1o al equipo del flamante&nbsp;<strong>Norman Foster<\/strong>. Inaugurada en 2010, la bodega destaca de manera indiscutible por ser una de las pocas en el mundo cuyo&nbsp;<strong>tejado es totalmente transitable<\/strong>, integr\u00e1ndose con audacia en la orograf\u00eda del paisaje burgal\u00e9s.<\/p>\n\n\n\n<p><a href=\"https:\/\/www.libertaddigital.com\/chic\/viajar-comer\/2023-01-14\/una-ruta-por-ribera-del-duero-y-rueda-la-esencia-del-vino-en-modo-slowtravel-0e-6970622\/\" rel=\"noreferrer noopener\" target=\"_blank\">Una ruta por Ribera del Duero y Rueda, la esencia del vino y un hotel con historiaDavid Alonso Rinc\u00f3n<\/a><\/p>\n\n\n\n<h3 class=\"wp-block-heading\">El viaje de la uva: funcionalidad y m\u00ednima intervenci\u00f3n<\/h3>\n\n\n\n<p>Una de las premisas fundamentales que la familia exigi\u00f3 a Foster fue la&nbsp;<strong>funcionalidad absoluta<\/strong>&nbsp;al servicio del producto. Los t\u00e9cnicos y en\u00f3logos ten\u00edan clara una m\u00e1xima innegociable: \u00ab<strong>bombear la uva lo menos posible\u00bb&nbsp;<\/strong>seg\u00fan cuenta Lourdes Mart\u00ednez Zabala. Gracias a la estructura en altura de la bodega \u2014con zonas de elaboraci\u00f3n situadas a&nbsp;<strong>m\u00e1s de catorce metros<\/strong>&nbsp;sobre el suelo\u2014, los tractores descargan la uva en la cubierta superior, permitiendo que el fruto descienda de manera natural por gravedad hacia los dep\u00f3sitos sin sufrir da\u00f1os innecesarios.<\/p>\n\n\n\n<h3 class=\"wp-block-heading\">La filosof\u00eda de Portia y sus pilares:<\/h3>\n\n\n\n<p>En esta bodega se trabaja exclusivamente con la uva&nbsp;<strong>Tempranillo<\/strong>&nbsp;(o tinta del pa\u00eds), recolectada de forma manual en peque\u00f1as cajas de 15 kilos y&nbsp;<em>palots<\/em>&nbsp;para garantizar la m\u00e1xima calidad desde el vi\u00f1edo.<\/p>\n\n\n\n<p>La bodega cuenta con un avanzado trabajo de investigaci\u00f3n e innovaci\u00f3n enfocado en la recuperaci\u00f3n y multiplicaci\u00f3n de&nbsp;<strong>microorganismos<\/strong>&nbsp;y&nbsp;<strong>levaduras<\/strong>&nbsp;aut\u00f3ctonas extra\u00eddas directamente de sus propios campos,&nbsp;<strong>evitando el uso de productos comerciales.<\/strong><\/p>\n\n\n\n<p>En cuanto a la sostenibilidad, otro de sus pilares, el tejado de la estructura es un sistema de recogida de aguas pluviales que se canalizan hacia una depuradora propia para el lavado de dep\u00f3sitos y suelos.<\/p>\n\n\n\n<h3 class=\"wp-block-heading\">Innovaci\u00f3n en barricas y dise\u00f1o<\/h3>\n\n\n\n<p>El recorrido por las entra\u00f1as de Bodegas Portia revela una distribuci\u00f3n en alas sim\u00e9tricas donde&nbsp;<strong>la luz natural juega un papel protagonista<\/strong>, iluminando las zonas de trabajo del personal mientras mantiene las salas de crianza y dep\u00f3sitos en penumbra y a una temperatura constante y natural durante todo el a\u00f1o.<\/p>\n\n\n\n<figure class=\"wp-block-image size-full\"><img decoding=\"async\" width=\"975\" height=\"648\" src=\"https:\/\/losperiodistas.com.mx\/portal\/wp-content\/uploads\/2026\/08\/bodegas-portia-ribera-del-duero-6.jpg\" alt=\"\" class=\"wp-image-129211\" srcset=\"https:\/\/losperiodistas.com.mx\/portal\/wp-content\/uploads\/2026\/08\/bodegas-portia-ribera-del-duero-6.jpg 975w, https:\/\/losperiodistas.com.mx\/portal\/wp-content\/uploads\/2026\/08\/bodegas-portia-ribera-del-duero-6-300x199.jpg 300w, https:\/\/losperiodistas.com.mx\/portal\/wp-content\/uploads\/2026\/08\/bodegas-portia-ribera-del-duero-6-768x510.jpg 768w\" sizes=\"(max-width: 975px) 100vw, 975px\" \/><figcaption class=\"wp-element-caption\">Barricas dentro de huevos de hormig\u00f3n<\/figcaption><\/figure>\n\n\n\n<p>El proceso de envejecimiento tambi\u00e9n ha evolucionado tecnol\u00f3gicamente. Las tradicionales pilas de barricas sobre el suelo han dado paso a un sistema de bandejas que permite manipular las barricas de roble franc\u00e9s \u2014de distintas toneler\u00edas y tostados\u2014 de cuatro en cuatro, ganando en seguridad, rapidez y limpieza. Asimismo, destaca la creaci\u00f3n de ediciones especiales y limitadas como&nbsp;<strong>Portia Suma<\/strong>&nbsp;\u2014con fermentaci\u00f3n integral en barricas de 400 litros\u2014 y&nbsp;<strong>Portia Alta<\/strong>, esta \u00faltima elaborada en&nbsp;<strong>singulares huevos de hormig\u00f3n<\/strong>&nbsp;que potencian de forma natural el volumen y la textura del vino mediante el movimiento fluido de las l\u00edas.<\/p>\n\n\n\n<p><a href=\"https:\/\/www.libertaddigital.com\/chic\/viajar-comer\/2023-01-15\/ribera-del-duero-y-rueda-un-viaje-a-la-tranquilidad-con-estilo-rural-y-buen-vino-6975822\/\" rel=\"noreferrer noopener\" target=\"_blank\">Ribera del Duero y Rueda, un viaje a la tranquilidad y el buen vino con estilo ruralDavid Alonso Rinc\u00f3n<\/a><\/p>\n\n\n\n<h3 class=\"wp-block-heading\">Un espacio vivo abierto al arte<\/h3>\n\n\n\n<p>M\u00e1s all\u00e1 de su arquitectura de acero corten, madera y vidrio, Portia funciona como un centro cultural vivo.&nbsp;<strong>Sus paredes interiores albergan exposiciones temporales<\/strong>&nbsp;de artistas y escultores, ofreciendo un escaparate \u00fanico para el talento joven. Y<\/p>\n\n\n\n<p>Adem\u00e1s de toparnos con una exposici\u00f3n de arte temporal, la bodega ofrece visitas guiadas a la misma con el atractivo a\u00f1adido de poder comer en su restaurante&nbsp;<strong>Triennia Gastrobar,<\/strong>&nbsp;con unas impresionantes vistas a los vi\u00f1edos.<\/p>\n\n\n\n<p>Visitar Bodegas Portia es meterse de lleno en el mundo del vino en el coraz\u00f3n de la Ribera del Duero, uno de los rincones de Espa\u00f1a famoso por sus vi\u00f1edos, en un entorno moderno tocado por dise\u00f1o genial de Norman Foster.<\/p>\n\n\n\n<p>Fuente: <a href=\"https:\/\/www.libertaddigital.com\/chic\/viajar-comer\/2026-08-23\/arquitectura-y-vino-una-visita-a-portia-la-bodega-tocada-por-la-varita-de-norman-foster-0e-7448823\/\">https:\/\/www.libertaddigital.com\/chic\/viajar-comer\/2026-08-23\/arquitectura-y-vino-una-visita-a-portia-la-bodega-tocada-por-la-varita-de-norman-foster-0e-7448823\/<\/a><\/p>\n","protected":false},"excerpt":{"rendered":"<p>Dise\u00f1ada por&nbsp;Norman Foster, esta bodega se alza no solo como un templo dedicado al vino, sino como una aut\u00e9ntica obra [&hellip;]<\/p>\n","protected":false},"author":1,"featured_media":129210,"comment_status":"open","ping_status":"open","sticky":false,"template":"","format":"standard","meta":{"site-sidebar-layout":"default","site-content-layout":"","ast-site-content-layout":"default","site-content-style":"default","site-sidebar-style":"default","ast-global-header-display":"","ast-banner-title-visibility":"","ast-main-header-display":"","ast-hfb-above-header-display":"","ast-hfb-below-header-display":"","ast-hfb-mobile-header-display":"","site-post-title":"","ast-breadcrumbs-content":"","ast-featured-img":"","footer-sml-layout":"","theme-transparent-header-meta":"","adv-header-id-meta":"","stick-header-meta":"","header-above-stick-meta":"","header-main-stick-meta":"","header-below-stick-meta":"","astra-migrate-meta-layouts":"default","ast-page-background-enabled":"default","ast-page-background-meta":{"desktop":{"background-color":"var(--ast-global-color-4)","background-image":"","background-repeat":"repeat","background-position":"center center","background-size":"auto","background-attachment":"scroll","background-type":"","background-media":"","overlay-type":"","overlay-color":"","overlay-opacity":"","overlay-gradient":""},"tablet":{"background-color":"","background-image":"","background-repeat":"repeat","background-position":"center center","background-size":"auto","background-attachment":"scroll","background-type":"","background-media":"","overlay-type":"","overlay-color":"","overlay-opacity":"","overlay-gradient":""},"mobile":{"background-color":"","background-image":"","background-repeat":"repeat","background-position":"center center","background-size":"auto","background-attachment":"scroll","background-type":"","background-media":"","overlay-type":"","overlay-color":"","overlay-opacity":"","overlay-gradient":""}},"ast-content-background-meta":{"desktop":{"background-color":"var(--ast-global-color-5)","background-image":"","background-repeat":"repeat","background-position":"center center","background-size":"auto","background-attachment":"scroll","background-type":"","background-media":"","overlay-type":"","overlay-color":"","overlay-opacity":"","overlay-gradient":""},"tablet":{"background-color":"var(--ast-global-color-5)","background-image":"","background-repeat":"repeat","background-position":"center center","background-size":"auto","background-attachment":"scroll","background-type":"","background-media":"","overlay-type":"","overlay-color":"","overlay-opacity":"","overlay-gradient":""},"mobile":{"background-color":"var(--ast-global-color-5)","background-image":"","background-repeat":"repeat","background-position":"center center","background-size":"auto","background-attachment":"scroll","background-type":"","background-media":"","overlay-type":"","overlay-color":"","overlay-opacity":"","overlay-gradient":""}},"footnotes":""},"categories":[8],"tags":[52605,52604,9393,8419],"class_list":["post-129209","post","type-post","status-publish","format-standard","has-post-thumbnail","hentry","category-noticias","tag-bodega-campillo","tag-bodegas-prtia","tag-norman-foster","tag-ribera-del-duero"],"_links":{"self":[{"href":"https:\/\/losperiodistas.com.mx\/portal\/wp-json\/wp\/v2\/posts\/129209","targetHints":{"allow":["GET"]}}],"collection":[{"href":"https:\/\/losperiodistas.com.mx\/portal\/wp-json\/wp\/v2\/posts"}],"about":[{"href":"https:\/\/losperiodistas.com.mx\/portal\/wp-json\/wp\/v2\/types\/post"}],"author":[{"embeddable":true,"href":"https:\/\/losperiodistas.com.mx\/portal\/wp-json\/wp\/v2\/users\/1"}],"replies":[{"embeddable":true,"href":"https:\/\/losperiodistas.com.mx\/portal\/wp-json\/wp\/v2\/comments?post=129209"}],"version-history":[{"count":1,"href":"https:\/\/losperiodistas.com.mx\/portal\/wp-json\/wp\/v2\/posts\/129209\/revisions"}],"predecessor-version":[{"id":129212,"href":"https:\/\/losperiodistas.com.mx\/portal\/wp-json\/wp\/v2\/posts\/129209\/revisions\/129212"}],"wp:featuredmedia":[{"embeddable":true,"href":"https:\/\/losperiodistas.com.mx\/portal\/wp-json\/wp\/v2\/media\/129210"}],"wp:attachment":[{"href":"https:\/\/losperiodistas.com.mx\/portal\/wp-json\/wp\/v2\/media?parent=129209"}],"wp:term":[{"taxonomy":"category","embeddable":true,"href":"https:\/\/losperiodistas.com.mx\/portal\/wp-json\/wp\/v2\/categories?post=129209"},{"taxonomy":"post_tag","embeddable":true,"href":"https:\/\/losperiodistas.com.mx\/portal\/wp-json\/wp\/v2\/tags?post=129209"}],"curies":[{"name":"wp","href":"https:\/\/api.w.org\/{rel}","templated":true}]}}