{"id":129199,"date":"2026-08-24T07:01:23","date_gmt":"2026-08-24T13:01:23","guid":{"rendered":"https:\/\/losperiodistas.com.mx\/portal\/?p=129199"},"modified":"2026-08-24T07:01:24","modified_gmt":"2026-08-24T13:01:24","slug":"cuen-no-murio-en-una-gasolinera-fausto-n-revela-que-los-chapitos-habrian-encubierto-su-homicidio-el-financiero","status":"publish","type":"post","link":"https:\/\/losperiodistas.com.mx\/portal\/cuen-no-murio-en-una-gasolinera-fausto-n-revela-que-los-chapitos-habrian-encubierto-su-homicidio-el-financiero\/","title":{"rendered":"Cu\u00e9n no muri\u00f3 en una gasolinera: Fausto \u2018N\u2019 revela que Los Chapitos habr\u00edan encubierto su homicidio | El Financiero"},"content":{"rendered":"\n<h2 class=\"wp-block-heading has-pale-cyan-blue-background-color has-background has-medium-font-size\">El exchofer de H\u00e9ctor Melesio Cu\u00e9n revel\u00f3 que el montaje para encubrir el homicidio del ex rector fue ordenado por Los Chapitos.<\/h2>\n\n\n\n<figure class=\"wp-block-image size-large\"><img fetchpriority=\"high\" decoding=\"async\" width=\"1024\" height=\"576\" src=\"https:\/\/losperiodistas.com.mx\/portal\/wp-content\/uploads\/2026\/08\/GSQRFJZ6PFBNRCNFTJLJXNO4QM-1024x576.jpg\" alt=\"\" class=\"wp-image-129200\" srcset=\"https:\/\/losperiodistas.com.mx\/portal\/wp-content\/uploads\/2026\/08\/GSQRFJZ6PFBNRCNFTJLJXNO4QM-1024x576.jpg 1024w, https:\/\/losperiodistas.com.mx\/portal\/wp-content\/uploads\/2026\/08\/GSQRFJZ6PFBNRCNFTJLJXNO4QM-300x169.jpg 300w, https:\/\/losperiodistas.com.mx\/portal\/wp-content\/uploads\/2026\/08\/GSQRFJZ6PFBNRCNFTJLJXNO4QM-768x432.jpg 768w, https:\/\/losperiodistas.com.mx\/portal\/wp-content\/uploads\/2026\/08\/GSQRFJZ6PFBNRCNFTJLJXNO4QM.jpg 1200w\" sizes=\"(max-width: 1024px) 100vw, 1024px\" \/><figcaption class=\"wp-element-caption\"><strong>H\u00e9ctor Melesio Cu\u00e9n Ojeda, Sinaloa\u00a0<\/strong>La Fiscal\u00eda de Sinaloa dio a conocer detalles de la muerte de H\u00e9ctor Melesio Cu\u00e9n, en los que describia que este hab\u00eda muerto en una gasolinera. Fausto &#8216;N&#8217; desminti\u00f3 la versi\u00f3n (Foto: Captura de video)<\/figcaption><\/figure>\n\n\n\n<p class=\"has-vivid-red-color has-text-color has-link-color has-medium-font-size wp-elements-a0143443afde2c73ad352d72069f448c\"><strong>Por\u00a0David Sa\u00fal Vela \/ El Financiero<\/strong><\/p>\n\n\n\n<p><a href=\"https:\/\/www.elfinanciero.com.mx\/nacional\/2026\/07\/16\/quien-es-el-otro-testigo-del-secuestro-de-el-mayo-esto-sabemos-de-fausto-corrales\/\" target=\"_blank\" rel=\"noreferrer noopener\">Fausto Corrales Rodr\u00edguez<\/a>&nbsp;revel\u00f3 que \u201cel montaje\u201d para encubrir el&nbsp;<a href=\"https:\/\/www.elfinanciero.com.mx\/estados\/2024\/07\/26\/asesinan-a-hector-melesio-cuen-diputado-electo-del-pan-pri-prd-en-sinaloa\/\" target=\"_blank\" rel=\"noreferrer noopener\">homicidio de H\u00e9ctor Melesio Cu\u00e9n<\/a>, ex rector de la Universidad Aut\u00f3noma de Sinaloa (UAS), de quien era chofer, fue ordenado por<a href=\"https:\/\/www.elfinanciero.com.mx\/nacional\/2026\/08\/21\/situacion-se-salio-de-control-asi-habria-muerto-cuen-en-el-secuestro-de-el-mayo-segun-nuevo-testigo\/\" target=\"_blank\" rel=\"noreferrer noopener\">Los Chapitos<\/a>, facci\u00f3n del C\u00e1rtel de Sinaloa.<\/p>\n\n\n\n<p>Ello abre la v\u00eda para&nbsp;<strong>exculpar del caso a funcionarios y pol\u00edticos de Sinaloa<\/strong>&nbsp;por la investigaci\u00f3n inicial, radicada en el expediente CLN\/UEHD\/007070\/2024\/CI de la Fiscal\u00eda de Sinaloa, que encabez\u00f3&nbsp;<a href=\"https:\/\/www.elfinanciero.com.mx\/estados\/2024\/08\/16\/ruben-rocha-aconsejo-a-sara-bruna-quinones-renunciar-yo-le-pedi-como-companera-de-equipo\/\" target=\"_blank\" rel=\"noreferrer noopener\">Sara Bruna Qui\u00f1\u00f3nez<\/a>, y que apunt\u00f3 a que<strong>&nbsp;el crimen ocurri\u00f3 en un asalto en una gasoliner\u00eda<\/strong>.<\/p>\n\n\n\n<h2 class=\"wp-block-heading\">\u00bfC\u00f3mo muri\u00f3 H\u00e9ctor Melesio Cu\u00e9n?<\/h2>\n\n\n\n<p>Datos obtenidos por la Fiscal\u00eda General de la Rep\u00fablica (FGR) \u2013a los que&nbsp;<a href=\"https:\/\/www.elfinanciero.com.mx\/\" target=\"_blank\" rel=\"noreferrer noopener\">El Financiero<\/a>&nbsp;tuvo acceso\u2013, revelan que dos d\u00edas despu\u00e9s del crimen, ocurrido el 25 de julio de 2024,&nbsp;<strong>Corrales Rodr\u00edguez subi\u00f3 un video en el canal de YouTube<\/strong>&nbsp;con duraci\u00f3n de 9 minutos y 37 segundos.<\/p>\n\n\n\n<p>En dicho video, titulado \u201c<strong>No que no plebe<\/strong>\u201d, Fausto Ernesto Corrales Rodr\u00edguez narr\u00f3 que\u00a0<strong>H\u00e9ctor Melesio Cu\u00e9n muri\u00f3 desangrado por un balazo en el pie que le dieron los hombres de Los Chapitos<\/strong>, lo que le provoc\u00f3 un infarto.<a href=\"https:\/\/usw2-x.d.adroll.com\/reporting\/click\/e0e9574939920e55e985df7c9075704a\/eyJyZWRpcmVjdF91cmwiOiJodHRwczovL2FkLmRvdWJsZWNsaWNrLm5ldC9kZG0vdHJhY2tjbGsvTjgwMDU3MC4zODc4NDQ5QURST0xMLUxBVEFNL0IyNDAzMjExMi40MTcyNzE1Mjc7ZGNfdHJrX2FpZD01NTQ2NzI5MDA7ZGNfdHJrX2NpZD0yNTEzMjkxOTU7ZGNfbGF0PTtkY19yZGlkPTt0YWdfZm9yX2NoaWxkX2RpcmVjdGVkX3RyZWF0bWVudD07dGZ1YT07bHRkPTtkY190ZHY9MT9hZGN0PWUwZTk1NzQ5Mzk5MjBlNTVlOTg1ZGY3YzkwNzU3MDRhIn0?network=index&amp;winning_price=aow_sAAAAAAawe65yl8-suAzd0PWzfmRQQI3bw&amp;capture=\" target=\"_blank\" rel=\"noreferrer noopener\"><\/a><a href=\"https:\/\/usw2-x.d.adroll.com\/reporting\/click\/8d9375497d05d18592c8c59218c8bd40\/eyJyZWRpcmVjdF91cmwiOiJodHRwczovL2FkLmRvdWJsZWNsaWNrLm5ldC9kZG0vdHJhY2tjbGsvTjgwMDU3MC4zODc4NDQ5QURST0xMLUxBVEFNL0IyNDAzMjExMi40MTcyNzE1Mjc7ZGNfdHJrX2FpZD01NTQ2NzI5MDA7ZGNfdHJrX2NpZD0yNTEzMjkxOTU7ZGNfbGF0PTtkY19yZGlkPTt0YWdfZm9yX2NoaWxkX2RpcmVjdGVkX3RyZWF0bWVudD07dGZ1YT07bHRkPTtkY190ZHY9MT9hZGN0PThkOTM3NTQ5N2QwNWQxODU5MmM4YzU5MjE4YzhiZDQwIn0?network=index&amp;winning_price=aow_sAAAAAAlMX-YiropnjyWo3ui3m5xgxrrig&amp;capture=\" target=\"_blank\" rel=\"noreferrer noopener\"><\/a><\/p>\n\n\n\n<p>Ello habr\u00eda ocurrido en una reuni\u00f3n en el&nbsp;<a href=\"https:\/\/www.elfinanciero.com.mx\/nacional\/2024\/08\/21\/mayo-zambada-secuestro-fgr-asegura-inmueble-culiacan-imagenes-rancho\/\" target=\"_blank\" rel=\"noreferrer noopener\">rancho Huertos del Pedregal, en Culiac\u00e1n<\/a>, Sinaloa, al que llev\u00f3 a H\u00e9ctor Melesio Cu\u00e9n y en la que estuvo presente Ismael Zambada Garc\u00eda, a quien Corrales Rodr\u00edguez se dirige en su video:<\/p>\n\n\n\n<p>\u201cLe deseo de todo coraz\u00f3n que le vaya bien, si Dios quiere ojal\u00e1 nos podamos volver a ver oiga, me duele mucho,&nbsp;<strong>qued\u00e9 vivo, pero haga de cuenta que estoy muerto<\/strong>\u201d, dice.<\/p>\n\n\n\n<p><\/p>\n\n\n\n<p>Relat\u00f3 que vio llegar a El Mayo Zambada cuando se meti\u00f3 a un cuarto y despu\u00e9s de 10 a 15 minutos se escuch\u00f3 una balacera. \u201cMe apret\u00e9 de miedo\u2026 di tres pasos, no me dieron m\u00e1s las piernas, me pegu\u00e9 a una pared, levant\u00e9 las manos y lleg\u00f3 alguien por atr\u00e1s que me espos\u00f3\u201d.<\/p>\n\n\n\n<p>Dijo que lo llevaron a una camioneta y luego de tres horas lo cambiaron a otra camioneta donde se encontr\u00f3 con H\u00e9ctor Melesio Cu\u00e9n.<\/p>\n\n\n\n<p>\u201cLe dije \u00bfmaestro c\u00f3mo est\u00e1?, \u2018no bien\u2019, me dijo. \u2018<strong>Estoy herido\u2026 Estoy sangrando de una pierna<\/strong>\u2019. Nos gritaron que nos call\u00e1ramos, que no platic\u00e1ramos, yo le dec\u00eda que soltaran al maestro\u201d, agreg\u00f3.<\/p>\n\n\n\n<p>Explic\u00f3 que en alg\u00fan momento, cuando trataba de tranquilizar a H\u00e9ctor Melesio Cu\u00e9n \u00e9ste se infart\u00f3 y se muri\u00f3. \u201cYo qued\u00e9 en shock\u201d.<\/p>\n\n\n\n<p>Agreg\u00f3 que luego de un rato, gente de Los Chapitos lo aleccion\u00f3 de qu\u00e9 hacer y qu\u00e9 declarar.<\/p>\n\n\n\n<p>Un hermano de H\u00e9ctor Melesio Cu\u00e9n dijo a la FGR la semana pasada que<strong>&nbsp;Corrales negociaba con el gobierno de EU dar informaci\u00f3n<\/strong>.<\/p>\n\n\n\n<p>Fuente: <a href=\"https:\/\/www.elfinanciero.com.mx\/nacional\/2026\/08\/24\/cuen-no-murio-en-una-gasolinera-fausto-n-revela-que-los-chapitos-habrian-encubierto-su-homicidio\/\">https:\/\/www.elfinanciero.com.mx\/nacional\/2026\/08\/24\/cuen-no-murio-en-una-gasolinera-fausto-n-revela-que-los-chapitos-habrian-encubierto-su-homicidio\/<\/a><\/p>\n","protected":false},"excerpt":{"rendered":"<p>El exchofer de H\u00e9ctor Melesio Cu\u00e9n revel\u00f3 que el montaje para encubrir el homicidio del ex rector fue ordenado por [&hellip;]<\/p>\n","protected":false},"author":1,"featured_media":129200,"comment_status":"open","ping_status":"open","sticky":false,"template":"","format":"standard","meta":{"site-sidebar-layout":"default","site-content-layout":"","ast-site-content-layout":"default","site-content-style":"default","site-sidebar-style":"default","ast-global-header-display":"","ast-banner-title-visibility":"","ast-main-header-display":"","ast-hfb-above-header-display":"","ast-hfb-below-header-display":"","ast-hfb-mobile-header-display":"","site-post-title":"","ast-breadcrumbs-content":"","ast-featured-img":"","footer-sml-layout":"","theme-transparent-header-meta":"","adv-header-id-meta":"","stick-header-meta":"","header-above-stick-meta":"","header-main-stick-meta":"","header-below-stick-meta":"","astra-migrate-meta-layouts":"default","ast-page-background-enabled":"default","ast-page-background-meta":{"desktop":{"background-color":"var(--ast-global-color-4)","background-image":"","background-repeat":"repeat","background-position":"center center","background-size":"auto","background-attachment":"scroll","background-type":"","background-media":"","overlay-type":"","overlay-color":"","overlay-opacity":"","overlay-gradient":""},"tablet":{"background-color":"","background-image":"","background-repeat":"repeat","background-position":"center center","background-size":"auto","background-attachment":"scroll","background-type":"","background-media":"","overlay-type":"","overlay-color":"","overlay-opacity":"","overlay-gradient":""},"mobile":{"background-color":"","background-image":"","background-repeat":"repeat","background-position":"center center","background-size":"auto","background-attachment":"scroll","background-type":"","background-media":"","overlay-type":"","overlay-color":"","overlay-opacity":"","overlay-gradient":""}},"ast-content-background-meta":{"desktop":{"background-color":"var(--ast-global-color-5)","background-image":"","background-repeat":"repeat","background-position":"center center","background-size":"auto","background-attachment":"scroll","background-type":"","background-media":"","overlay-type":"","overlay-color":"","overlay-opacity":"","overlay-gradient":""},"tablet":{"background-color":"var(--ast-global-color-5)","background-image":"","background-repeat":"repeat","background-position":"center center","background-size":"auto","background-attachment":"scroll","background-type":"","background-media":"","overlay-type":"","overlay-color":"","overlay-opacity":"","overlay-gradient":""},"mobile":{"background-color":"var(--ast-global-color-5)","background-image":"","background-repeat":"repeat","background-position":"center center","background-size":"auto","background-attachment":"scroll","background-type":"","background-media":"","overlay-type":"","overlay-color":"","overlay-opacity":"","overlay-gradient":""}},"footnotes":""},"categories":[8],"tags":[52600,6222,30316,9932],"class_list":["post-129199","post","type-post","status-publish","format-standard","has-post-thumbnail","hentry","category-noticias","tag-hector-melesio-cuen-ojeda","tag-los-chapitos","tag-rocha-moya","tag-sinaloa"],"_links":{"self":[{"href":"https:\/\/losperiodistas.com.mx\/portal\/wp-json\/wp\/v2\/posts\/129199","targetHints":{"allow":["GET"]}}],"collection":[{"href":"https:\/\/losperiodistas.com.mx\/portal\/wp-json\/wp\/v2\/posts"}],"about":[{"href":"https:\/\/losperiodistas.com.mx\/portal\/wp-json\/wp\/v2\/types\/post"}],"author":[{"embeddable":true,"href":"https:\/\/losperiodistas.com.mx\/portal\/wp-json\/wp\/v2\/users\/1"}],"replies":[{"embeddable":true,"href":"https:\/\/losperiodistas.com.mx\/portal\/wp-json\/wp\/v2\/comments?post=129199"}],"version-history":[{"count":1,"href":"https:\/\/losperiodistas.com.mx\/portal\/wp-json\/wp\/v2\/posts\/129199\/revisions"}],"predecessor-version":[{"id":129201,"href":"https:\/\/losperiodistas.com.mx\/portal\/wp-json\/wp\/v2\/posts\/129199\/revisions\/129201"}],"wp:featuredmedia":[{"embeddable":true,"href":"https:\/\/losperiodistas.com.mx\/portal\/wp-json\/wp\/v2\/media\/129200"}],"wp:attachment":[{"href":"https:\/\/losperiodistas.com.mx\/portal\/wp-json\/wp\/v2\/media?parent=129199"}],"wp:term":[{"taxonomy":"category","embeddable":true,"href":"https:\/\/losperiodistas.com.mx\/portal\/wp-json\/wp\/v2\/categories?post=129199"},{"taxonomy":"post_tag","embeddable":true,"href":"https:\/\/losperiodistas.com.mx\/portal\/wp-json\/wp\/v2\/tags?post=129199"}],"curies":[{"name":"wp","href":"https:\/\/api.w.org\/{rel}","templated":true}]}}