{"id":129196,"date":"2026-08-24T05:28:16","date_gmt":"2026-08-24T11:28:16","guid":{"rendered":"https:\/\/losperiodistas.com.mx\/portal\/?p=129196"},"modified":"2026-08-24T05:28:18","modified_gmt":"2026-08-24T11:28:18","slug":"que-fue-del-criminal-mas-poderoso-del-planeta-encerrado-hoy-en-una-jaula-de-hormigon-el-confidencial","status":"publish","type":"post","link":"https:\/\/losperiodistas.com.mx\/portal\/que-fue-del-criminal-mas-poderoso-del-planeta-encerrado-hoy-en-una-jaula-de-hormigon-el-confidencial\/","title":{"rendered":"\u00bfQu\u00e9 fue del criminal m\u00e1s poderoso del planeta encerrado hoy en una jaula de hormig\u00f3n? | El Confidencial"},"content":{"rendered":"\n<h2 class=\"wp-block-heading has-pale-cyan-blue-background-color has-background has-medium-font-size\">Unos videos filtrados del momento de la detenci\u00f3n del Chapo Guzm\u00e1n muestran a un narco sumiso que hoy parece ayudar a desmantelar el tr\u00e1fico de drogas que \u00e9l domin\u00f3<\/h2>\n\n\n\n<figure class=\"wp-block-image\"><img decoding=\"async\" src=\"https:\/\/images.ecestaticos.com\/x3t8z8kb_sS_vaIp5xyhACHtlu0=\/0x0:2019x1514\/1200x900\/filters:fill(white):format(jpg)\/f.elconfidencial.com%2Foriginal%2F303%2F1fa%2F996%2F3031fa9961764af8ba981bec9005f187.jpg\" alt=\"Foto: El 'Chapo' Guzm\u00e1n, detenido. (Reuters\/Edgard Garrido)\"\/><figcaption class=\"wp-element-caption\">El &#8216;Chapo&#8217; Guzm\u00e1n, detenido. (Reuters\/Edgard Garrido)<\/figcaption><\/figure>\n\n\n\n<p class=\"has-medium-font-size\"><strong>Por <a href=\"https:\/\/www.elconfidencial.com\/autores\/javier-brandoli-728\/\">Javier Brandoli<\/a> \/ El Confidencial<\/strong><\/p>\n\n\n\n<p><a href=\"https:\/\/www.elconfidencial.com\/autores\/javier-brandoli-728\/\">Nueva York<\/a><\/p>\n\n\n\n<p><\/p>\n\n\n\n<p>No hace tanto tiempo, este campesino de las monta\u00f1as de Sinaloa era el hombre m\u00e1s buscado del mundo,&nbsp;<strong>el mayor criminal del planeta<\/strong>, convertido en una especie de mito y fantasma que ahora languidece en una celda de una c\u00e1rcel de m\u00e1xima seguridad en Colorado,&nbsp;<strong>Estados Unidos<\/strong>. \u00bfQui\u00e9n se acuerda del&nbsp;<a href=\"https:\/\/www.elconfidencial.com\/espana\/2026-08-10\/policia-constata-amenaza-carteles-mexicanos-espana-detenidos-en-un-ano_4402869\/\">Chapo Guzm\u00e1n<\/a>?<\/p>\n\n\n\n<p>Esta semana,&nbsp;<strong>el se\u00f1or de las drogas, los t\u00faneles y fugas imposibles<\/strong>, con un reguero de cad\u00e1veres en su haber, ha vuelto a&nbsp;<strong>la primera plana<\/strong>&nbsp;cuando el periodista mexicano H\u00e9ctor de Maule\u00f3n difund\u00eda algunos videos de su \u00faltima captura, el 8 de enero de 2016 en Los Mochis,&nbsp;<strong>Sinaloa<\/strong>, en el peri\u00f3dico&nbsp;<em><strong>El Universal<\/strong><\/em>. En las im\u00e1genes, el poderoso narco aparece primero en un coche en el que responde, con la cabeza baja, que no le han pegado ni tratado mal.<\/p>\n\n\n\n<p>Luego, esposado en una silla y rodeado de marines, habla sobre&nbsp;<strong>uno de sus c\u00e1rteles enemigos<\/strong>, los Z, a los que define como \u00abladrones\u00bb, que se dedican a la \u00abextorsi\u00f3n,&nbsp;<strong>el secuestro y despojo<\/strong>\u00ab. \u00c9l, mientras, presume de que empez\u00f3 plantando marihuana y traficaba con drogas, pero \u201ca robar, no. Nadie puede decir que yo le haya robado\u201d.<\/p>\n\n\n\n<p>Finalmente, rodeado de&nbsp;<strong>cuerpos de seguridad<\/strong>&nbsp;que le reten\u00edan en&nbsp;<strong>el hotel<\/strong>&nbsp;mientras en la ciudad empezaba el runr\u00fan de los posibles bloqueos de sus sicarios para rescatar a su jefe, el narco aseguraba: \u00abA m\u00ed no me conviene que nuestra gente pelee con&nbsp;<strong>el gobierno<\/strong>. Ellos, yo les tengo bien dicho, si un d\u00eda yo fracaso, ustedes no quiero que vayan a pelear con&nbsp;<a href=\"https:\/\/www.elconfidencial.com\/espana\/madrid\/2026-03-10\/hombre-atrincherado-vivienda-madrid-arma-blanca_4318026\/\">ning\u00fan polic\u00eda<\/a>. Para nada. No,&nbsp;<strong>no va a haber guerra<\/strong>. De eso estoy seguro\u00bb.<\/p>\n\n\n\n<p>TE PUEDE INTERESAR<\/p>\n\n\n\n<figure class=\"wp-block-image\"><img decoding=\"async\" src=\"https:\/\/images.ecestaticos.com\/gPn54-yfEWeEH4b6iCP--_ksoHg=\/0x0:2272x1632\/600x315\/filters:fill(white):format(jpg)\/f.elconfidencial.com%2Foriginal%2Febb%2F352%2Fd75%2Febb352d75b3af424d12622918ef70fcb.jpg\" alt=\"Foto: El Chapo Guzm\u00e1n en una fotograf\u00eda de archivo. (Reuters\/ Henry Romero)\"\/><\/figure>\n\n\n\n<p><a href=\"https:\/\/www.elconfidencial.com\/mundo\/2022-01-25\/el-tribunal-de-apelaciones-de-eeuu-confirma-la-cadena-perpetua-para-el-chapo-guzman_3364309\/\">&#8216;El Chapo Guzm\u00e1n&#8217;, condenado a cadena perpetua por un tribunal de apelaciones en EEUU<\/a><\/p>\n\n\n\n<p>POR&nbsp;EFE<\/p>\n\n\n\n<p>Las im\u00e1genes ense\u00f1an de alguna manera que hasta los \u201cse\u00f1ores de la guerra\u201d se encogen cuando les despojan de su poder. El hombre m\u00e1s temible, el criminal m\u00e1s poderoso, se muestra sumiso y desconcertado, consciente de que aquel d\u00eda se acababa de alguna manera la vida del&nbsp;<strong>Chapo<\/strong>&nbsp;y comenzaba la del preso&nbsp;<strong>Joaqu\u00edn Guzm\u00e1n Lopera<\/strong>.<\/p>\n\n\n\n<p>Un a\u00f1o despu\u00e9s, El Chapo era extraditado a Estados Unidos, donde cumple hoy&nbsp;<strong>cadena perpetua<\/strong>&nbsp;en la c\u00e1rcel de&nbsp;<strong>ADX Florence<\/strong>, en Colorado, en una vida sin vida de la que parece estar volvi\u00e9ndose loco. Acusa a las&nbsp;<strong>autoridades<\/strong>&nbsp;de \u201ctortura\u201d y ha solicitado en diversas ocasiones que le suavicen sus&nbsp;<strong>condiciones de encierro<\/strong>.<\/p>\n\n\n\n<p>TE PUEDE INTERESAR<\/p>\n\n\n\n<figure class=\"wp-block-image\"><img decoding=\"async\" src=\"https:\/\/images.ecestaticos.com\/RneYQ3e1LhvJnFFZly2N0UkZTjY=\/3x253:2266x1446\/600x315\/filters:fill(white):format(jpg)\/f.elconfidencial.com%2Foriginal%2F54d%2F8b9%2F898%2F54d8b98981e4ea5f8f2b3b181fb91b82.jpg\" alt=\"Foto: El ex investigador de la DEA Donald Semesky testifica en el juicio del 'Chapo', seg\u00fan un dibujo de la artista Jane Rosenberg. (EFE)\"\/><\/figure>\n\n\n\n<p><a href=\"https:\/\/www.elconfidencial.com\/mundo\/2018-12-01\/un-dia-dentro-juicio-chapo-guzman-nueva-york_1675674\/\">La temible eficacia del narco: un d\u00eda en el juicio del &#8216;Chapo Guzm\u00e1n&#8217;<\/a><\/p>\n\n\n\n<p>POR&nbsp;Argemino Barro. Nueva York<\/p>\n\n\n\n<p>El narco pasa&nbsp;<strong>entre 22 y 23 horas al d\u00eda encerrado<\/strong>&nbsp;en una celda de 2 por 3,5 metros en la que tiene una cama de cemento, un retrete y un lavabo. No habla con nadie, le introducen los alimentos por una ranura y solo puede salir a un patio interior cerrado con&nbsp;<strong>un tragaluz<\/strong>&nbsp;a caminar en c\u00edrculo algunos d\u00edas por semana. Tiene restringidas y controladas las llamadas telef\u00f3nicas y la correspondencia. Cuenta con un peque\u00f1o televisor con canales aprobados por la prisi\u00f3n, la mayor\u00eda en ingl\u00e9s, idioma que no habla el recluso, de lo que tambi\u00e9n parece haberse quejado.<\/p>\n\n\n\n<p>Sin embargo, recientemente se supo por un informe reciente del&nbsp;<strong>Bur\u00f3 de Prisiones de Estados Unidos<\/strong>&nbsp;que, pese a toda esa vigilancia, el narco habr\u00eda conseguido enviar algunos mensajes a sus hijos a trav\u00e9s de sus abogados.<\/p>\n\n\n\n<p>En realidad, hay muchas dudas sobre los acuerdos a los que podr\u00eda haber llegado con&nbsp;<strong>la Justicia americana<\/strong>&nbsp;el exl\u00edder del c\u00e1rtel de Sinaloa, cuyo socio en la c\u00fapula del grupo,&nbsp;<strong>el Mayo Zambada<\/strong>, acaba de ser tambi\u00e9n condenado a&nbsp;<strong>cadena perpetua<\/strong>&nbsp;y&nbsp;<strong>cumple su condena en Nueva York<\/strong>.<\/p>\n\n\n\n<p>TE PUEDE INTERESAR<\/p>\n\n\n\n<figure class=\"wp-block-image\"><img decoding=\"async\" src=\"https:\/\/images.ecestaticos.com\/uhkxYxQio1ikW0Dqmb88f-dT0to=\/17x265:2271x1458\/600x315\/filters:fill(white):format(jpg)\/f.elconfidencial.com%2Foriginal%2F7ae%2Fae4%2F328%2F7aeae4328bd5256ddaa28ae4af6d7552.jpg\" alt=\"Foto: El narcotraficante mexicano Joaqu\u00edn 'El Chapo' Guzm\u00e1n durante su comparecencia ante un juez de la corte del distrito sur en Brooklyn. (EFE)\"\/><\/figure>\n\n\n\n<p><a href=\"https:\/\/www.elconfidencial.com\/mundo\/2018-11-14\/chapo-pena-nieto-mexico-narcotrafico_1646046\/\">&#8216;El Chapo&#8217; acusa a Pe\u00f1a Nieto y Calder\u00f3n de recibir dinero del c\u00e1rtel de Sinaloa<\/a><\/p>\n\n\n\n<p>POR&nbsp;EC<\/p>\n\n\n\n<p>Junto al padre, est\u00e1n tambi\u00e9n presos en&nbsp;<strong>Estados Unidos<\/strong>&nbsp;su hijo Ovidio Guzm\u00e1n, detenido en M\u00e9xico en enero de 2023 y extraditado en septiembre, y&nbsp;<strong>su hijo Joaqu\u00edn Guzm\u00e1n<\/strong>, que se entreg\u00f3 voluntariamente a las autoridades en 2024 en el mismo extra\u00f1o movimiento en el que cay\u00f3&nbsp;<strong>El Mayo<\/strong>. Tambi\u00e9n su exesposa,&nbsp;<strong>Griselda L\u00f3pez<\/strong>, madre de los dos anteriores, cruz\u00f3 la frontera para entregarse al FBI en 2225. Junto a ellos, parece, se entregaron otras 14 personas de esa rama familiar. \u00bfHay alg\u00fan acuerdo entre&nbsp;<strong>los Guzm\u00e1n<\/strong>&nbsp;y las autoridades gringas?<\/p>\n\n\n\n<p>Por ahora, quedan libres a\u00fan y en busca y captura&nbsp;<strong>otros dos hijos del Chapo<\/strong>&nbsp;a los que se involucra con el&nbsp;<strong>trasiego de estupefacientes<\/strong>. Iv\u00e1n y Jes\u00fas Guzm\u00e1n Salazar, l\u00edderes hoy de alguna facci\u00f3n del otrora poderoso&nbsp;<strong>Cartel de Sinaloa<\/strong>, organizaci\u00f3n hoy partida en pedazos y sin el inmenso poder que tuvo durante los a\u00f1os en que su padre dominaba la plaza.<\/p>\n\n\n\n<p>\u00bfQu\u00e9 y a cambio de qu\u00e9 podr\u00eda haber negociado&nbsp;<a href=\"https:\/\/www.elconfidencial.com\/mercados\/the-wall-street-journal\/2025-12-28\/cocaina-vuelve-a-encandilar-a-estados-unidos_4211445\/\">el Chapo y sus hijos<\/a>&nbsp;con el Gobierno de EEUU? Todos se han declarado culpables. Los hijos lo han hecho con el fin de evitar&nbsp;<strong>condenas como la de su padre<\/strong>&nbsp;y quiz\u00e1&nbsp;<strong>ajustes de cuentas<\/strong>&nbsp;dentro de M\u00e9xico ante su posici\u00f3n ahora d\u00e9bil. Poco se sabe que no sean especulaciones, pero es evidente que se ha pasado informaci\u00f3n de otros grupos narcos y de autoridades mexicanas que est\u00e1n en el punto de mira de la DEA (oficina antidroga) y&nbsp;<strong>el FBI<\/strong>.<\/p>\n\n\n\n<p>TE PUEDE INTERESAR<\/p>\n\n\n\n<figure class=\"wp-block-image\"><img decoding=\"async\" src=\"https:\/\/images.ecestaticos.com\/fVFuLzNjdrFGdwib0S6A_qAq9VE=\/0x106:2267x1382\/1600x900\/filters:fill(white):format(jpg)\/f.elconfidencial.com%2Foriginal%2Fee2%2F3c2%2F752%2Fee23c275279e4d55e601074c01ea5427.jpg\" alt=\"Foto: Soldados mexicano en un 'checkpoint' en la ciudad natal del Chapo Guzm\u00e1n, en el estado de Sinaloa (Reuters). \"\/><\/figure>\n\n\n\n<p><a href=\"https:\/\/www.elconfidencial.com\/mundo\/2016-05-09\/chapo-mexico-sinaloa-narcotrafico_1195546\/\">Los herederos del &#8216;Chapo&#8217; Guzm\u00e1n<\/a><\/p>\n\n\n\n<p>POR&nbsp;Andr\u00e9s Chac\u00f3n. M\u00e9xico D.F.<\/p>\n\n\n\n<p>Esa posible denuncia ha generado en repetidas ocasiones se\u00f1alamientos directos del presidente&nbsp;<a href=\"https:\/\/www.elconfidencial.com\/mundo\/2026-01-07\/trump-venezuela-detencion-maduro-directo_4279222\/\">Donald Trump<\/a>&nbsp;sobre la convivencia de narcos y pol\u00edticos mexicanos: \u201c<strong>M\u00e9xico est\u00e1 gobernado por los narcos<\/strong>\u201d. La frase ha generado disputas diplom\u00e1ticas, siempre con el bajo perfil con que se contesta al neoyorquino desde M\u00e9xico, tanto por&nbsp;<strong>la actual presidenta<\/strong>, Claudia Sheinbaum, como por el anterior mandatario, Andr\u00e9s Manuel L\u00f3pez Obrador (AMLO).<\/p>\n\n\n\n<p>Entre los nombres que aparecen de esas filtraciones est\u00e1 el de&nbsp;<strong>Rub\u00e9n Rocha Moya<\/strong>, gobernador de Sinaloa por el gubernamental&nbsp;<strong>Morena<\/strong>&nbsp;y persona muy cercana a&nbsp;<strong>AMLO<\/strong>, al que la fiscal\u00eda del Distrito Sur de Nueva York acusa de colusi\u00f3n con el&nbsp;<strong>Cartel de Sinaloa<\/strong>&nbsp;y de haber ganado las elecciones con la ayuda de esta&nbsp;<strong>organizaci\u00f3n ahora considerada terrorista<\/strong>&nbsp;bajo la&nbsp;<strong>nueva ley de EEUU<\/strong>. Hay, parece, m\u00e1s nombres de pol\u00edticos mexicanos de Morena en la lista, lo que ha generado bastante nerviosismo en los despachos de Palacio Nacional en Ciudad de M\u00e9xico.<\/p>\n\n\n\n<p>\u201cEn p\u00fablico, Sheinbaum ha calificado el caso estadounidense contra Rocha de injerencia extranjera y ha insistido en que&nbsp;<strong>Washington<\/strong>&nbsp;todav\u00eda tiene que aportar las pruebas que&nbsp;<strong>las autoridades mexicanas<\/strong>&nbsp;necesitar\u00edan para proceder en su contra. En privado, le ha advertido a&nbsp;<strong>gobernadores y legisladores de Morena<\/strong>&nbsp;que quienes est\u00e9n vinculados a la corrupci\u00f3n deben dimitir, lo que indica que comprende el peligro que el caso representa para su partido. (Rocha ha dejado temporalmente su cargo)\u201d, publica el analista&nbsp;<strong>Carlos Bravo Regidor<\/strong>&nbsp;en el&nbsp;<strong>New York Times<\/strong>.<\/p>\n\n\n\n<p>TE PUEDE INTERESAR<\/p>\n\n\n\n<figure class=\"wp-block-image\"><img decoding=\"async\" src=\"https:\/\/images.ecestaticos.com\/TJZzE12wyxNxzWLxmzVhVTfE-F0=\/0x129:2271x1408\/1600x900\/filters:fill(white):format(jpg)\/f.elconfidencial.com%2Foriginal%2F52a%2F191%2Fe88%2F52a191e884242de47eda69c1da358b12.jpg\" alt=\"Foto: Joaqu\u00cdn 'el Chapo' Guzm\u00e1n, en su traslado a la c\u00e1rcel. (EFE)\"\/><\/figure>\n\n\n\n<p><a href=\"https:\/\/www.elconfidencial.com\/mundo\/2016-01-09\/el-incierto-futuro-del-chapo-sera-extraditado-a-estados-unidos_1132901\/\">El incierto futuro del &#8216;Chapo&#8217;: \u00bfser\u00e1 extraditado a Estados Unidos?<\/a><\/p>\n\n\n\n<p>POR&nbsp;T\u00e9moris Grecko. M\u00e9xico D.F.<\/p>\n\n\n\n<p>No es un caso menor;&nbsp;<strong>las relaciones diplom\u00e1ticas entre ambos pa\u00edses<\/strong>, en el eterno vaiv\u00e9n al que las someten los exabruptos de&nbsp;<a href=\"https:\/\/www.elconfidencial.com\/mundo\/2026-08-08\/estados-unidos-colombia-seguridad-narcotrafico-1tps_4402948\/\">Trump<\/a>, se han tensado significativamente ante estos \u00faltimos movimientos. La relaci\u00f3n de&nbsp;<strong>la pol\u00edtica mexicana<\/strong>&nbsp;con&nbsp;<strong>los grupos narcos<\/strong>&nbsp;no es desde luego algo nuevo de&nbsp;<strong>este Ejecutivo<\/strong>&nbsp;ni del anterior, pero su se\u00f1alamiento vuela por los aires ese discurso de regeneraci\u00f3n democr\u00e1tica de la llamada Cuarta Transformaci\u00f3n con el que AMLO lleg\u00f3 al poder.<\/p>\n\n\n\n<p>Los hijos del Chapo Guzm\u00e1n retenidos en&nbsp;<strong>Estados Unidos<\/strong>&nbsp;parecen estar detr\u00e1s de&nbsp;<strong>la denuncia al gobernador<\/strong>&nbsp;y&nbsp;<strong>destacado l\u00edder de Morena<\/strong>. Ese parece que ser\u00e1 el \u00faltimo cap\u00edtulo que jugar\u00e1n el Chapo Guzm\u00e1n y&nbsp;<a href=\"https:\/\/www.elconfidencial.com\/mercados\/the-wall-street-journal\/2025-12-28\/cocaina-vuelve-a-encandilar-a-estados-unidos_4211445\/\">su prole en el mundo del narcotr\u00e1fico<\/a>: el de ayudar a desmantelar un negocio que ellos dominaron. Y su agenda est\u00e1 llena de nombres.<\/p>\n\n\n\n<p>Fuente: <a href=\"https:\/\/www.elconfidencial.com\/mundo\/2026-08-23\/que-fue-criminal-poderoso-planeta-encerrado-jaula-de-hormigon_4409406\/\">https:\/\/www.elconfidencial.com\/mundo\/2026-08-23\/que-fue-criminal-poderoso-planeta-encerrado-jaula-de-hormigon_4409406\/<\/a><\/p>\n","protected":false},"excerpt":{"rendered":"<p>Unos videos filtrados del momento de la detenci\u00f3n del Chapo Guzm\u00e1n muestran a un narco sumiso que hoy parece ayudar [&hellip;]<\/p>\n","protected":false},"author":1,"featured_media":129197,"comment_status":"open","ping_status":"open","sticky":false,"template":"","format":"standard","meta":{"site-sidebar-layout":"default","site-content-layout":"","ast-site-content-layout":"default","site-content-style":"default","site-sidebar-style":"default","ast-global-header-display":"","ast-banner-title-visibility":"","ast-main-header-display":"","ast-hfb-above-header-display":"","ast-hfb-below-header-display":"","ast-hfb-mobile-header-display":"","site-post-title":"","ast-breadcrumbs-content":"","ast-featured-img":"","footer-sml-layout":"","theme-transparent-header-meta":"","adv-header-id-meta":"","stick-header-meta":"","header-above-stick-meta":"","header-main-stick-meta":"","header-below-stick-meta":"","astra-migrate-meta-layouts":"default","ast-page-background-enabled":"default","ast-page-background-meta":{"desktop":{"background-color":"var(--ast-global-color-4)","background-image":"","background-repeat":"repeat","background-position":"center center","background-size":"auto","background-attachment":"scroll","background-type":"","background-media":"","overlay-type":"","overlay-color":"","overlay-opacity":"","overlay-gradient":""},"tablet":{"background-color":"","background-image":"","background-repeat":"repeat","background-position":"center center","background-size":"auto","background-attachment":"scroll","background-type":"","background-media":"","overlay-type":"","overlay-color":"","overlay-opacity":"","overlay-gradient":""},"mobile":{"background-color":"","background-image":"","background-repeat":"repeat","background-position":"center center","background-size":"auto","background-attachment":"scroll","background-type":"","background-media":"","overlay-type":"","overlay-color":"","overlay-opacity":"","overlay-gradient":""}},"ast-content-background-meta":{"desktop":{"background-color":"var(--ast-global-color-5)","background-image":"","background-repeat":"repeat","background-position":"center center","background-size":"auto","background-attachment":"scroll","background-type":"","background-media":"","overlay-type":"","overlay-color":"","overlay-opacity":"","overlay-gradient":""},"tablet":{"background-color":"var(--ast-global-color-5)","background-image":"","background-repeat":"repeat","background-position":"center center","background-size":"auto","background-attachment":"scroll","background-type":"","background-media":"","overlay-type":"","overlay-color":"","overlay-opacity":"","overlay-gradient":""},"mobile":{"background-color":"var(--ast-global-color-5)","background-image":"","background-repeat":"repeat","background-position":"center center","background-size":"auto","background-attachment":"scroll","background-type":"","background-media":"","overlay-type":"","overlay-color":"","overlay-opacity":"","overlay-gradient":""}},"footnotes":""},"categories":[8],"tags":[105,52599],"class_list":["post-129196","post","type-post","status-publish","format-standard","has-post-thumbnail","hentry","category-noticias","tag-el-chapo-guzman","tag-videos-detencion-chapo-guzman"],"_links":{"self":[{"href":"https:\/\/losperiodistas.com.mx\/portal\/wp-json\/wp\/v2\/posts\/129196","targetHints":{"allow":["GET"]}}],"collection":[{"href":"https:\/\/losperiodistas.com.mx\/portal\/wp-json\/wp\/v2\/posts"}],"about":[{"href":"https:\/\/losperiodistas.com.mx\/portal\/wp-json\/wp\/v2\/types\/post"}],"author":[{"embeddable":true,"href":"https:\/\/losperiodistas.com.mx\/portal\/wp-json\/wp\/v2\/users\/1"}],"replies":[{"embeddable":true,"href":"https:\/\/losperiodistas.com.mx\/portal\/wp-json\/wp\/v2\/comments?post=129196"}],"version-history":[{"count":1,"href":"https:\/\/losperiodistas.com.mx\/portal\/wp-json\/wp\/v2\/posts\/129196\/revisions"}],"predecessor-version":[{"id":129198,"href":"https:\/\/losperiodistas.com.mx\/portal\/wp-json\/wp\/v2\/posts\/129196\/revisions\/129198"}],"wp:featuredmedia":[{"embeddable":true,"href":"https:\/\/losperiodistas.com.mx\/portal\/wp-json\/wp\/v2\/media\/129197"}],"wp:attachment":[{"href":"https:\/\/losperiodistas.com.mx\/portal\/wp-json\/wp\/v2\/media?parent=129196"}],"wp:term":[{"taxonomy":"category","embeddable":true,"href":"https:\/\/losperiodistas.com.mx\/portal\/wp-json\/wp\/v2\/categories?post=129196"},{"taxonomy":"post_tag","embeddable":true,"href":"https:\/\/losperiodistas.com.mx\/portal\/wp-json\/wp\/v2\/tags?post=129196"}],"curies":[{"name":"wp","href":"https:\/\/api.w.org\/{rel}","templated":true}]}}