{"id":129193,"date":"2026-08-24T05:21:44","date_gmt":"2026-08-24T11:21:44","guid":{"rendered":"https:\/\/losperiodistas.com.mx\/portal\/?p=129193"},"modified":"2026-08-24T05:21:46","modified_gmt":"2026-08-24T11:21:46","slug":"reviven-tuits-discriminatorios-de-liz-vilchis-se-disculpa-y-la-vuelven-a-tundir-en-redes-proceso","status":"publish","type":"post","link":"https:\/\/losperiodistas.com.mx\/portal\/reviven-tuits-discriminatorios-de-liz-vilchis-se-disculpa-y-la-vuelven-a-tundir-en-redes-proceso\/","title":{"rendered":"Reviven tuits discriminatorios de Liz Vilchis; se disculpa&#8230; y la vuelven a tundir en redes | Proceso"},"content":{"rendered":"\n<p class=\"has-light-green-cyan-background-color has-background has-medium-font-size\">Desata pol\u00e9mica la exfuncionaria p\u00fablica que present\u00f3 la secci\u00f3n \u201cQui\u00e9n es qui\u00e9n en las mentiras de la semana\u201d de las conferencias de AMLO<\/p>\n\n\n\n<figure class=\"wp-block-image size-large\"><img fetchpriority=\"high\" decoding=\"async\" width=\"1024\" height=\"683\" src=\"https:\/\/losperiodistas.com.mx\/portal\/wp-content\/uploads\/2026\/08\/1787544220693-rjc54e-1024x683.jpeg\" alt=\"\" class=\"wp-image-129194\" srcset=\"https:\/\/losperiodistas.com.mx\/portal\/wp-content\/uploads\/2026\/08\/1787544220693-rjc54e-1024x683.jpeg 1024w, https:\/\/losperiodistas.com.mx\/portal\/wp-content\/uploads\/2026\/08\/1787544220693-rjc54e-300x200.jpeg 300w, https:\/\/losperiodistas.com.mx\/portal\/wp-content\/uploads\/2026\/08\/1787544220693-rjc54e-768x512.jpeg 768w, https:\/\/losperiodistas.com.mx\/portal\/wp-content\/uploads\/2026\/08\/1787544220693-rjc54e-1536x1024.jpeg 1536w, https:\/\/losperiodistas.com.mx\/portal\/wp-content\/uploads\/2026\/08\/1787544220693-rjc54e.jpeg 1920w\" sizes=\"(max-width: 1024px) 100vw, 1024px\" \/><figcaption class=\"wp-element-caption\">Liz Vilchis, encargada de la secci\u00f3n \u201cQuien es Qui\u00e9n en las Mentiras de la Semana\u201d en las conferencias ma\u00f1aneras del presidente Andr\u00e9s Manuel L\u00f3pez Obrador.(Miguel Dimayuga)<\/figcaption><\/figure>\n\n\n\n<p class=\"has-medium-font-size\"><strong><a href=\"https:\/\/www.proceso.com.mx\/autor\/redaccion.html\">La Redacci\u00f3n<\/a> \/ Proceso<\/strong><\/p>\n\n\n\n<p>CIUDAD DE M\u00c9XICO (apro).- Ana Elizabeth Garc\u00eda Vilchis, conocida como Liz Vilchis, encargada de la secci\u00f3n \u201cQuien es Qui\u00e9n en las Mentiras de la Semana\u201d en las conferencias ma\u00f1aneras del presidente Andr\u00e9s Manuel L\u00f3pez Obrador, est\u00e1 en el centro de la pol\u00e9mica despu\u00e9s de que usuarios de redes sociales revivieron antiguos tuits discriminatorios suyos.<\/p>\n\n\n\n<p>La exfuncionaria p\u00fablica federal intent\u00f3 ofrecer disculpas despu\u00e9s de que se hicieron&nbsp; virales esas publicaciones, lo que gener\u00f3 que se convirtiera en tendencia en redes en las \u00faltimas horas.<\/p>\n\n\n\n<p>En los d\u00edas m\u00e1s recientes, internautas repostearon comentarios pol\u00e9micos de Garc\u00eda Vilchis publicados, en su mayor\u00eda, entre 2011 y 2013. En ellos, la hoy comunicadora y reportera del portal informativo SDP Noticias lanz\u00f3 mensajes de odio y aludi\u00f3 al consumo de drogas ilegales, como la coca\u00edna. A continuaci\u00f3n, algunos ejemplos:<\/p>\n\n\n\n<ul class=\"wp-block-list\">\n<li>\u201cAyer so\u00f1\u00e9 que Pio, mi amigo hac\u00eda una fiesta y contrataba a un dealer bien cabr\u00f3n y nos daba coca\u00edna a todos. Bien raro\u201d.<\/li>\n\n\n\n<li>\u201cSi te embarazaste en la preparatoria o en la universidad no eres una mami-rica s\u00f3lo eras una prostituta con un beb\u00e9\u201d<\/li>\n\n\n\n<li>\u201cSiempre son las m\u00e1s putas las que quieren salir a disculparse por su pasado #SorryNotSorry\u201d<\/li>\n\n\n\n<li>\u201cEsa vieja est\u00e1 cada vez peor de gorda, cachetona y hater\u201d<\/li>\n\n\n\n<li>\u201cYo digo que deber\u00eda meterse a un curso para superar sus muletillas, pinche vieja gorda, cre\u00edda y culera\u201d.<\/li>\n<\/ul>\n\n\n\n<p>La exdirectora de redes de la Vocer\u00eda de la Presidencia de la Rep\u00fablica con L\u00f3pez Obrador borr\u00f3 las publicaciones despu\u00e9s de las m\u00faltiples reacciones en redes sociales, aunque algunas siguen en l\u00ednea.<\/p>\n\n\n\n<figure class=\"wp-block-image\"><img decoding=\"async\" src=\"https:\/\/img.proceso.com.mx\/Qw5cTM6xfNwkHyL3waIm1uu-imOgvY9b6ja3YYznelk\/rs:fill:440:330:0\/g:fp:0.297:0.291\/aHR0cHM6Ly9hc3NldHMucHJvY2Vzby5jb20ubXgvaW1nLzE3ODc1NDM2MTU0NzItbGM1N3Z5LmpwZw\" alt=\"\u00bfQu\u00e9 escribi\u00f3 Liz Vilchis? Resurgen tuits ofensivos contra Nayeli Salvatori, mujeres y madres j\u00f3venes\"\/><\/figure>\n\n\n\n<p>Te puede interesar:<strong>\u00bfQu\u00e9 escribi\u00f3 Liz Vilchis? Resurgen tuits ofensivos contra Nayeli Salvatori, mujeres y madres j\u00f3venes<\/strong><\/p>\n\n\n\n<p>Los internautas usaron dichas publicaciones para acusar a la exfuncionaria de tener un doble discurso.<\/p>\n\n\n\n<p>Ayer, Garc\u00eda Vilchis intent\u00f3 defenderse al asegurar que ya cambi\u00f3 y ofreci\u00f3 una disculpa por lo escrito.<\/p>\n\n\n\n<p>\u201cNo estoy para nada orgullosa de lo que escrib\u00ed en su momento, me averg\u00fcenza haber sido esa persona (&#8230;). Las personas tenemos la hermosa oportunidad de cambiar (&#8230;) Yo ya no soy esa persona que fui cuando escrib\u00ed esos tuits y me siento muy orgullosa de quien soy hoy y de lo que he hecho para no volver a cometer los errores del pasado\u201d, escribi\u00f3 en la misma red social.<\/p>\n\n\n\n<figure class=\"wp-block-embed is-type-rich is-provider-x wp-block-embed-x\"><div class=\"wp-block-embed__wrapper\">\n<blockquote class=\"twitter-tweet\" data-width=\"500\" data-dnt=\"true\"><p lang=\"es\" dir=\"ltr\">Hola, gente de X.<br><br>En los \u00faltimos d\u00edas he visto que revivieron mis tuits del pasado. No estoy para nada orgullosa de lo que escrib\u00ed en su momento, me averg\u00fcenza haber sido esa persona y ofrezco una disculpa honesta por lo que en esos textos se menciona.<br><br>Las personas tenemos la\u2026<\/p>&mdash; Liz Vilchis (@_LizVilchis) <a href=\"https:\/\/x.com\/_LizVilchis\/status\/2091131838114734443?ref_src=twsrc%5Etfw\">August 22, 2026<\/a><\/blockquote><script async src=\"https:\/\/platform.x.com\/widgets.js\" charset=\"utf-8\"><\/script>\n<\/div><\/figure>\n\n\n\n<p>Agreg\u00f3 que ahora considera que el clasismo, la gordofobia y los prejuicios son un tipo de violencia. Y remat\u00f3: \u201cAs\u00ed que gracias por mostrarme lo que fui y que ya no soy m\u00e1s, para poder seguir en la construcci\u00f3n de un mundo en el que quepamos todos\u201d.<\/p>\n\n\n\n<p>Sin embargo, en las respuestas a esta publicaci\u00f3n los usuarios no s\u00f3lo volvieron a retomar sus antiguas publicaciones sino que la criticaron por posturas m\u00e1s recientes.<\/p>\n\n\n\n<p>La secci\u00f3n \u201cQui\u00e9n es qui\u00e9n en las mentiras de la semana\u201d fue cuestionada casi desde su arranque. Incluso, el encargado de la Relator\u00eda Especial de Libertad de Expresi\u00f3n (RELE) de la Comisi\u00f3n Interamericana de Derechos Humanos (CIDH), Pedro Vaca,&nbsp;<a href=\"https:\/\/www.proceso.com.mx\/nacional\/2021\/7\/1\/relator-de-la-cidh-pide-mexico-reconsiderar-el-quien-es-quien-en-las-mentiras-de-la-semana-266755.html\" target=\"_blank\" rel=\"noreferrer noopener\">llam\u00f3 a reconsiderarla&nbsp;<\/a>porque plantea el se\u00f1alamiento p\u00fablico con nombres y apellidos de comunicadores con posiciones cr\u00edticas.<\/p>\n\n\n\n<p>Vaca manifest\u00f3 que la decisi\u00f3n de exhibir a quienes el gobierno federal considera que mienten, \u201ces central porque no estamos hablando de un espacio m\u00e1s, estamos hablando de un espacio oficial, de un espacio que est\u00e1 revestido de la m\u00e1xima autoridad del Estado\u201d.<a href=\"https:\/\/www.proceso.com.mx\/nacional\/2026\/8\/24\/reviven-tuits-discriminatorios-de-liz-vilchis-se-disculpa-y-la-vuelven-a-tundir-en-redes-378606.html\"><\/a><\/p>\n\n\n\n<figure class=\"wp-block-embed is-type-rich is-provider-x wp-block-embed-x\"><div class=\"wp-block-embed__wrapper\">\n<blockquote class=\"twitter-tweet\" data-width=\"500\" data-dnt=\"true\"><p lang=\"es\" dir=\"ltr\">Pues apenas hace una semana dijiste que la viuda de Carlos Manzo tuvo que ver con su muerte. Sigues siendo la Misma persona.<\/p>&mdash; Jos\u00e9 Daniel Borrego (@DanielBorrego87) <a href=\"https:\/\/x.com\/DanielBorrego87\/status\/2091170121481891921?ref_src=twsrc%5Etfw\">August 22, 2026<\/a><\/blockquote><script async src=\"https:\/\/platform.x.com\/widgets.js\" charset=\"utf-8\"><\/script>\n<\/div><\/figure>\n\n\n\n<p>Recientemente, Garc\u00eda Vilchis reapareci\u00f3 en las conferencias matutinas de la presidenta Claudia Sheinbaum Pardo, aunque ahora desde el \u00e1rea donde periodistas de medios de comunicaci\u00f3n nacionales, pero tambi\u00e9n youtubers y personas afines a la 4T lanzan preguntas a la mandataria federal.&nbsp;<\/p>\n\n\n\n<p>Fuente: <a href=\"https:\/\/www.proceso.com.mx\/nacional\/2026\/8\/24\/reviven-tuits-discriminatorios-de-liz-vilchis-se-disculpa-y-la-vuelven-a-tundir-en-redes-378606.html\">https:\/\/www.proceso.com.mx\/nacional\/2026\/8\/24\/reviven-tuits-discriminatorios-de-liz-vilchis-se-disculpa-y-la-vuelven-a-tundir-en-redes-378606.html<\/a><\/p>\n","protected":false},"excerpt":{"rendered":"<p>Desata pol\u00e9mica la exfuncionaria p\u00fablica que present\u00f3 la secci\u00f3n \u201cQui\u00e9n es qui\u00e9n en las mentiras de la semana\u201d de las [&hellip;]<\/p>\n","protected":false},"author":1,"featured_media":129194,"comment_status":"open","ping_status":"open","sticky":false,"template":"","format":"standard","meta":{"site-sidebar-layout":"default","site-content-layout":"","ast-site-content-layout":"default","site-content-style":"default","site-sidebar-style":"default","ast-global-header-display":"","ast-banner-title-visibility":"","ast-main-header-display":"","ast-hfb-above-header-display":"","ast-hfb-below-header-display":"","ast-hfb-mobile-header-display":"","site-post-title":"","ast-breadcrumbs-content":"","ast-featured-img":"","footer-sml-layout":"","theme-transparent-header-meta":"","adv-header-id-meta":"","stick-header-meta":"","header-above-stick-meta":"","header-main-stick-meta":"","header-below-stick-meta":"","astra-migrate-meta-layouts":"default","ast-page-background-enabled":"default","ast-page-background-meta":{"desktop":{"background-color":"var(--ast-global-color-4)","background-image":"","background-repeat":"repeat","background-position":"center center","background-size":"auto","background-attachment":"scroll","background-type":"","background-media":"","overlay-type":"","overlay-color":"","overlay-opacity":"","overlay-gradient":""},"tablet":{"background-color":"","background-image":"","background-repeat":"repeat","background-position":"center center","background-size":"auto","background-attachment":"scroll","background-type":"","background-media":"","overlay-type":"","overlay-color":"","overlay-opacity":"","overlay-gradient":""},"mobile":{"background-color":"","background-image":"","background-repeat":"repeat","background-position":"center center","background-size":"auto","background-attachment":"scroll","background-type":"","background-media":"","overlay-type":"","overlay-color":"","overlay-opacity":"","overlay-gradient":""}},"ast-content-background-meta":{"desktop":{"background-color":"var(--ast-global-color-5)","background-image":"","background-repeat":"repeat","background-position":"center center","background-size":"auto","background-attachment":"scroll","background-type":"","background-media":"","overlay-type":"","overlay-color":"","overlay-opacity":"","overlay-gradient":""},"tablet":{"background-color":"var(--ast-global-color-5)","background-image":"","background-repeat":"repeat","background-position":"center center","background-size":"auto","background-attachment":"scroll","background-type":"","background-media":"","overlay-type":"","overlay-color":"","overlay-opacity":"","overlay-gradient":""},"mobile":{"background-color":"var(--ast-global-color-5)","background-image":"","background-repeat":"repeat","background-position":"center center","background-size":"auto","background-attachment":"scroll","background-type":"","background-media":"","overlay-type":"","overlay-color":"","overlay-opacity":"","overlay-gradient":""}},"footnotes":""},"categories":[8],"tags":[15431,52598],"class_list":["post-129193","post","type-post","status-publish","format-standard","has-post-thumbnail","hentry","category-noticias","tag-liz-vilchis","tag-quien-es-quien-en-las-mentiras-de-la-semana"],"_links":{"self":[{"href":"https:\/\/losperiodistas.com.mx\/portal\/wp-json\/wp\/v2\/posts\/129193","targetHints":{"allow":["GET"]}}],"collection":[{"href":"https:\/\/losperiodistas.com.mx\/portal\/wp-json\/wp\/v2\/posts"}],"about":[{"href":"https:\/\/losperiodistas.com.mx\/portal\/wp-json\/wp\/v2\/types\/post"}],"author":[{"embeddable":true,"href":"https:\/\/losperiodistas.com.mx\/portal\/wp-json\/wp\/v2\/users\/1"}],"replies":[{"embeddable":true,"href":"https:\/\/losperiodistas.com.mx\/portal\/wp-json\/wp\/v2\/comments?post=129193"}],"version-history":[{"count":1,"href":"https:\/\/losperiodistas.com.mx\/portal\/wp-json\/wp\/v2\/posts\/129193\/revisions"}],"predecessor-version":[{"id":129195,"href":"https:\/\/losperiodistas.com.mx\/portal\/wp-json\/wp\/v2\/posts\/129193\/revisions\/129195"}],"wp:featuredmedia":[{"embeddable":true,"href":"https:\/\/losperiodistas.com.mx\/portal\/wp-json\/wp\/v2\/media\/129194"}],"wp:attachment":[{"href":"https:\/\/losperiodistas.com.mx\/portal\/wp-json\/wp\/v2\/media?parent=129193"}],"wp:term":[{"taxonomy":"category","embeddable":true,"href":"https:\/\/losperiodistas.com.mx\/portal\/wp-json\/wp\/v2\/categories?post=129193"},{"taxonomy":"post_tag","embeddable":true,"href":"https:\/\/losperiodistas.com.mx\/portal\/wp-json\/wp\/v2\/tags?post=129193"}],"curies":[{"name":"wp","href":"https:\/\/api.w.org\/{rel}","templated":true}]}}