{"id":12918,"date":"2021-09-10T07:06:05","date_gmt":"2021-09-10T12:06:05","guid":{"rendered":"http:\/\/losperiodistas.com.mx\/portal\/?p=12918"},"modified":"2021-09-10T09:09:37","modified_gmt":"2021-09-10T14:09:37","slug":"alista-ayuntamiento-de-puebla-corredor-gastronomico-cultural-para-15-de-septiembre","status":"publish","type":"post","link":"https:\/\/losperiodistas.com.mx\/portal\/alista-ayuntamiento-de-puebla-corredor-gastronomico-cultural-para-15-de-septiembre\/","title":{"rendered":"Alista Ayuntamiento de Puebla corredor gastron\u00f3mico cultural para 15 de Septiembre"},"content":{"rendered":"\n<figure class=\"wp-block-image size-large\"><img fetchpriority=\"high\" decoding=\"async\" width=\"1024\" height=\"678\" src=\"https:\/\/losperiodistas.com.mx\/portal\/wp-content\/uploads\/2021\/09\/Captura-de-Pantalla-2021-09-10-a-las-9.06.40-1024x678.jpg\" alt=\"\" class=\"wp-image-12919\" srcset=\"https:\/\/losperiodistas.com.mx\/portal\/wp-content\/uploads\/2021\/09\/Captura-de-Pantalla-2021-09-10-a-las-9.06.40-1024x678.jpg 1024w, https:\/\/losperiodistas.com.mx\/portal\/wp-content\/uploads\/2021\/09\/Captura-de-Pantalla-2021-09-10-a-las-9.06.40-300x198.jpg 300w, https:\/\/losperiodistas.com.mx\/portal\/wp-content\/uploads\/2021\/09\/Captura-de-Pantalla-2021-09-10-a-las-9.06.40-768x508.jpg 768w, https:\/\/losperiodistas.com.mx\/portal\/wp-content\/uploads\/2021\/09\/Captura-de-Pantalla-2021-09-10-a-las-9.06.40-1536x1016.jpg 1536w, https:\/\/losperiodistas.com.mx\/portal\/wp-content\/uploads\/2021\/09\/Captura-de-Pantalla-2021-09-10-a-las-9.06.40.jpg 1596w\" sizes=\"(max-width: 1024px) 100vw, 1024px\" \/><\/figure>\n\n\n\n<p><\/p>\n\n\n\n<p class=\"has-vivid-cyan-blue-color has-text-color has-medium-font-size\">REDACCI\u00d3N<\/p>\n\n\n\n<p>Este a\u00f1o, el Ayuntamiento de Puebla realizar\u00e1 la tradicional verbena popular por las celebraciones patrias, bajo un modelo de corredor gastron\u00f3mico-cultural que conectar\u00e1 cuatro escenarios con espacios para el disfrute de antojitos y platillos t\u00edpicos.<\/p>\n\n\n\n<p>Se trata de una celebraci\u00f3n que contempla mecanismos de control de aforos \u2013m\u00e1ximo del 30 por ciento en todo el espacio\u2013, sana distancia y movilidad, para acatar y respetar los decretos emitidos por el gobierno estatal.<\/p>\n\n\n\n<p>De acuerdo con la Presidenta Municipal, Claudia Rivera Vivanco, este corredor gastron\u00f3mico-cultural permitir\u00e1 una din\u00e1mica de circulaci\u00f3n de las y los asistentes a lo largo de los cuatro escenarios, lo cual evitar\u00e1 aglomeraciones en un solo espacio y permitir\u00e1 el disfrute de la oferta musical y culinaria de la agenda del d\u00eda.<\/p>\n\n\n\n<p>\u201cEsta fiesta le pertenece al pueblo, es una celebraci\u00f3n hist\u00f3rica que nos permite recordar que somos una naci\u00f3n solidaria [\u2026] habr\u00e1 las medidas sanitarias para esta conmemoraci\u00f3n pueda transcurrir con tranquilidad, j\u00fabilo y amor profundo por nuestra patria\u201d, expres\u00f3 la alcaldesa.<\/p>\n\n\n\n<p>Destaca que no se otorgar\u00e1n permisos al comercio en v\u00eda p\u00fablica, \u00fanicamente se instalar\u00e1n, aproximadamente, 60 personas para demostraciones gastron\u00f3micas y culturales, sin fines comerciales.&nbsp;<\/p>\n\n\n\n<p>Desde las 10 horas y hasta la hora del tradicional grito de independencia, el pr\u00f3ximo mi\u00e9rcoles 15 de septiembre se tendr\u00e1n m\u00e1s de 40 presentaciones de grupos musicales, donde destacan la Sonora Matancera, la Sonora Dinamita y la Sonora Santanera. Asimismo, habr\u00e1 presencia de artistas urbanos y sociedades de mariachi para ambientar la fiesta mexicana.<\/p>\n\n\n\n<p>Los cuatro escenarios se ubicar\u00e1n de la siguiente manera en el primer cuadro de la ciudad, por lo que se deben contemplar los cierres viales en el cuadrante 7 Oriente- Poniente, 8 Poniente- Oriente y 3 Sur- Norte:<\/p>\n\n\n\n<p>Escenario 1 (principal), sobre la 16 de Septiembre y la 3 Poniente<\/p>\n\n\n\n<p>Escenario 2, Plaza de la Democracia<\/p>\n\n\n\n<p>Escenario 3, Callej\u00f3n de los Sapos<\/p>\n\n\n\n<p>Escenario 4, 6 Oriente, esquina 6 Norte<\/p>\n\n\n\n<p>Todas las actividades de la conmemoraci\u00f3n del 200 aniversario de la Consumaci\u00f3n de la Independencia tendr\u00e1n la garant\u00eda de seguridad por parte de las fuerzas Municipales, as\u00ed como de personal de la Secretar\u00eda de Protecci\u00f3n Civil y Gesti\u00f3n Integral de Riesgos.<\/p>\n\n\n\n<p>M\u00e1s de dos mil elementos policiales ser\u00e1n desplegados en toda la ciudad, como parte del Operativo Fiestas Patrias 2021, haciendo especial \u00e9nfasis en esquemas de vigilancia en el primer cuadro de la ciudad, las 17 Juntas Auxiliares, zonas bancarias, hoteleras, centros comerciales, as\u00ed como en corredores gastron\u00f3micos y tur\u00edsticos. De igual forma, 60 elementos y 16 unidades de Protecci\u00f3n Civil desarrollar\u00e1n recorridos de verificaci\u00f3n de protocolos sanitarios, control de accesos y aforos.<\/p>\n\n\n\n<p>El Ayuntamiento de Puebla tambi\u00e9n dise\u00f1\u00f3 una agenda cultural virtual para el disfrute desde casa de las familias poblanas. Contempla desde las 11 horas conferencias, musicales, obras de teatro y otras presentaciones a trav\u00e9s de las redes sociales del Gobierno Municipal (@PueblaAyto \/ H. Ayuntamiento de Puebla).&nbsp; Se exhorta a la ciudadan\u00eda que decida celebrar en sus hogares a convocar grupos reducidos de personas, para evitar cadenas de contagio domiciliaria.<\/p>\n\n\n\n<p>La cartelera completa de las actividades culturales del pr\u00f3ximo 15 de septiembre puede ser consultada en las redes sociales del IMACP (@IMACP).<\/p>\n\n\n\n<p>La Comuna reitera que se dar\u00e1 cabal cumplimiento a los decretos sanitarios estatales en materia de prohibici\u00f3n e inhibici\u00f3n de comercio informal en v\u00eda p\u00fablica durante esta conmemoraci\u00f3n.<\/p>\n\n\n\n<p>Fuente: https:\/\/bit.ly\/3BTQG7e<\/p>\n","protected":false},"excerpt":{"rendered":"<p>REDACCI\u00d3N Este a\u00f1o, el Ayuntamiento de Puebla realizar\u00e1 la tradicional verbena popular por las celebraciones patrias, bajo un modelo de [&hellip;]<\/p>\n","protected":false},"author":1,"featured_media":12919,"comment_status":"open","ping_status":"open","sticky":false,"template":"","format":"standard","meta":{"site-sidebar-layout":"default","site-content-layout":"","ast-site-content-layout":"default","site-content-style":"default","site-sidebar-style":"default","ast-global-header-display":"","ast-banner-title-visibility":"","ast-main-header-display":"","ast-hfb-above-header-display":"","ast-hfb-below-header-display":"","ast-hfb-mobile-header-display":"","site-post-title":"","ast-breadcrumbs-content":"","ast-featured-img":"","footer-sml-layout":"","theme-transparent-header-meta":"","adv-header-id-meta":"","stick-header-meta":"","header-above-stick-meta":"","header-main-stick-meta":"","header-below-stick-meta":"","astra-migrate-meta-layouts":"default","ast-page-background-enabled":"default","ast-page-background-meta":{"desktop":{"background-color":"var(--ast-global-color-4)","background-image":"","background-repeat":"repeat","background-position":"center center","background-size":"auto","background-attachment":"scroll","background-type":"","background-media":"","overlay-type":"","overlay-color":"","overlay-opacity":"","overlay-gradient":""},"tablet":{"background-color":"","background-image":"","background-repeat":"repeat","background-position":"center center","background-size":"auto","background-attachment":"scroll","background-type":"","background-media":"","overlay-type":"","overlay-color":"","overlay-opacity":"","overlay-gradient":""},"mobile":{"background-color":"","background-image":"","background-repeat":"repeat","background-position":"center center","background-size":"auto","background-attachment":"scroll","background-type":"","background-media":"","overlay-type":"","overlay-color":"","overlay-opacity":"","overlay-gradient":""}},"ast-content-background-meta":{"desktop":{"background-color":"var(--ast-global-color-5)","background-image":"","background-repeat":"repeat","background-position":"center center","background-size":"auto","background-attachment":"scroll","background-type":"","background-media":"","overlay-type":"","overlay-color":"","overlay-opacity":"","overlay-gradient":""},"tablet":{"background-color":"var(--ast-global-color-5)","background-image":"","background-repeat":"repeat","background-position":"center center","background-size":"auto","background-attachment":"scroll","background-type":"","background-media":"","overlay-type":"","overlay-color":"","overlay-opacity":"","overlay-gradient":""},"mobile":{"background-color":"var(--ast-global-color-5)","background-image":"","background-repeat":"repeat","background-position":"center center","background-size":"auto","background-attachment":"scroll","background-type":"","background-media":"","overlay-type":"","overlay-color":"","overlay-opacity":"","overlay-gradient":""}},"footnotes":""},"categories":[8],"tags":[84,3947,3948],"class_list":["post-12918","post","type-post","status-publish","format-standard","has-post-thumbnail","hentry","category-noticias","tag-claudia-rivera-vivanco","tag-fiestas-patrias-puebla","tag-verbena-popular"],"_links":{"self":[{"href":"https:\/\/losperiodistas.com.mx\/portal\/wp-json\/wp\/v2\/posts\/12918","targetHints":{"allow":["GET"]}}],"collection":[{"href":"https:\/\/losperiodistas.com.mx\/portal\/wp-json\/wp\/v2\/posts"}],"about":[{"href":"https:\/\/losperiodistas.com.mx\/portal\/wp-json\/wp\/v2\/types\/post"}],"author":[{"embeddable":true,"href":"https:\/\/losperiodistas.com.mx\/portal\/wp-json\/wp\/v2\/users\/1"}],"replies":[{"embeddable":true,"href":"https:\/\/losperiodistas.com.mx\/portal\/wp-json\/wp\/v2\/comments?post=12918"}],"version-history":[{"count":1,"href":"https:\/\/losperiodistas.com.mx\/portal\/wp-json\/wp\/v2\/posts\/12918\/revisions"}],"predecessor-version":[{"id":12920,"href":"https:\/\/losperiodistas.com.mx\/portal\/wp-json\/wp\/v2\/posts\/12918\/revisions\/12920"}],"wp:featuredmedia":[{"embeddable":true,"href":"https:\/\/losperiodistas.com.mx\/portal\/wp-json\/wp\/v2\/media\/12919"}],"wp:attachment":[{"href":"https:\/\/losperiodistas.com.mx\/portal\/wp-json\/wp\/v2\/media?parent=12918"}],"wp:term":[{"taxonomy":"category","embeddable":true,"href":"https:\/\/losperiodistas.com.mx\/portal\/wp-json\/wp\/v2\/categories?post=12918"},{"taxonomy":"post_tag","embeddable":true,"href":"https:\/\/losperiodistas.com.mx\/portal\/wp-json\/wp\/v2\/tags?post=12918"}],"curies":[{"name":"wp","href":"https:\/\/api.w.org\/{rel}","templated":true}]}}