{"id":129165,"date":"2026-08-23T18:32:51","date_gmt":"2026-08-24T00:32:51","guid":{"rendered":"https:\/\/losperiodistas.com.mx\/portal\/?p=129165"},"modified":"2026-08-23T19:33:39","modified_gmt":"2026-08-24T01:33:39","slug":"cuando-entran-en-vigor-los-aranceles-de-canada-a-eu-ef","status":"publish","type":"post","link":"https:\/\/losperiodistas.com.mx\/portal\/cuando-entran-en-vigor-los-aranceles-de-canada-a-eu-ef\/","title":{"rendered":"El contraataque de Carney a Trump: \u00bfCu\u00e1ndo entran en vigor los aranceles de Canad\u00e1 a EU? | EF"},"content":{"rendered":"\n<p>Productos clave como el acero y el papel de EU ser\u00edan afectados por los aranceles de Canad\u00e1.<\/p>\n\n\n\n<figure class=\"wp-block-image size-large\"><img fetchpriority=\"high\" decoding=\"async\" width=\"1024\" height=\"576\" src=\"https:\/\/losperiodistas.com.mx\/portal\/wp-content\/uploads\/2026\/08\/MarkCarney-1024x576.png\" alt=\"\" class=\"wp-image-129166\" srcset=\"https:\/\/losperiodistas.com.mx\/portal\/wp-content\/uploads\/2026\/08\/MarkCarney-1024x576.png 1024w, https:\/\/losperiodistas.com.mx\/portal\/wp-content\/uploads\/2026\/08\/MarkCarney-300x169.png 300w, https:\/\/losperiodistas.com.mx\/portal\/wp-content\/uploads\/2026\/08\/MarkCarney-768x432.png 768w, https:\/\/losperiodistas.com.mx\/portal\/wp-content\/uploads\/2026\/08\/MarkCarney.png 1358w\" sizes=\"(max-width: 1024px) 100vw, 1024px\" \/><figcaption class=\"wp-element-caption\">Mark Carney declar\u00f3 que los aranceles contra EU comenzar\u00e1n en cuesti\u00f3n de semanas. (EFE) <\/figcaption><\/figure>\n\n\n\n<p class=\"has-vivid-red-color has-text-color has-link-color wp-elements-8978bcb34c5d4c094ee5ba6281349805\">Bloomberg \/ Thomas Seal \/ Derek Decloet<\/p>\n\n\n\n<p>El primer ministro Mark Carney anunci\u00f3 que Canad\u00e1 aplicar\u00e1 aranceles compensatorios a productos estadounidenses por valor de 20 mil millones de d\u00f3lares, intensificando as\u00ed la disputa que sacude una de las relaciones comerciales m\u00e1s importantes del mundo.<\/p>\n\n\n\n<p>\u201cDamos este paso a rega\u00f1adientes\u201d, dijo Carney el s\u00e1bado 22 de agosto, y reconoci\u00f3 que aumentar\u00e1 los costos y reducir\u00e1 las opciones para los canadienses, perjudicar\u00e1 a empresas estadounidenses inocentes y dificultar\u00e1 la cooperaci\u00f3n entre ambos pa\u00edses.<\/p>\n\n\n\n<p>Los aranceles de Canad\u00e1 a Estados Unidos entrar\u00e1n en vigor el 8 de septiembre, a la espera de que en los pr\u00f3ximos d\u00edas se negocie un acuerdo para evitarlos.<\/p>\n\n\n\n<p>Carney afirm\u00f3 que no le qued\u00f3 otra opci\u00f3n despu\u00e9s de que las negociaciones comerciales con la administraci\u00f3n del presidente Donald Trump fracasaran el viernes por la noche, y de que Estados Unidos impusiera aranceles de importaci\u00f3n del 50 por ciento a art\u00edculos como madera contrachapada, licores, equipos el\u00e9ctricos y material de hockey procedentes de Canad\u00e1.<\/p>\n\n\n\n<p>\u201cEst\u00e1s en guerra cuando te atacan\u201d, dijo Carney a los periodistas en Ottawa. \u201cNos atacaron\u201d.<\/p>\n\n\n\n<p>La decisi\u00f3n de tomar represalias consolida a Canad\u00e1 como uno de los dos \u00fanicos pa\u00edses que responden con la misma moneda ante los aranceles estadounidenses. El otro es <strong>China<\/strong>. A medida que Trump impone los nuevos aranceles mediante una cl\u00e1usula nunca antes utilizada de una ley de 1930, la resistencia de Canad\u00e1 y la forma en que Estados Unidos la gestione ser\u00e1n observadas con atenci\u00f3n.<\/p>\n\n\n\n<p>La arriesgada decisi\u00f3n de Carney nos recuerda c\u00f3mo lleg\u00f3 repentinamente al poder el a\u00f1o pasado: haciendo campa\u00f1a con vehemencia para liderar una <strong>contraofensiva contra Trump<\/strong>, quien comenz\u00f3 su segundo mandato diciendo que quer\u00eda convertir a Canad\u00e1 en un estado n\u00famero 51 con \u201cfuerza econ\u00f3mica\u201d.<\/p>\n\n\n\n<p>Carney, exbanquero central en dos ocasiones, ha dedicado gran parte de su mandato a intentar un enfoque conciliador con Estados Unidos, al tiempo que diversificaba la econom\u00eda canadiense. Revoc\u00f3 los <strong>aranceles de represalia<\/strong> impuestos por su predecesor, Justin Trudeau, elimin\u00f3 un impuesto a los servicios digitales que hab\u00eda irritado a Trump y renegociado un acuerdo favorable a Estados Unidos para la construcci\u00f3n de un puente que conectara Detroit con Windsor, Ontario.<\/p>\n\n\n\n<p>Esa t\u00e1ctica no sirvi\u00f3 para llegar a un acuerdo. El s\u00e1bado, Trump utiliz\u00f3 una facultad que data de la \u00e9poca de la Gran Depresi\u00f3n, conocida como la Secci\u00f3n 338, para imponer <strong>aranceles a productos canadienses<\/strong> por un valor total de aproximadamente 20 mil millones de d\u00f3lares en importaciones anuales estadounidenses.<\/p>\n\n\n\n<h2 class=\"wp-block-heading\">\u00bfQu\u00e9 productos de EU tendr\u00e1n aranceles?<\/h2>\n\n\n\n<p>Ahora Carney ha vuelto a la estrategia que Trudeau implement\u00f3 en marzo del a\u00f1o pasado: fuertes <strong>aranceles compensatorios<\/strong>, destinados a igualar los de Trump en t\u00e9rminos de d\u00f3lares. Los aranceles canadienses se aplicar\u00e1n al acero, los productos l\u00e1cteos, los electrodom\u00e9sticos, la maquinaria agr\u00edcola, la electr\u00f3nica, la pulpa y el papel estadounidenses, y se publicar\u00e1n m\u00e1s detalles en los pr\u00f3ximos d\u00edas, seg\u00fan anunci\u00f3 el primer ministro.<\/p>\n\n\n\n<p>Al contraatacar, Carney se arriesga econ\u00f3mica y pol\u00edticamente, buscando un equilibrio entre el sufrimiento a corto plazo y la estrategia a largo plazo. Funcionarios estadounidenses indicaron el viernes que, si Canad\u00e1 respondiera, tendr\u00edan opciones para intensificar la situaci\u00f3n, lo que aumenta la posibilidad de una <strong>guerra comercial<\/strong> en espiral entre dos pa\u00edses que intercambiaron casi 900 mil millones de d\u00f3lares en bienes y servicios el a\u00f1o pasado.<\/p>\n\n\n\n<p>Carney afirm\u00f3 que las negociaciones fracasaron por varias razones. Una de ellas fue la imposici\u00f3n de aranceles a los autom\u00f3viles por parte de Trump, que fijan el 25 por ciento sobre el contenido no estadounidense en los veh\u00edculos fabricados en Canad\u00e1. Los equipos negociadores consideraron reducirlo al 15 por ciento, pero Estados Unidos no quiso extender esa exenci\u00f3n arancelaria a los camiones medianos y pesados, como los que actualmente se fabrican en la planta de Ford Motor Co. en las afueras de Toronto.<\/p>\n\n\n\n<p>Seg\u00fan Carney, Estados Unidos tambi\u00e9n intent\u00f3 poner l\u00edmites a los acuerdos comerciales de Canad\u00e1 con otros pa\u00edses e hizo <strong>exigencias inaceptables en materia cultural<\/strong> y ling\u00fc\u00edstica francesa.<\/p>\n\n\n\n<p>A\u00f1adi\u00f3 que la tensi\u00f3n no es una buena noticia para las conversaciones en torno al T-MEC, que entr\u00f3 en revisi\u00f3n peri\u00f3dica despu\u00e9s de que Trump se negara a renovarlo en julio.<\/p>\n\n\n\n<p>Fuente: <a href=\"https:\/\/www.elfinanciero.com.mx\/mundo\/2026\/08\/23\/aranceles-de-canada-a-estados-unidos-cuando-entran-en-vigor-las-tarifas-de-represalia-de-mark-carney-a-donald-trump\/\" target=\"_blank\" rel=\"noreferrer noopener\">El Financiero<\/a><\/p>\n","protected":false},"excerpt":{"rendered":"<p>Productos clave como el acero y el papel de EU ser\u00edan afectados por los aranceles de Canad\u00e1.<\/p>\n","protected":false},"author":1,"featured_media":129166,"comment_status":"open","ping_status":"open","sticky":false,"template":"","format":"standard","meta":{"site-sidebar-layout":"default","site-content-layout":"","ast-site-content-layout":"default","site-content-style":"default","site-sidebar-style":"default","ast-global-header-display":"","ast-banner-title-visibility":"","ast-main-header-display":"","ast-hfb-above-header-display":"","ast-hfb-below-header-display":"","ast-hfb-mobile-header-display":"","site-post-title":"","ast-breadcrumbs-content":"","ast-featured-img":"","footer-sml-layout":"","theme-transparent-header-meta":"","adv-header-id-meta":"","stick-header-meta":"","header-above-stick-meta":"","header-main-stick-meta":"","header-below-stick-meta":"","astra-migrate-meta-layouts":"default","ast-page-background-enabled":"default","ast-page-background-meta":{"desktop":{"background-color":"var(--ast-global-color-4)","background-image":"","background-repeat":"repeat","background-position":"center center","background-size":"auto","background-attachment":"scroll","background-type":"","background-media":"","overlay-type":"","overlay-color":"","overlay-opacity":"","overlay-gradient":""},"tablet":{"background-color":"","background-image":"","background-repeat":"repeat","background-position":"center center","background-size":"auto","background-attachment":"scroll","background-type":"","background-media":"","overlay-type":"","overlay-color":"","overlay-opacity":"","overlay-gradient":""},"mobile":{"background-color":"","background-image":"","background-repeat":"repeat","background-position":"center center","background-size":"auto","background-attachment":"scroll","background-type":"","background-media":"","overlay-type":"","overlay-color":"","overlay-opacity":"","overlay-gradient":""}},"ast-content-background-meta":{"desktop":{"background-color":"var(--ast-global-color-5)","background-image":"","background-repeat":"repeat","background-position":"center center","background-size":"auto","background-attachment":"scroll","background-type":"","background-media":"","overlay-type":"","overlay-color":"","overlay-opacity":"","overlay-gradient":""},"tablet":{"background-color":"var(--ast-global-color-5)","background-image":"","background-repeat":"repeat","background-position":"center center","background-size":"auto","background-attachment":"scroll","background-type":"","background-media":"","overlay-type":"","overlay-color":"","overlay-opacity":"","overlay-gradient":""},"mobile":{"background-color":"var(--ast-global-color-5)","background-image":"","background-repeat":"repeat","background-position":"center center","background-size":"auto","background-attachment":"scroll","background-type":"","background-media":"","overlay-type":"","overlay-color":"","overlay-opacity":"","overlay-gradient":""}},"footnotes":""},"categories":[8],"tags":[27315,52585,5257,52587,36450,52586],"class_list":["post-129165","post","type-post","status-publish","format-standard","has-post-thumbnail","hentry","category-noticias","tag-acero","tag-aranceles-de-canada","tag-donald-trump","tag-electrodomesticos","tag-mark-carney","tag-productos-lacteos"],"_links":{"self":[{"href":"https:\/\/losperiodistas.com.mx\/portal\/wp-json\/wp\/v2\/posts\/129165","targetHints":{"allow":["GET"]}}],"collection":[{"href":"https:\/\/losperiodistas.com.mx\/portal\/wp-json\/wp\/v2\/posts"}],"about":[{"href":"https:\/\/losperiodistas.com.mx\/portal\/wp-json\/wp\/v2\/types\/post"}],"author":[{"embeddable":true,"href":"https:\/\/losperiodistas.com.mx\/portal\/wp-json\/wp\/v2\/users\/1"}],"replies":[{"embeddable":true,"href":"https:\/\/losperiodistas.com.mx\/portal\/wp-json\/wp\/v2\/comments?post=129165"}],"version-history":[{"count":2,"href":"https:\/\/losperiodistas.com.mx\/portal\/wp-json\/wp\/v2\/posts\/129165\/revisions"}],"predecessor-version":[{"id":129171,"href":"https:\/\/losperiodistas.com.mx\/portal\/wp-json\/wp\/v2\/posts\/129165\/revisions\/129171"}],"wp:featuredmedia":[{"embeddable":true,"href":"https:\/\/losperiodistas.com.mx\/portal\/wp-json\/wp\/v2\/media\/129166"}],"wp:attachment":[{"href":"https:\/\/losperiodistas.com.mx\/portal\/wp-json\/wp\/v2\/media?parent=129165"}],"wp:term":[{"taxonomy":"category","embeddable":true,"href":"https:\/\/losperiodistas.com.mx\/portal\/wp-json\/wp\/v2\/categories?post=129165"},{"taxonomy":"post_tag","embeddable":true,"href":"https:\/\/losperiodistas.com.mx\/portal\/wp-json\/wp\/v2\/tags?post=129165"}],"curies":[{"name":"wp","href":"https:\/\/api.w.org\/{rel}","templated":true}]}}