{"id":12915,"date":"2021-09-10T08:55:13","date_gmt":"2021-09-10T13:55:13","guid":{"rendered":"http:\/\/losperiodistas.com.mx\/portal\/?p=12915"},"modified":"2021-09-10T08:55:42","modified_gmt":"2021-09-10T13:55:42","slug":"fp1-hamilton-lidera-a-verstappen-en-la-primera-practica-antes-de-la-clasificacion-en-monza-f1","status":"publish","type":"post","link":"https:\/\/losperiodistas.com.mx\/portal\/fp1-hamilton-lidera-a-verstappen-en-la-primera-practica-antes-de-la-clasificacion-en-monza-f1\/","title":{"rendered":"FP1: Hamilton lidera a Verstappen en la primera pr\u00e1ctica antes de la clasificaci\u00f3n en Monza | F1"},"content":{"rendered":"\n<figure class=\"wp-block-image size-large\"><img fetchpriority=\"high\" decoding=\"async\" width=\"1024\" height=\"582\" src=\"https:\/\/losperiodistas.com.mx\/portal\/wp-content\/uploads\/2021\/09\/Captura-de-Pantalla-2021-09-10-a-las-8.51.30-1024x582.jpg\" alt=\"\" class=\"wp-image-12916\" srcset=\"https:\/\/losperiodistas.com.mx\/portal\/wp-content\/uploads\/2021\/09\/Captura-de-Pantalla-2021-09-10-a-las-8.51.30-1024x582.jpg 1024w, https:\/\/losperiodistas.com.mx\/portal\/wp-content\/uploads\/2021\/09\/Captura-de-Pantalla-2021-09-10-a-las-8.51.30-300x171.jpg 300w, https:\/\/losperiodistas.com.mx\/portal\/wp-content\/uploads\/2021\/09\/Captura-de-Pantalla-2021-09-10-a-las-8.51.30-768x436.jpg 768w, https:\/\/losperiodistas.com.mx\/portal\/wp-content\/uploads\/2021\/09\/Captura-de-Pantalla-2021-09-10-a-las-8.51.30-1536x873.jpg 1536w, https:\/\/losperiodistas.com.mx\/portal\/wp-content\/uploads\/2021\/09\/Captura-de-Pantalla-2021-09-10-a-las-8.51.30.jpg 2034w\" sizes=\"(max-width: 1024px) 100vw, 1024px\" \/><\/figure>\n\n\n\n<p class=\"has-vivid-cyan-blue-color has-text-color has-medium-font-size\">F1<\/p>\n\n\n\n<p><strong>La primera y \u00fanica sesi\u00f3n de pr\u00e1ctica antes de la calificaci\u00f3n en Monza vio a Lewis Hamilton terminar m\u00e1s r\u00e1pido con neum\u00e1ticos medios para Mercedes, con su rival Max Verstappen segundo para Red Bull, casi medio segundo fuera del ritmo con neum\u00e1ticos blandos.<\/strong><\/p>\n\n\n\n<p>Con solo dos sesiones de pr\u00e1ctica este fin de semana cuando&nbsp;<a href=\"https:\/\/www.formula1.com\/en\/latest\/article.everything-you-need-to-know-about-the-f1-sprint-format-as-it-returns-this.6UbqdBk5NcJ2maGFiTSQv8.html\">el formato F1 Sprint regresa<\/a>&nbsp;para una segunda prueba, los pilotos no perdieron tiempo para salir a la pista y fue P\u00e9rez quien estableci\u00f3 el punto de referencia con un nuevo juego de neum\u00e1ticos medianos a los 25 minutos. un nuevo conjunto de medianos con 16 minutos restantes para ir primero con una vuelta de 1m20.926s, con el subcampe\u00f3n Verstappen 0.452s con neum\u00e1ticos blandos.<\/p>\n\n\n\n<p><strong><a href=\"https:\/\/www.formula1.com\/en\/latest\/article.f1-sprint-what-to-expect-on-each-day-as-the-exciting-format-returns-at-monza.2WqBuf8CKh3nfcsvsf1vXW.html\">F1 SPRINT: Qu\u00e9 esperar cada d\u00eda a medida que el emocionante formato regresa a Monza<\/a><\/strong><\/p>\n\n\n\n<p>Valtteri Bottas fue el tercero m\u00e1s r\u00e1pido para Mercedes, los Silver Arrows guardaron sus neum\u00e1ticos blandos para la calificaci\u00f3n, habiendo usado exclusivamente medios en la FP1 junto con su compa\u00f1ero de equipo.<\/p>\n\n\n\n<p>Eso dej\u00f3 a Lance Stroll cuarto para Aston Martin, a Pierre Gasly quinto y al compa\u00f1ero de equipo de Stroll, Sebastian Vettel, en P6.<\/p>\n\n\n\n<h3 class=\"wp-block-heading\">F\u00d3RMULA 1 HEINEKEN GRAN PREMIO D&#8217;ITALIA 2021<\/h3>\n\n\n\n<h4 class=\"wp-block-heading\">Pr\u00e1ctica 1 resultados<\/h4>\n\n\n\n<figure class=\"wp-block-table\"><table><tbody><tr><th>POSICI\u00d3N<\/th><th>TIEMPO<\/th><\/tr><tr><td>1&nbsp;&nbsp;Lewis&nbsp;<strong>HAMILTON&nbsp;<\/strong>Mercedes<\/td><td>1: 20,926<\/td><\/tr><tr><td>2&nbsp;&nbsp;Max&nbsp;<strong>VERSTAPPEN&nbsp;<\/strong>Red Bull Racing<\/td><td>+ 0,452 s<\/td><\/tr><tr><td>3&nbsp;&nbsp;Valtteri&nbsp;<strong>BOTTAS&nbsp;<\/strong>Mercedes<\/td><td>+ 0.525 s<\/td><\/tr><tr><td>4&nbsp;&nbsp;<strong>PASEO&nbsp;<\/strong>Lance&nbsp;Aston Martin<\/td><td>+ 0,750 s<\/td><\/tr><tr><td>5&nbsp;&nbsp;Pierre&nbsp;<strong>GASLY&nbsp;<\/strong>AlphaTauri<\/td><td>+ 0,793 s<\/td><\/tr><\/tbody><\/table><\/figure>\n\n\n\n<p><a href=\"https:\/\/www.formula1.com\/en\/results.html\/2021\/races\/1076\/italy\/practice-1.html\">VER RESULTADOS COMPLETOS<\/a><\/p>\n\n\n\n<p>Carlos Sainz termin\u00f3 s\u00e9ptimo, a 0.988 segundos de Hamilton, para Ferrari y por delante de su compatriota Fernando Alonso, quien fue un segundo en la P1 para Alpine en la P8.<\/p>\n\n\n\n<p>Daniel Ricciardo (con un tiempo de vuelta eliminado) ocup\u00f3 el noveno lugar para McLaren detr\u00e1s del piloto de Alpine, ambos equipos renunciaron a correr con neum\u00e1ticos medios en la FP1.&nbsp;Eso dej\u00f3 a Sergio P\u00e9rez completando el top 10 de Red Bull, 1.113 segundos por debajo del ritmo de los blandos.<\/p>\n\n\n\n<p><strong><a href=\"https:\/\/www.formula1.com\/en\/latest\/article.italian-grand-prix-read-the-all-new-digital-race-programme-here.6hsdlPpTuWv7TtwyIU0RGp.html\">GRAN PREMIO DE ITALIA: lea el nuevo programa de carreras digital aqu\u00ed<\/a><\/strong><\/p>\n\n\n\n<p>Charles Leclerc, en la P11, y Lando Norris en la P12, fueron eliminados del top 10 despu\u00e9s de haber tenido tambi\u00e9n vueltas r\u00e1pidas canceladas por infracciones de los l\u00edmites de la pista.&nbsp;El esfuerzo de Norris en los medios podr\u00eda haberlo colocado entre los tres primeros.<\/p>\n\n\n\n<p>Antonio Giovinazzi fue 13\u00ba con el\u00a0<a href=\"https:\/\/www.formula1.com\/en\/latest\/article.il-tricolore-and-james-bond-alfa-romeo-and-aston-martin-unveil-special.7Dz7UQdECXPmmE7NfqsZAz.html\">renovado Alfa Romeo<\/a>\u00a0, su compa\u00f1ero de equipo Robert Kubica termin\u00f3 16\u00ba con\u00a0<a href=\"https:\/\/www.formula1.com\/en\/latest\/article.raikkonen-ruled-out-of-italian-grand-prix-with-kubica-set-to-deputise-again.4y6i0KS8Fm7AEeYdzFJSmX.html\">Kimi Raikkonen ausente<\/a>\u00a0.<\/p>\n\n\n\n<p>La carrera inicial de Yuki Tsunoda fue interrumpida por cinturones de seguridad sueltos y una pelea rueda a rueda con Nikita Mazepin, pero se recuper\u00f3 para terminar 14\u00ba para AlphaTauri, por delante de Esteban Ocon de Alpine.<\/p>\n\n\n\n<p>George Russell llev\u00f3 una c\u00e1mara montada en el casco para darnos una vista en primera persona de su ritmo en el Williams, el piloto con destino a Mercedes termin\u00f3 17\u00ba en la FP1 despu\u00e9s de haber pasado gran parte de la sesi\u00f3n en los duros.&nbsp;Su compa\u00f1ero de equipo Nicholas Latifi fue 18\u00ba, dejando a la pareja de Haas Mazepin (19\u00ba) y Mick Schumacher (20\u00ba) para completar la clasificaci\u00f3n.<\/p>\n\n\n\n<p><strong><a href=\"https:\/\/www.formula1.com\/en\/latest\/article.after-a-glut-of-driver-news-its-time-to-focus-on-racing-but-will-the-f1.7M2MVn2M7CbWNuwLtg1Ec7.html\">LEER M\u00c1S: Despu\u00e9s de una gran cantidad de noticias de pilotos, es hora de concentrarse en las carreras, pero \u00bfel F1 Sprint sacudir\u00e1 la pelea por el t\u00edtulo en Monza?<\/a><\/strong><\/p>\n\n\n\n<p>La acci\u00f3n viene densa y r\u00e1pida con la clasificaci\u00f3n, que establecer\u00e1 la parrilla\u00a0<a href=\"https:\/\/www.formula1.com\/en\/latest\/article.everything-you-need-to-know-about-the-f1-sprint-format-as-it-returns-this.6UbqdBk5NcJ2maGFiTSQv8.html\">para el Sprint del s\u00e1bado,<\/a>\u00a0a las 1800 hora local.\u00a0\u00bfQui\u00e9n se llevar\u00e1 el premio Pirelli Speed \u200b\u200bKing en Monza?\u00a0Est\u00e9n atentos a F1.com para averiguarlo &#8230;<\/p>\n\n\n\n<p>Fuente: https:\/\/www.formula1.com\/en\/latest\/article.fp1-hamilton-leads-verstappen-in-first-practice-before-qualifying-at-monza.3Rin4nsx0lzHsDmR9MKBHr.html<\/p>\n","protected":false},"excerpt":{"rendered":"<p>F1 La primera y \u00fanica sesi\u00f3n de pr\u00e1ctica antes de la calificaci\u00f3n en Monza vio a Lewis Hamilton terminar m\u00e1s [&hellip;]<\/p>\n","protected":false},"author":1,"featured_media":12916,"comment_status":"open","ping_status":"open","sticky":false,"template":"","format":"standard","meta":{"site-sidebar-layout":"default","site-content-layout":"","ast-site-content-layout":"default","site-content-style":"default","site-sidebar-style":"default","ast-global-header-display":"","ast-banner-title-visibility":"","ast-main-header-display":"","ast-hfb-above-header-display":"","ast-hfb-below-header-display":"","ast-hfb-mobile-header-display":"","site-post-title":"","ast-breadcrumbs-content":"","ast-featured-img":"","footer-sml-layout":"","theme-transparent-header-meta":"","adv-header-id-meta":"","stick-header-meta":"","header-above-stick-meta":"","header-main-stick-meta":"","header-below-stick-meta":"","astra-migrate-meta-layouts":"default","ast-page-background-enabled":"default","ast-page-background-meta":{"desktop":{"background-color":"var(--ast-global-color-4)","background-image":"","background-repeat":"repeat","background-position":"center center","background-size":"auto","background-attachment":"scroll","background-type":"","background-media":"","overlay-type":"","overlay-color":"","overlay-opacity":"","overlay-gradient":""},"tablet":{"background-color":"","background-image":"","background-repeat":"repeat","background-position":"center center","background-size":"auto","background-attachment":"scroll","background-type":"","background-media":"","overlay-type":"","overlay-color":"","overlay-opacity":"","overlay-gradient":""},"mobile":{"background-color":"","background-image":"","background-repeat":"repeat","background-position":"center center","background-size":"auto","background-attachment":"scroll","background-type":"","background-media":"","overlay-type":"","overlay-color":"","overlay-opacity":"","overlay-gradient":""}},"ast-content-background-meta":{"desktop":{"background-color":"var(--ast-global-color-5)","background-image":"","background-repeat":"repeat","background-position":"center center","background-size":"auto","background-attachment":"scroll","background-type":"","background-media":"","overlay-type":"","overlay-color":"","overlay-opacity":"","overlay-gradient":""},"tablet":{"background-color":"var(--ast-global-color-5)","background-image":"","background-repeat":"repeat","background-position":"center center","background-size":"auto","background-attachment":"scroll","background-type":"","background-media":"","overlay-type":"","overlay-color":"","overlay-opacity":"","overlay-gradient":""},"mobile":{"background-color":"var(--ast-global-color-5)","background-image":"","background-repeat":"repeat","background-position":"center center","background-size":"auto","background-attachment":"scroll","background-type":"","background-media":"","overlay-type":"","overlay-color":"","overlay-opacity":"","overlay-gradient":""}},"footnotes":""},"categories":[8],"tags":[276,465,3946,1400,1634,466],"class_list":["post-12915","post","type-post","status-publish","format-standard","has-post-thumbnail","hentry","category-noticias","tag-checo-perez","tag-f1","tag-gp-monza","tag-lewis-hamilton","tag-max-verstappen","tag-red-bull"],"_links":{"self":[{"href":"https:\/\/losperiodistas.com.mx\/portal\/wp-json\/wp\/v2\/posts\/12915","targetHints":{"allow":["GET"]}}],"collection":[{"href":"https:\/\/losperiodistas.com.mx\/portal\/wp-json\/wp\/v2\/posts"}],"about":[{"href":"https:\/\/losperiodistas.com.mx\/portal\/wp-json\/wp\/v2\/types\/post"}],"author":[{"embeddable":true,"href":"https:\/\/losperiodistas.com.mx\/portal\/wp-json\/wp\/v2\/users\/1"}],"replies":[{"embeddable":true,"href":"https:\/\/losperiodistas.com.mx\/portal\/wp-json\/wp\/v2\/comments?post=12915"}],"version-history":[{"count":1,"href":"https:\/\/losperiodistas.com.mx\/portal\/wp-json\/wp\/v2\/posts\/12915\/revisions"}],"predecessor-version":[{"id":12917,"href":"https:\/\/losperiodistas.com.mx\/portal\/wp-json\/wp\/v2\/posts\/12915\/revisions\/12917"}],"wp:featuredmedia":[{"embeddable":true,"href":"https:\/\/losperiodistas.com.mx\/portal\/wp-json\/wp\/v2\/media\/12916"}],"wp:attachment":[{"href":"https:\/\/losperiodistas.com.mx\/portal\/wp-json\/wp\/v2\/media?parent=12915"}],"wp:term":[{"taxonomy":"category","embeddable":true,"href":"https:\/\/losperiodistas.com.mx\/portal\/wp-json\/wp\/v2\/categories?post=12915"},{"taxonomy":"post_tag","embeddable":true,"href":"https:\/\/losperiodistas.com.mx\/portal\/wp-json\/wp\/v2\/tags?post=12915"}],"curies":[{"name":"wp","href":"https:\/\/api.w.org\/{rel}","templated":true}]}}