{"id":129018,"date":"2026-08-21T18:47:34","date_gmt":"2026-08-22T00:47:34","guid":{"rendered":"https:\/\/losperiodistas.com.mx\/portal\/?p=129018"},"modified":"2026-08-21T18:47:35","modified_gmt":"2026-08-22T00:47:35","slug":"el-mayo-penso-que-lo-tirarian-del-avion-dice-su-abogado-a-la-times-este-es-el-ascenso-y-caida-del-piloto-el-jando-el-universal","status":"publish","type":"post","link":"https:\/\/losperiodistas.com.mx\/portal\/el-mayo-penso-que-lo-tirarian-del-avion-dice-su-abogado-a-la-times-este-es-el-ascenso-y-caida-del-piloto-el-jando-el-universal\/","title":{"rendered":"\u00abEl Mayo pens\u00f3 que lo tirar\u00edan del avi\u00f3n\u00bb dice su abogado a LA Times; este es el ascenso y ca\u00edda del piloto \u00abEl Jando\u00bb | El Universal"},"content":{"rendered":"\n<p>El medio cita a Jonathan Savella, abogado del piloto, quien dijo que no pod\u00eda \u00abni confirmar ni negar\u00bb si su cliente est\u00e1 cooperando con las autoridades de EU<\/p>\n\n\n\n<figure class=\"wp-block-image size-large\"><img fetchpriority=\"high\" decoding=\"async\" width=\"1024\" height=\"631\" src=\"https:\/\/losperiodistas.com.mx\/portal\/wp-content\/uploads\/2026\/08\/imagen-80-1024x631.png\" alt=\"\" class=\"wp-image-129019\" srcset=\"https:\/\/losperiodistas.com.mx\/portal\/wp-content\/uploads\/2026\/08\/imagen-80-1024x631.png 1024w, https:\/\/losperiodistas.com.mx\/portal\/wp-content\/uploads\/2026\/08\/imagen-80-300x185.png 300w, https:\/\/losperiodistas.com.mx\/portal\/wp-content\/uploads\/2026\/08\/imagen-80-768x474.png 768w, https:\/\/losperiodistas.com.mx\/portal\/wp-content\/uploads\/2026\/08\/imagen-80.png 1080w\" sizes=\"(max-width: 1024px) 100vw, 1024px\" \/><figcaption class=\"wp-element-caption\">Mauro Alberto N\u00fa\u00f1ez Ojeda, \u00abEl Jando\u00bb, ligado al env\u00edo de \u00abEl Mayo\u00bb Zambada a EU. Foto: Defensa<\/figcaption><\/figure>\n\n\n\n<p class=\"has-vivid-red-color has-text-color has-link-color wp-elements-cab97658665eb7f68dad0e4d8c05ca1a\">Agencias<\/p>\n\n\n\n<p><strong>Mauro Alberto N\u00fa\u00f1ez Ojeda<\/strong>, alias \u201c<strong>El Jando<\/strong>\u201d, es el piloto que traslad\u00f3 a <strong>Ismael \u00abEl Mayo\u00bb Zambada<\/strong> y a\u00a0<strong>Joaqu\u00edn \u00abEl Chapito\u00bb Guzm\u00e1n<\/strong>\u00a0<strong>L\u00f3pez<\/strong>, a Estados Unidos;\u00a0<em>Los Angeles Times<\/em>\u00a0cita al abogado de Zambada, Frank Perez, quien dice que su cliente reconoci\u00f3 a \u00abEl Jando\u00bb y tem\u00eda que ese vuelo fuera el \u00faltimo.<\/p>\n\n\n\n<p>\u201c\u00c9l pens\u00f3 que Joaqu\u00edn lo iba a tirar del avi\u00f3n\u201d, dijo P\u00e9rez al diario estadounidense.<\/p>\n\n\n\n<p>\u201cPero Joaqu\u00edn le dijo: \u2018No, no te voy a tirar del avi\u00f3n\u2019. Le dijo: \u2018Te voy a llevar a Estados Unidos. Voy a conseguir un buen trato. Voy a recibir tres a\u00f1os de c\u00e1rcel y t\u00fa ir\u00e1s a prisi\u00f3n igual que mi padre\u2019\u201d.<\/p>\n\n\n\n<p><strong>Guzm\u00e1n L\u00f3pez se declar\u00f3 culpable\u00a0<\/strong>en Chicago de cargos federales de\u00a0<strong>narcotr\u00e1fico<\/strong>. Seg\u00fan el medio, \u00abdocumentos judiciales indican que accedi\u00f3 a cooperar con los investigadores y a testificar en los\u00a0<strong>juicios<\/strong>, pero las autoridades estadounidenses sostienen que no recibir\u00e1 ning\u00fan beneficio ni reducci\u00f3n de pena por el\u00a0<strong>secuestro de Zambada<\/strong>\u00ab.<\/p>\n\n\n\n<p>\u00abEl Jando\u00bb pas\u00f3 desapercibido durante a\u00f1os y ahora se enfrenta a una\u00a0<strong>pena m\u00ednima\u00a0<\/strong>de 10 a\u00f1os de prisi\u00f3n federal tras declararse culpable en abril de los cargos de conspiraci\u00f3n para el\u00a0<strong>tr\u00e1fico de drogas\u00a0<\/strong>en EU; aunque su defensa, Jonathan Savella, dijo al medio citado que no pod\u00eda \u00abni confirmar ni negar\u00bb si su cliente est\u00e1 cooperando.<\/p>\n\n\n\n<h2 class=\"wp-block-heading\">\u201cTiene un aura especial\u201d; los inicios de \u00abEl Jando\u00bb<\/h2>\n\n\n\n<p>\u00abEl Jando\u00bb \u201ctiene un aura especial\u201d, dijo una fuente a Keegan Hamilton de Los Angeles Times. \u201cSi hubiera nacido en Estados Unidos, ser\u00eda el director ejecutivo de una empresa o un ni\u00f1o prodigio. Es una l\u00e1stima que haya nacido en ese entorno. Triunfar\u00eda en cualquier parte\u201d.<\/p>\n\n\n\n<p>Cuando el piloto era adolescente, comenz\u00f3 su carrera como&nbsp;<strong>traficante&nbsp;<\/strong>de poca monta, transportando a pie mochilas llenas de drogas hasta el desierto de&nbsp;<strong>Arizona<\/strong>, para luego regresar a M\u00e9xico sin ser detectado por la&nbsp;<strong>Patrulla Fronteriza<\/strong>&nbsp;de Estados Unidos, dice el medio.<\/p>\n\n\n\n<p>\u201cEs inteligente por naturaleza, simp\u00e1tico por naturaleza, ingenioso por naturaleza y un excelente mensajero de drogas\u201d, dijo la fuente.<\/p>\n\n\n\n<p>En el c\u00e1rtel, siempre seg\u00fan la fuente al medio, lo enviaron a una escuela de vuelo en\u00a0<strong>Culiac\u00e1n<\/strong>, la capital del estado de Sinaloa. Obtuvo su licencia de piloto y comenz\u00f3 el peligroso trabajo de aterrizar en\u00a0<strong>pistas clandestinas<\/strong>\u00a0escondidas en lo profundo de la\u00a0<strong>Sierra Madre<\/strong>.<\/p>\n\n\n\n<p>Su nexo con el c\u00e1rtel se remonta al menos a enero de 2014 y lo llev\u00f3 a Costa Rica, Ecuador y otras partes de Am\u00e9rica Latina, indica un documento ante el Tribunal de Distrito de Estados Unidos en Washington.<\/p>\n\n\n\n<p>Tambi\u00e9n aprendi\u00f3 a pilotar helic\u00f3pteros y, seg\u00fan el documento judicial, fue ascendido a \u00absupervisar la operaci\u00f3n de una flota de aeronaves y personal en nombre del\u00a0<strong>C\u00e1rtel de Sinaloa<\/strong>, incluidos mec\u00e1nicos, pilotos y trabajadores de mantenimiento que daban servicio a las aeronaves\u00bb.<\/p>\n\n\n\n<p>Siempre seg\u00fan el medio, \u00abEl Jando\u00bb era responsable de transportar en avi\u00f3n a&nbsp;<strong>altos cargos del c\u00e1rtel&nbsp;<\/strong>a reuniones importantes y de ayudarlos a evadir la captura cuando las autoridades los acorralaban, seg\u00fan consta en los documentos judiciales. Tambi\u00e9n transportaba armas a grupos \u00abinvolucrados en conflictos armados con miembros de c\u00e1rteles rivales y subgrupos enfrentados dentro del&nbsp;<strong>C\u00e1rtel de Sinaloa<\/strong>\u00ab.<\/p>\n\n\n\n<p>Seg\u00fan recuerda el medio, tambi\u00e9n particip\u00f3 cuando una avioneta arroj\u00f3 explosivos improvisados\u200b\u200b sobre ranchos en las monta\u00f1as del estado de&nbsp;<strong>Durango<\/strong>, con el objetivo de atacar bastiones conocidos de la banda&nbsp;<strong>Zambada<\/strong>.<\/p>\n\n\n\n<p>El medio a\u00f1ade que \u00aba principios de este a\u00f1o, la Fiscal\u00eda General de M\u00e9xico afirm\u00f3 que los funcionarios desconoc\u00edan la verdadera identidad de Jando y su papel en el caso Zambada hasta hace poco\u00bb.<\/p>\n\n\n\n<p>Fuente: <a href=\"https:\/\/www.eluniversal.com.mx\/mundo\/el-mayo-penso-que-lo-tirarian-del-avion-dice-su-abogado-a-los-angeles-times-este-es-el-ascenso-y-caida-del-piloto-el-jando\/\" target=\"_blank\" rel=\"noreferrer noopener\">El Universal<\/a><\/p>\n","protected":false},"excerpt":{"rendered":"<p>El medio cita a Jonathan Savella, abogado del piloto, quien dijo que no pod\u00eda \u00abni confirmar ni negar\u00bb si su cliente est\u00e1 cooperando con las autoridades de EU<\/p>\n","protected":false},"author":1,"featured_media":129019,"comment_status":"open","ping_status":"open","sticky":false,"template":"","format":"standard","meta":{"site-sidebar-layout":"default","site-content-layout":"","ast-site-content-layout":"default","site-content-style":"default","site-sidebar-style":"default","ast-global-header-display":"","ast-banner-title-visibility":"","ast-main-header-display":"","ast-hfb-above-header-display":"","ast-hfb-below-header-display":"","ast-hfb-mobile-header-display":"","site-post-title":"","ast-breadcrumbs-content":"","ast-featured-img":"","footer-sml-layout":"","theme-transparent-header-meta":"","adv-header-id-meta":"","stick-header-meta":"","header-above-stick-meta":"","header-main-stick-meta":"","header-below-stick-meta":"","astra-migrate-meta-layouts":"default","ast-page-background-enabled":"default","ast-page-background-meta":{"desktop":{"background-color":"var(--ast-global-color-4)","background-image":"","background-repeat":"repeat","background-position":"center center","background-size":"auto","background-attachment":"scroll","background-type":"","background-media":"","overlay-type":"","overlay-color":"","overlay-opacity":"","overlay-gradient":""},"tablet":{"background-color":"","background-image":"","background-repeat":"repeat","background-position":"center center","background-size":"auto","background-attachment":"scroll","background-type":"","background-media":"","overlay-type":"","overlay-color":"","overlay-opacity":"","overlay-gradient":""},"mobile":{"background-color":"","background-image":"","background-repeat":"repeat","background-position":"center center","background-size":"auto","background-attachment":"scroll","background-type":"","background-media":"","overlay-type":"","overlay-color":"","overlay-opacity":"","overlay-gradient":""}},"ast-content-background-meta":{"desktop":{"background-color":"var(--ast-global-color-5)","background-image":"","background-repeat":"repeat","background-position":"center center","background-size":"auto","background-attachment":"scroll","background-type":"","background-media":"","overlay-type":"","overlay-color":"","overlay-opacity":"","overlay-gradient":""},"tablet":{"background-color":"var(--ast-global-color-5)","background-image":"","background-repeat":"repeat","background-position":"center center","background-size":"auto","background-attachment":"scroll","background-type":"","background-media":"","overlay-type":"","overlay-color":"","overlay-opacity":"","overlay-gradient":""},"mobile":{"background-color":"var(--ast-global-color-5)","background-image":"","background-repeat":"repeat","background-position":"center center","background-size":"auto","background-attachment":"scroll","background-type":"","background-media":"","overlay-type":"","overlay-color":"","overlay-opacity":"","overlay-gradient":""}},"footnotes":""},"categories":[8],"tags":[19271,52509,52508,52511,52510,2428],"class_list":["post-129018","post","type-post","status-publish","format-standard","has-post-thumbnail","hentry","category-noticias","tag-el-chapito","tag-el-jando","tag-el-mayo","tag-guzman-lopez","tag-jonathan-savella","tag-narcotrafico"],"_links":{"self":[{"href":"https:\/\/losperiodistas.com.mx\/portal\/wp-json\/wp\/v2\/posts\/129018","targetHints":{"allow":["GET"]}}],"collection":[{"href":"https:\/\/losperiodistas.com.mx\/portal\/wp-json\/wp\/v2\/posts"}],"about":[{"href":"https:\/\/losperiodistas.com.mx\/portal\/wp-json\/wp\/v2\/types\/post"}],"author":[{"embeddable":true,"href":"https:\/\/losperiodistas.com.mx\/portal\/wp-json\/wp\/v2\/users\/1"}],"replies":[{"embeddable":true,"href":"https:\/\/losperiodistas.com.mx\/portal\/wp-json\/wp\/v2\/comments?post=129018"}],"version-history":[{"count":1,"href":"https:\/\/losperiodistas.com.mx\/portal\/wp-json\/wp\/v2\/posts\/129018\/revisions"}],"predecessor-version":[{"id":129020,"href":"https:\/\/losperiodistas.com.mx\/portal\/wp-json\/wp\/v2\/posts\/129018\/revisions\/129020"}],"wp:featuredmedia":[{"embeddable":true,"href":"https:\/\/losperiodistas.com.mx\/portal\/wp-json\/wp\/v2\/media\/129019"}],"wp:attachment":[{"href":"https:\/\/losperiodistas.com.mx\/portal\/wp-json\/wp\/v2\/media?parent=129018"}],"wp:term":[{"taxonomy":"category","embeddable":true,"href":"https:\/\/losperiodistas.com.mx\/portal\/wp-json\/wp\/v2\/categories?post=129018"},{"taxonomy":"post_tag","embeddable":true,"href":"https:\/\/losperiodistas.com.mx\/portal\/wp-json\/wp\/v2\/tags?post=129018"}],"curies":[{"name":"wp","href":"https:\/\/api.w.org\/{rel}","templated":true}]}}