{"id":128974,"date":"2026-08-21T07:36:17","date_gmt":"2026-08-21T13:36:17","guid":{"rendered":"https:\/\/losperiodistas.com.mx\/portal\/?p=128974"},"modified":"2026-08-21T07:36:19","modified_gmt":"2026-08-21T13:36:19","slug":"autismo-y-sacerdocio-como-esta-respondiendo-la-iglesia-aci","status":"publish","type":"post","link":"https:\/\/losperiodistas.com.mx\/portal\/autismo-y-sacerdocio-como-esta-respondiendo-la-iglesia-aci\/","title":{"rendered":"Autismo y sacerdocio: \u00bfC\u00f3mo est\u00e1 respondiendo la Iglesia? | ACI"},"content":{"rendered":"\n<figure class=\"wp-block-image size-large\"><img fetchpriority=\"high\" decoding=\"async\" width=\"1024\" height=\"640\" src=\"https:\/\/losperiodistas.com.mx\/portal\/wp-content\/uploads\/2026\/08\/Altar-iglesia-Shutterstock-210826_upuesq-1024x640.jpg\" alt=\"\" class=\"wp-image-128975\" srcset=\"https:\/\/losperiodistas.com.mx\/portal\/wp-content\/uploads\/2026\/08\/Altar-iglesia-Shutterstock-210826_upuesq-1024x640.jpg 1024w, https:\/\/losperiodistas.com.mx\/portal\/wp-content\/uploads\/2026\/08\/Altar-iglesia-Shutterstock-210826_upuesq-300x188.jpg 300w, https:\/\/losperiodistas.com.mx\/portal\/wp-content\/uploads\/2026\/08\/Altar-iglesia-Shutterstock-210826_upuesq-768x480.jpg 768w, https:\/\/losperiodistas.com.mx\/portal\/wp-content\/uploads\/2026\/08\/Altar-iglesia-Shutterstock-210826_upuesq-1536x960.jpg 1536w, https:\/\/losperiodistas.com.mx\/portal\/wp-content\/uploads\/2026\/08\/Altar-iglesia-Shutterstock-210826_upuesq.jpg 1600w\" sizes=\"(max-width: 1024px) 100vw, 1024px\" \/><figcaption class=\"wp-element-caption\">Cr\u00e9dito: Davi Correa \/ Shutterstock.<\/figcaption><\/figure>\n\n\n\n<p><a href=\"https:\/\/www.aciprensa.com\/autor\/463\/matt-mcdonald\"><\/a><\/p>\n\n\n\n<p class=\"has-medium-font-size\"><strong>Por\u00a0<a href=\"https:\/\/www.aciprensa.com\/autor\/463\/matt-mcdonald\">Matt McDonald<\/a> \/ ACI Prensa<\/strong><\/p>\n\n\n\n<p>El psic\u00f3logo y di\u00e1cono cat\u00f3lico Lawrence Sutton trabaj\u00f3 en una ocasi\u00f3n con un seminarista \u2014actualmente p\u00e1rroco\u2014 que hac\u00eda la genuflexi\u00f3n ante el Sant\u00edsimo Sacramento, pero parec\u00eda un soldadito de juguete al realizarla.<\/p>\n\n\n\n<p>El joven no s\u00f3lo llamaba la atenci\u00f3n por su movimiento inusual, sino que tampoco comprend\u00eda por qu\u00e9 su forma de hacerlo resultaba tan llamativa. Su trastorno del espectro autista (TEA) le imped\u00eda realizar el movimiento de llevar la rodilla hasta el suelo de la manera acostumbrada.<\/p>\n\n\n\n<p>El di\u00e1cono Sutton,&nbsp;<a href=\"https:\/\/deaconlarryonautism.com\/about\/\">director de formaci\u00f3n preteol\u00f3gica<\/a>&nbsp;en el Saint Vincent College and Seminary de Latrobe, Pennsylvania (Estados Unidos), tiene m\u00e1s de 25 a\u00f1os de experiencia en el tratamiento del autismo, una condici\u00f3n del neurodesarrollo que afecta la manera en que una persona se relaciona con los dem\u00e1s y experimenta el mundo. En vez de ignorar la costumbre del joven o recomendarle que abandonara el seminario, el di\u00e1cono insisti\u00f3 en que imitara el movimiento m\u00e1s fluido que realizaban los dem\u00e1s seminaristas y que la mayor\u00eda de los cat\u00f3licos aprende desde peque\u00f1os.<\/p>\n\n\n\n<p>\u201cY en apenas unas semanas pas\u00f3 inadvertido desde ese punto de vista\u201d, declar\u00f3 el di\u00e1cono Sutton al National Catholic Register. \u201cNo entend\u00eda por qu\u00e9 ten\u00eda que hacerlo, pero eso no era lo importante\u201d.<\/p>\n\n\n\n<p>El di\u00e1cono Sutton, especialista en discapacidades del desarrollo, ha observado con frecuencia este tipo de dificultades en el seminario: caracter\u00edsticas relacionadas con el autismo que podr\u00edan plantear obst\u00e1culos para un futuro sacerdote.<\/p>\n\n\n\n<p>Los l\u00edderes de la Iglesia est\u00e1n examinando el asunto con urgencia, pues el aumento de la identificaci\u00f3n del autismo en toda la sociedad ha suscitado nuevas preguntas sobre la preparaci\u00f3n y evaluaci\u00f3n de los candidatos al seminario que se encuentran dentro del espectro.<\/p>\n\n\n\n<p>Seg\u00fan los datos m\u00e1s recientes de los Centros para el Control y la Prevenci\u00f3n de Enfermedades, en 2022 uno de cada 31 ni\u00f1os hab\u00eda sido identificado con TEA, m\u00e1s del doble de la cifra registrada en 2001.<\/p>\n\n\n\n<p>De acuerdo con un informe de&nbsp;<a href=\"https:\/\/www.ncregister.com\/news\/us-seminaries-need-to-improve-screening-support-for-priesthood-candidates\">julio de 2026<\/a>&nbsp;del Instituto McGrath para la Vida de la Iglesia de la Universidad de Notre Dame, este aumento ha coincidido con un creciente n\u00famero de seminaristas que presentan caracter\u00edsticas relacionadas con el autismo, entre ellas \u201cdificultad para interpretar se\u00f1ales sociales, rigidez cognitiva y emocional\u201d, as\u00ed como \u201cdeficiencias en las funciones ejecutivas\u201d, que se refieren a la capacidad de organizar y completar tareas.<\/p>\n\n\n\n<p>El estudio del Instituto McGrath constat\u00f3 que muchos seminarios cat\u00f3licos carecen de los recursos necesarios para acompa\u00f1ar y evaluar a los seminaristas que se encuentran dentro del espectro autista. Tambi\u00e9n se\u00f1al\u00f3 que los obispos de Estados Unidos parecen estar divididos respecto de c\u00f3mo abordar a estos candidatos al sacerdocio.<\/p>\n\n\n\n<p>El 20 % de los obispos dijo que no ordenar\u00eda a hombres descritos como personas \u201ccon autismo de alto funcionamiento\u201d, pero que \u201cno captan algunas se\u00f1ales sociales importantes\u201d, seg\u00fan una&nbsp;<a href=\"https:\/\/2077093.fs1.hubspotusercontent-na1.net\/hubfs\/2077093\/2025%20Cara%20Report%20on%20Evaluating%20the%20Church%27s%20Practices%20in%20Assessing%20the%20Suitability%20of%20Candidates%20for%20Holy%20Orders.pdf\">encuesta<\/a>&nbsp;publicada en junio de 2025 por el Centro de Investigaci\u00f3n Aplicada al Apostolado (CARA, por sus siglas en ingl\u00e9s) de la Universidad de Georgetown. Otro 57 % considera que esta condici\u00f3n es \u201cpreocupante\u201d, pero no descalificante por s\u00ed sola, mientras que el 18 % dijo no estar seguro.<\/p>\n\n\n\n<p>El Register entrevist\u00f3 recientemente a sacerdotes cat\u00f3licos dentro del espectro autista, as\u00ed como a psic\u00f3logos que trabajan con seminarios. Algunos se\u00f1alaron que, si bien comprenden las preocupaciones de los obispos que consideran a los seminaristas como futuros pastores encargados de dirigir parroquias, los candidatos con autismo deben ser evaluados caso por caso.<\/p>\n\n\n\n<h2 class=\"wp-block-heading\">Diversidad de desaf\u00edos<\/h2>\n\n\n\n<p>Los desaf\u00edos relacionados con el autismo en el sacerdocio var\u00edan de un hombre a otro porque esta condici\u00f3n permanente se manifiesta de manera diferente en cada persona dentro del espectro.<\/p>\n\n\n\n<p>El P. Mark Nolette, de 67 a\u00f1os y sacerdote de la Di\u00f3cesis de Portland, Maine, declar\u00f3 al Register que encontr\u00f3 dif\u00edciles algunos aspectos de la vida parroquial durante sus cerca de 16 a\u00f1os de ministerio. Por ejemplo, describi\u00f3 el hecho de escuchar confesiones un s\u00e1bado por la tarde y celebrar Misa a continuaci\u00f3n como algo \u201cagotador hasta el punto de resultar doloroso\u201d.<\/p>\n\n\n\n<p>Aunque celebrar Misa \u201ces el centro de mi vida como sacerdote\u201d, declar\u00f3 el P. Nolette al Register, su \u201climitada energ\u00eda social\u201d exige ciertas estrategias para poder celebrar Misas p\u00fablicas. Entre ellas se encuentran no mirar directamente a ninguna persona mientras predica y tomarse un tiempo \u201ctanto antes como despu\u00e9s de celebrar las Misas para reunir la energ\u00eda necesaria y luego recuperarla\u201d.<\/p>\n\n\n\n<p>El P. Nolette no fue diagnosticado hasta m\u00e1s de 25 a\u00f1os despu\u00e9s de su ordenaci\u00f3n.<\/p>\n\n\n\n<p>En el caso del P. Matthew Schneider, de los Legionarios de Cristo, su autismo s\u00f3lo se hizo evidente para \u00e9l despu\u00e9s de que, siendo un sacerdote reci\u00e9n ordenado, una escuela cat\u00f3lica le pidiera que no regresara para un segundo a\u00f1o como capell\u00e1n porque no captaba las se\u00f1ales sociales. Ese rechazo lo tom\u00f3 por sorpresa y finalmente condujo a su diagn\u00f3stico.<\/p>\n\n\n\n<p>\u201cSab\u00eda que socialmente no era el mejor, pero tampoco era alguien completamente incapaz de relacionarme con los dem\u00e1s\u201d, declar\u00f3 al Register el P. Schneider, quien actualmente supera los 40 a\u00f1os. \u201cAs\u00ed que no necesariamente lo ve\u00eda como un problema tan grande como podr\u00edan considerarlo otras personas\u201d.<\/p>\n\n\n\n<p>Las diversas experiencias de los sacerdotes con autismo muestran cu\u00e1n distinta puede ser la manera en que esta condici\u00f3n afecta a cada persona, lo que dificulta juzgar la idoneidad de un candidato bas\u00e1ndose \u00fanicamente en el diagn\u00f3stico.<\/p>\n\n\n\n<p>\u201cCuando es profundo, resulta muy evidente\u201d, se\u00f1al\u00f3 Timothy Lock, psic\u00f3logo del Seminario Saint Joseph en Dunwoodie, Nueva York, y coautor del informe del Instituto McGrath. \u201cPero la mayor\u00eda de los casos de los que estamos hablando se sit\u00faan en el rango leve, por lo que es muy dif\u00edcil tomar una decisi\u00f3n\u201d.<\/p>\n\n\n\n<p>El Instituto McGrath cre\u00f3 un grupo de trabajo para estudiar c\u00f3mo debe evaluar y acompa\u00f1ar la Iglesia a los candidatos autistas al sacerdocio.<\/p>\n\n\n\n<h2 class=\"wp-block-heading\">El apoyo necesario<\/h2>\n\n\n\n<p>Cuando era sacerdote diocesano y trabajaba tanto en la canciller\u00eda como en parroquias, el P. Nolette tuvo conflictos ocasionales con funcionarios diocesanos \u201cque interpretaban mi necesidad de adaptaciones como \u2018pereza\u2019 o \u2018una actitud antisocial\u2019 y luego consideraban que la soluci\u00f3n era simplemente que yo \u2018me esforzara m\u00e1s\u2019\u201d, declar\u00f3 por correo electr\u00f3nico al Register.<\/p>\n\n\n\n<p>\u201c\u00bfLe dir\u00edan a un hombre sordo que podr\u00eda escuchar si tan s\u00f3lo se esforzara m\u00e1s?\u201d, pregunt\u00f3 el sacerdote, quien actualmente lleva una vida contemplativa como ermita\u00f1o cerca de Rochester, Nueva York, donde colabora desde 2021 con un ministerio llamado&nbsp;<a href=\"https:\/\/autismconsecrated.com\/\">Autism Consecrated<\/a>.<\/p>\n\n\n\n<p>El di\u00e1cono Sutton calcula que ha trabajado con unos 30 seminaristas autistas, de los cuales s\u00f3lo uno tuvo que abandonar el seminario. Los dem\u00e1s fueron ordenados sacerdotes.<\/p>\n\n\n\n<p>\u201cRealmente son bastante buenos\u201d, afirm\u00f3 el di\u00e1cono Sutton, autor de&nbsp;<a href=\"https:\/\/www.amazon.com\/Autism-Holy-Orders-Seminarians-Effective\/dp\/1950607127\/ref=sr_1_1?sr=8-1\"><em>Autismo y \u00f3rdenes sagradas: C\u00f3mo ayudar a los seminaristas con autismo a convertirse en sacerdotes eficaces<\/em><\/a>&nbsp;(2022). \u201cSi se les pide que hagan algo [\u2026] lo har\u00e1n, lo terminar\u00e1n y lo har\u00e1n bien\u201d.<\/p>\n\n\n\n<p>Sutton afirm\u00f3 que la clave consiste en desarrollar estrategias para las situaciones sociales que los hombres dentro del espectro autista puedan aprender y aplicar.<\/p>\n\n\n\n<p>\u201cQuieren hacer las cosas bien. Y se sienten decepcionados cuando no lo consiguen\u201d, se\u00f1al\u00f3 el di\u00e1cono Sutton. \u201cS\u00f3lo se trata de dedicarles ese tiempo y tener paciencia\u201d.<\/p>\n\n\n\n<h2 class=\"wp-block-heading\">Tareas espec\u00edficas<\/h2>\n\n\n\n<p>Sin embargo, las tareas encomendadas a los sacerdotes autistas pueden ser tan importantes como la preparaci\u00f3n que reciben.<\/p>\n\n\n\n<p>El P. Schneider, quien no se considera un posible p\u00e1rroco, ha desempe\u00f1ado otras funciones, entre ellas las de las de&nbsp;<a href=\"https:\/\/holyapostles.edu\/faculty\/mathew-schneider\/\">formador y profesor<\/a>&nbsp;en el Holy Apostles College and Seminary de Cromwell, Connecticut, y comentarista cat\u00f3lico en plataformas de redes sociales como X \u2014antes conocida como Twitter\u2014, donde tiene&nbsp;<a href=\"https:\/\/x.com\/FrMatthewLC\">m\u00e1s de 87.000 seguidores<\/a>.<\/p>\n\n\n\n<p>El P. Schneider tambi\u00e9n es presidente de&nbsp;<a href=\"https:\/\/www.autisticcatholics.org\/\">Autistic Catholics<\/a>&nbsp;y autor de&nbsp;<a href=\"https:\/\/paulinestore.com\/god-loves-the-autistic-mind-qs1007924-200223.html\"><em>Dios ama la mente autista: Gu\u00eda de oraci\u00f3n para quienes est\u00e1n dentro del espectro y quienes nos aman<\/em><\/a>&nbsp;(2022).<\/p>\n\n\n\n<p>Al igual que el P. Schneider, el P. Charles Robinson, de 39 a\u00f1os, no cree que pudiera servir eficazmente en una parroquia debido a su autismo. Sin embargo, su comunidad religiosa, los Franciscanos de la Inmaculada, le ofrece oportunidades fuera del \u00e1mbito parroquial y actualmente cursa un doctorado en teolog\u00eda dogm\u00e1tica en Roma.<\/p>\n\n\n\n<p>El P. Robinson, diagnosticado con autismo cuando era ni\u00f1o y que recibi\u00f3 apoyo desde una edad temprana, afirm\u00f3 que probablemente la mayor\u00eda de las personas no sospechar\u00eda que tiene esta condici\u00f3n.<\/p>\n\n\n\n<p>Tambi\u00e9n se\u00f1al\u00f3 que, si bien algunas personas pueden quejarse de que su forma de expresarse es r\u00edgida y de que sus homil\u00edas son demasiado largas, su autismo tambi\u00e9n conlleva ciertas ventajas, entre ellas \u201cun poco m\u00e1s de empat\u00eda\u201d hacia lo que denomin\u00f3 \u201cel sector exc\u00e9ntrico\u201d.<\/p>\n\n\n\n<p>El P. Robinson reconoci\u00f3 que los obispos con escasez de sacerdotes pueden preferir hombres capaces de asumir r\u00e1pidamente la direcci\u00f3n de parroquias, pero los exhort\u00f3 a considerar otras funciones. Contrast\u00f3 al \u201csacerdote boina verde\u201d, que puede ser destinado a casi cualquier situaci\u00f3n y adaptarse, con un sacerdote cuyo margen de desenvolvimiento social es m\u00e1s limitado, pero que aun as\u00ed puede servir eficazmente a una di\u00f3cesis.<\/p>\n\n\n\n<p>El P. Nolette tambi\u00e9n se\u00f1al\u00f3 que, si bien algunos hombres autistas podr\u00edan desenvolverse bien en las parroquias, otros pueden ser aptos para la docencia, el trabajo en una canciller\u00eda o las capellan\u00edas en c\u00e1rceles y hospitales.<\/p>\n\n\n\n<h2 class=\"wp-block-heading\">Evaluaci\u00f3n caso por caso<\/h2>\n\n\n\n<p>El P. Schneider reconoci\u00f3 que un diagn\u00f3stico de autismo justifica una evaluaci\u00f3n m\u00e1s profunda, pero sostuvo que no deber\u00eda conducir a un rechazo autom\u00e1tico.<\/p>\n\n\n\n<p>\u201cEs razonable decir: \u2018Bien, examinemos esto. Veamos si constituye un obst\u00e1culo\u2019. Pero convertirlo autom\u00e1ticamente en un impedimento, como hizo un peque\u00f1o porcentaje de los obispos, creo que es injusto para un buen n\u00famero de hombres autistas que podr\u00edan ser buenos sacerdotes\u201d, afirm\u00f3 el P. Schneider, en referencia a la encuesta del CARA.<\/p>\n\n\n\n<p>Para poner las cosas en perspectiva, el P. Robinson se\u00f1al\u00f3 que incluso las grandes diferencias de capacidad entre las personas con y sin autismo son \u201cmenores que la diferencia entre nosotros ahora y el estado de los bienaventurados despu\u00e9s de la resurrecci\u00f3n\u201d.<\/p>\n\n\n\n<p>\u201cPodr\u00eda decirse que, en cierto sentido, aqu\u00ed abajo todos somos un poco autistas\u201d.<\/p>\n\n\n\n<p><em>Art\u00edculo publicado originalmente en el&nbsp;<a href=\"https:\/\/www.ncregister.com\/news\/mcdonald-autism-priesthood\">National Catholic Register<\/a>. Traducido y adaptado por el equipo de ACI Prensa.<\/em><\/p>\n\n\n\n<p>Fuente: <a href=\"https:\/\/www.aciprensa.com\/noticias\/127871\/autismo-sacerdocio-como-responde-iglesia-formacion-seminarios\">https:\/\/www.aciprensa.com\/noticias\/127871\/autismo-sacerdocio-como-responde-iglesia-formacion-seminarios<\/a><\/p>\n","protected":false},"excerpt":{"rendered":"<p>Por\u00a0Matt McDonald \/ ACI Prensa El psic\u00f3logo y di\u00e1cono cat\u00f3lico Lawrence Sutton trabaj\u00f3 en una ocasi\u00f3n con un seminarista \u2014actualmente [&hellip;]<\/p>\n","protected":false},"author":1,"featured_media":128975,"comment_status":"open","ping_status":"open","sticky":false,"template":"","format":"standard","meta":{"site-sidebar-layout":"default","site-content-layout":"","ast-site-content-layout":"default","site-content-style":"default","site-sidebar-style":"default","ast-global-header-display":"","ast-banner-title-visibility":"","ast-main-header-display":"","ast-hfb-above-header-display":"","ast-hfb-below-header-display":"","ast-hfb-mobile-header-display":"","site-post-title":"","ast-breadcrumbs-content":"","ast-featured-img":"","footer-sml-layout":"","theme-transparent-header-meta":"","adv-header-id-meta":"","stick-header-meta":"","header-above-stick-meta":"","header-main-stick-meta":"","header-below-stick-meta":"","astra-migrate-meta-layouts":"default","ast-page-background-enabled":"default","ast-page-background-meta":{"desktop":{"background-color":"var(--ast-global-color-4)","background-image":"","background-repeat":"repeat","background-position":"center center","background-size":"auto","background-attachment":"scroll","background-type":"","background-media":"","overlay-type":"","overlay-color":"","overlay-opacity":"","overlay-gradient":""},"tablet":{"background-color":"","background-image":"","background-repeat":"repeat","background-position":"center center","background-size":"auto","background-attachment":"scroll","background-type":"","background-media":"","overlay-type":"","overlay-color":"","overlay-opacity":"","overlay-gradient":""},"mobile":{"background-color":"","background-image":"","background-repeat":"repeat","background-position":"center center","background-size":"auto","background-attachment":"scroll","background-type":"","background-media":"","overlay-type":"","overlay-color":"","overlay-opacity":"","overlay-gradient":""}},"ast-content-background-meta":{"desktop":{"background-color":"var(--ast-global-color-5)","background-image":"","background-repeat":"repeat","background-position":"center center","background-size":"auto","background-attachment":"scroll","background-type":"","background-media":"","overlay-type":"","overlay-color":"","overlay-opacity":"","overlay-gradient":""},"tablet":{"background-color":"var(--ast-global-color-5)","background-image":"","background-repeat":"repeat","background-position":"center center","background-size":"auto","background-attachment":"scroll","background-type":"","background-media":"","overlay-type":"","overlay-color":"","overlay-opacity":"","overlay-gradient":""},"mobile":{"background-color":"var(--ast-global-color-5)","background-image":"","background-repeat":"repeat","background-position":"center center","background-size":"auto","background-attachment":"scroll","background-type":"","background-media":"","overlay-type":"","overlay-color":"","overlay-opacity":"","overlay-gradient":""}},"footnotes":""},"categories":[8],"tags":[16412,52487,52486,37083],"class_list":["post-128974","post","type-post","status-publish","format-standard","has-post-thumbnail","hentry","category-noticias","tag-autismo","tag-iglesia-catolica-estados-unidos","tag-sacerdocio-y-autismo","tag-tea"],"_links":{"self":[{"href":"https:\/\/losperiodistas.com.mx\/portal\/wp-json\/wp\/v2\/posts\/128974","targetHints":{"allow":["GET"]}}],"collection":[{"href":"https:\/\/losperiodistas.com.mx\/portal\/wp-json\/wp\/v2\/posts"}],"about":[{"href":"https:\/\/losperiodistas.com.mx\/portal\/wp-json\/wp\/v2\/types\/post"}],"author":[{"embeddable":true,"href":"https:\/\/losperiodistas.com.mx\/portal\/wp-json\/wp\/v2\/users\/1"}],"replies":[{"embeddable":true,"href":"https:\/\/losperiodistas.com.mx\/portal\/wp-json\/wp\/v2\/comments?post=128974"}],"version-history":[{"count":1,"href":"https:\/\/losperiodistas.com.mx\/portal\/wp-json\/wp\/v2\/posts\/128974\/revisions"}],"predecessor-version":[{"id":128976,"href":"https:\/\/losperiodistas.com.mx\/portal\/wp-json\/wp\/v2\/posts\/128974\/revisions\/128976"}],"wp:featuredmedia":[{"embeddable":true,"href":"https:\/\/losperiodistas.com.mx\/portal\/wp-json\/wp\/v2\/media\/128975"}],"wp:attachment":[{"href":"https:\/\/losperiodistas.com.mx\/portal\/wp-json\/wp\/v2\/media?parent=128974"}],"wp:term":[{"taxonomy":"category","embeddable":true,"href":"https:\/\/losperiodistas.com.mx\/portal\/wp-json\/wp\/v2\/categories?post=128974"},{"taxonomy":"post_tag","embeddable":true,"href":"https:\/\/losperiodistas.com.mx\/portal\/wp-json\/wp\/v2\/tags?post=128974"}],"curies":[{"name":"wp","href":"https:\/\/api.w.org\/{rel}","templated":true}]}}