{"id":128969,"date":"2026-08-21T07:15:38","date_gmt":"2026-08-21T13:15:38","guid":{"rendered":"https:\/\/losperiodistas.com.mx\/portal\/?p=128969"},"modified":"2026-08-21T07:15:40","modified_gmt":"2026-08-21T13:15:40","slug":"opinion-morales-alducin-polo-de-lara-camarillo-sindicato","status":"publish","type":"post","link":"https:\/\/losperiodistas.com.mx\/portal\/opinion-morales-alducin-polo-de-lara-camarillo-sindicato\/","title":{"rendered":"Opini\u00f3n | Morales Alducin; Polo de Lara; Camarillo; Sindicato"},"content":{"rendered":"\n<p class=\"has-medium-font-size\">*Aspira a la Alcald\u00eda por el PAN; l\u00edder de ANOMAC; informe senatorial; aniversario bur\u00f3crata<\/p>\n\n\n\n<figure class=\"wp-block-image size-large\"><img fetchpriority=\"high\" decoding=\"async\" width=\"1024\" height=\"666\" src=\"https:\/\/losperiodistas.com.mx\/portal\/wp-content\/uploads\/2026\/08\/EL-INFORME-DE-CAMARILLO-1024x666.jpg\" alt=\"\" class=\"wp-image-128970\" srcset=\"https:\/\/losperiodistas.com.mx\/portal\/wp-content\/uploads\/2026\/08\/EL-INFORME-DE-CAMARILLO-1024x666.jpg 1024w, https:\/\/losperiodistas.com.mx\/portal\/wp-content\/uploads\/2026\/08\/EL-INFORME-DE-CAMARILLO-300x195.jpg 300w, https:\/\/losperiodistas.com.mx\/portal\/wp-content\/uploads\/2026\/08\/EL-INFORME-DE-CAMARILLO-768x499.jpg 768w, https:\/\/losperiodistas.com.mx\/portal\/wp-content\/uploads\/2026\/08\/EL-INFORME-DE-CAMARILLO.jpg 1280w\" sizes=\"(max-width: 1024px) 100vw, 1024px\" \/><\/figure>\n\n\n\n<p class=\"has-vivid-red-color has-text-color has-link-color has-medium-font-size wp-elements-4865f9003ac6cfcf5a7f44570e7f0aa1\"><strong><em>Por Ra\u00fal Torres Salmer\u00f3n \/ Sin L\u00edmites<\/em><\/strong><\/p>\n\n\n\n<p>El pol\u00edtico poblano Jorge Morales Alducin, el famoso \u201cprimo inc\u00f3modo\u201d del ex Gobernador Melquiades Morales Flores, es ahora militante del PAN y regresa al escenario poblano dispuesto a hacer pol\u00edtica y hace un diagn\u00f3stico de la situaci\u00f3n actual de Puebla Capital.<\/p>\n\n\n\n<p>En reuni\u00f3n con un grupo de columnistas en la Fonda Margarita de la 5 poniente, el aspirante panista a la Alcald\u00eda, entre otras frases, expresa las siguientes:<\/p>\n\n\n\n<p>-No puedo dar a conocer un plan, porque me acusar\u00edan de hacer actos anticipados de campa\u00f1a, pero hay 4 prioridades: Inseguridad, falta de m\u00e9dicos y medicinas y proporcionar educaci\u00f3n a los j\u00f3venes y m\u00e1s empleos.<\/p>\n\n\n\n<p>-El Gobierno Federal destruye la econom\u00eda, no hay oportunidad de desarrollo, no podemos seguir divididos entre pobres y ricos, todos los mexicanos somos hermanos. Las c\u00e1maras del Congreso de la Uni\u00f3n se han vuelto un ring de box y lucha.<\/p>\n\n\n\n<p>-Se ha rebajado el nivel de la pol\u00edtica en M\u00e9xico.<\/p>\n\n\n\n<p>-Soy el hombre de las palabras inc\u00f3modas. Mario Riestra, Gabriela Ruiz Ben\u00edtez y Manolo Herrera, del PAN, me invitaron a participar desde principios de a\u00f1o. Nunca pens\u00e9 que el PAN me invitara y que yo aceptara.<\/p>\n\n\n\n<p>-El PAN es de los partidos menos sucios, le ganan Morena y el PRI. He recorrido todos los partidos. Lo m\u00e1s satisfactorio es tomar la decisi\u00f3n pol\u00edtica para mejorar las condiciones del pa\u00eds.<\/p>\n\n\n\n<p>-Respecto al ex Gobernador Melquiades Morales, en cuya \u00e9poca me han llamado el primo incomodo, debo decir que esa frase me agrada, me distingue.<\/p>\n\n\n\n<p>-Lo que el PAN busca a nivel nacional y local es ganar elecciones y busca candidatos que triunfen. Quiere recuperar posiciones perdidas, tener candidatos que sepan convencer para ganar.<\/p>\n\n\n\n<p>-\u00bfDe revolucionario a reaccionario? No he cambiado, soy revolucionario y defiendo a la familia, a la patria y la libertad. Tengo 56 a\u00f1os de hacer pol\u00edtica.<\/p>\n\n\n\n<p>-Cuando sea presidente municipal hare visitas diarias sin avisar a oficinas. para ver quienes trabajan, quienes faltan, premiar a los mejores.<\/p>\n\n\n\n<p>-Se necesitan m\u00e1s mercados, organizar a los vendedores ambulantes, debe prevalecer dialogo y convencerlos, hay que pensar en volver a los mercados sobre ruedas. Jorge Murad, Gabriel Hinojosa y Mario Mar\u00edn fueron buenos alcaldes, hay que repetir lo bueno y evitar lo malo.<\/p>\n\n\n\n<p>-Hay que gobernar con mano suave y amable. Hace falta oficio pol\u00edtico en la actualidad. Antes la pol\u00edtica era un arte, de principios, de valores, para ayudar a la gente. Hay que saber pasar a la historia y dejar un buen nombre.<\/p>\n\n\n\n<p>Finalmente asegura que hay pol\u00edticos buenos y pol\u00edticos chatarra.<\/p>\n\n\n\n<p><strong>LIDERAZGO EN LOS CONGRESOS<\/strong><\/p>\n\n\n\n<p>Tras establecer un espacio de di\u00e1logo e intercambio de ideas para fortalecer la profesionalizaci\u00f3n de las \u00e1reas t\u00e9cnicas de los Poderes Legislativos en las entidades federativas, concluyeron los trabajos de la XXIX Asamblea de la Asociaci\u00f3n Nacional de Oficiales Mayores de los Congresos de los Estados (ANOMAC), realizada en Puebla.<\/p>\n\n\n\n<p>El Secretario de Asuntos Parlamentarios del Congreso del Estado de M\u00e9xico y Presidente saliente de la ANOMAC, Javier Dom\u00ednguez Morales, destac\u00f3 que la organizaci\u00f3n inicia una nueva etapa, con la convicci\u00f3n de servir mejor y robustecer los trabajos al interior de los Poderes Legislativos, con mejores pr\u00e1cticas y nuevos m\u00e9todos expuestos durante la Asamblea Nacional.<\/p>\n\n\n\n<p>En la clausura de la Asamblea Nacional, rindi\u00f3 protesta la nueva mesa directiva de la ANOMAC, la cual encabeza el Secretario General del Congreso de Puebla, Julio Leopoldo de Lara Valera y durante su mensaje, expuso que las \u00e1reas t\u00e9cnicas realizan una labor fundamental, que debe transformarse y fortalecerse, en apoyo a las y los legisladores, as\u00ed como en beneficio de la ciudadan\u00eda.<\/p>\n\n\n\n<p>Finalmente, el pres\u00eddium entreg\u00f3 reconocimientos a Oficiales Mayores, Secretarias y Secretarios Generales de los Congresos de los Estados, as\u00ed como a quienes desempe\u00f1aron esta labor en el pasado y participaron en la Asamblea Nacional.<\/p>\n\n\n\n<p><strong>EL INFORME DE CAMARILLO<\/strong><\/p>\n\n\n\n<p>Ante cientos de asistentes, el Senador de la Rep\u00fablica N\u00e9stor Camarillo Medina, ahora militante de Movimiento Ciudadano (MC), rindi\u00f3 el Segundo Informe de labores legislativas, donde destaca la presentaci\u00f3n de 79 iniciativas de ley, 146 puntos de acuerdo presentados con 13 asuntos aprobados.<\/p>\n\n\n\n<p>En el evento, el pol\u00edtico fue arropado por figuras nacionales del partido naranja, como Jorge \u00c1lvarez M\u00e1ynez, Luis Donaldo Colosio y Clemente Casta\u00f1eda, quienes respaldaron las aspiraciones pol\u00edticas del emecista, luego de que dijo no tener miedo de enfrentar a Morena en las urnas.<\/p>\n\n\n\n<p>En su discurso, que ofreci\u00f3 en el Centro Mexicano Liban\u00e9s de Puebla, N\u00e9stor Camarillo destac\u00f3 que present\u00f3 79 iniciativas, de las cuales 22 corresponden a propuestas individuales y 57 fueron promovidas de manera conjunta, cifra que lo coloca como el Senador de MC con mayor n\u00famero de iniciativas presentadas y con presencia internacional en Davos en el Foro Econ\u00f3mico Mundial, en la Universidad de Harvard y asistencias al Parlatino en Panam\u00e1, al Parlamento Europeo en Bruselas y a la C\u00e1mara de Diputados de Madrid.<\/p>\n\n\n\n<p>En el Centro Mexicano Liban\u00e9s, estuvieron los senadores de MC, Clemente Casta\u00f1eda, Coordinador de la Bancada; Luis Donaldo Colosio y el dirigente nacional Jorge \u00c1lvarez M\u00e1ynez.<\/p>\n\n\n\n<p><strong>FESTEJO DEL SINDICATO BUR\u00d3CRATA<\/strong><\/p>\n\n\n\n<p>El Gobierno del Estado, encabezado por Alejandro Armenta Mier, ha mostrado una relaci\u00f3n fraternal y de respeto con los integrantes del Sindicato de Trabajadores al Servicio de los Poderes del Estado de Puebla y Organismos Descentralizados, que se ha reflejado en un incremento salarial global del 9 por ciento, afirm\u00f3 la Secretaria General Martha Rodr\u00edguez Salinas.<\/p>\n\n\n\n<p>Durante la celebraci\u00f3n del 62 aniversario del gremio, la lideresa sindical reconoci\u00f3 la preocupaci\u00f3n del mandatario estatal y el humanismo que ha mostrado con este sector en todo momento y ante m\u00e1s de 3 mil asistentes, agradeci\u00f3 a los Secretarios del Gabinete y Jefes de \u00c1reas la apertura para resolver los problemas que se presentan.<\/p>\n\n\n\n<p>Finalmente detall\u00f3 que el incremento ser\u00e1 del 4.5 por ciento directo al salario y la misma cantidad en prestaciones para llegar el 9 por ciento, lo cual no se presentaba durante muchos a\u00f1os anteriores.<\/p>\n\n\n\n<p>El representante del Gobernador, Rafael Moreno Valle Buitr\u00f3n, Director de la Comisi\u00f3n Estatal de Vivienda, reconoci\u00f3 la labor de los sindicalizado.<\/p>\n\n\n\n<p>En fin, como escribi\u00f3 Elizabeth Alexander (Estados Unidos, 1962), la Canci\u00f3n de Alabanza del D\u00eda:<\/p>\n\n\n\n<p>S\u00e9 que<\/p>\n\n\n\n<p>nos espera algo mejor.<\/p>\n\n\n\n<p>Necesitamos encontrar un lugar seguro.<\/p>\n\n\n\n<p>Nos adentramos en lo desconocido.<\/p>\n\n\n\n<p>raultorress@hotmail.com<\/p>\n\n\n\n<hr class=\"wp-block-separator has-alpha-channel-opacity\"\/>\n\n\n\n<p><strong>+ OPINI\u00d3N : Las opiniones expresadas son responsabilidad del autor<\/strong><\/p>\n","protected":false},"excerpt":{"rendered":"<p>*Aspira a la Alcald\u00eda por el PAN; l\u00edder de ANOMAC; informe senatorial; aniversario bur\u00f3crata Por Ra\u00fal Torres Salmer\u00f3n \/ Sin [&hellip;]<\/p>\n","protected":false},"author":1,"featured_media":128970,"comment_status":"open","ping_status":"open","sticky":false,"template":"","format":"standard","meta":{"site-sidebar-layout":"default","site-content-layout":"","ast-site-content-layout":"default","site-content-style":"default","site-sidebar-style":"default","ast-global-header-display":"","ast-banner-title-visibility":"","ast-main-header-display":"","ast-hfb-above-header-display":"","ast-hfb-below-header-display":"","ast-hfb-mobile-header-display":"","site-post-title":"","ast-breadcrumbs-content":"","ast-featured-img":"","footer-sml-layout":"","theme-transparent-header-meta":"","adv-header-id-meta":"","stick-header-meta":"","header-above-stick-meta":"","header-main-stick-meta":"","header-below-stick-meta":"","astra-migrate-meta-layouts":"default","ast-page-background-enabled":"default","ast-page-background-meta":{"desktop":{"background-color":"var(--ast-global-color-4)","background-image":"","background-repeat":"repeat","background-position":"center center","background-size":"auto","background-attachment":"scroll","background-type":"","background-media":"","overlay-type":"","overlay-color":"","overlay-opacity":"","overlay-gradient":""},"tablet":{"background-color":"","background-image":"","background-repeat":"repeat","background-position":"center center","background-size":"auto","background-attachment":"scroll","background-type":"","background-media":"","overlay-type":"","overlay-color":"","overlay-opacity":"","overlay-gradient":""},"mobile":{"background-color":"","background-image":"","background-repeat":"repeat","background-position":"center center","background-size":"auto","background-attachment":"scroll","background-type":"","background-media":"","overlay-type":"","overlay-color":"","overlay-opacity":"","overlay-gradient":""}},"ast-content-background-meta":{"desktop":{"background-color":"var(--ast-global-color-5)","background-image":"","background-repeat":"repeat","background-position":"center center","background-size":"auto","background-attachment":"scroll","background-type":"","background-media":"","overlay-type":"","overlay-color":"","overlay-opacity":"","overlay-gradient":""},"tablet":{"background-color":"var(--ast-global-color-5)","background-image":"","background-repeat":"repeat","background-position":"center center","background-size":"auto","background-attachment":"scroll","background-type":"","background-media":"","overlay-type":"","overlay-color":"","overlay-opacity":"","overlay-gradient":""},"mobile":{"background-color":"var(--ast-global-color-5)","background-image":"","background-repeat":"repeat","background-position":"center center","background-size":"auto","background-attachment":"scroll","background-type":"","background-media":"","overlay-type":"","overlay-color":"","overlay-opacity":"","overlay-gradient":""}},"footnotes":""},"categories":[8,19],"tags":[52484,52485,8548],"class_list":["post-128969","post","type-post","status-publish","format-standard","has-post-thumbnail","hentry","category-noticias","category-sin-limites-2","tag-anomac","tag-jorge-morales-alducin","tag-nestor-camarillo"],"_links":{"self":[{"href":"https:\/\/losperiodistas.com.mx\/portal\/wp-json\/wp\/v2\/posts\/128969","targetHints":{"allow":["GET"]}}],"collection":[{"href":"https:\/\/losperiodistas.com.mx\/portal\/wp-json\/wp\/v2\/posts"}],"about":[{"href":"https:\/\/losperiodistas.com.mx\/portal\/wp-json\/wp\/v2\/types\/post"}],"author":[{"embeddable":true,"href":"https:\/\/losperiodistas.com.mx\/portal\/wp-json\/wp\/v2\/users\/1"}],"replies":[{"embeddable":true,"href":"https:\/\/losperiodistas.com.mx\/portal\/wp-json\/wp\/v2\/comments?post=128969"}],"version-history":[{"count":1,"href":"https:\/\/losperiodistas.com.mx\/portal\/wp-json\/wp\/v2\/posts\/128969\/revisions"}],"predecessor-version":[{"id":128971,"href":"https:\/\/losperiodistas.com.mx\/portal\/wp-json\/wp\/v2\/posts\/128969\/revisions\/128971"}],"wp:featuredmedia":[{"embeddable":true,"href":"https:\/\/losperiodistas.com.mx\/portal\/wp-json\/wp\/v2\/media\/128970"}],"wp:attachment":[{"href":"https:\/\/losperiodistas.com.mx\/portal\/wp-json\/wp\/v2\/media?parent=128969"}],"wp:term":[{"taxonomy":"category","embeddable":true,"href":"https:\/\/losperiodistas.com.mx\/portal\/wp-json\/wp\/v2\/categories?post=128969"},{"taxonomy":"post_tag","embeddable":true,"href":"https:\/\/losperiodistas.com.mx\/portal\/wp-json\/wp\/v2\/tags?post=128969"}],"curies":[{"name":"wp","href":"https:\/\/api.w.org\/{rel}","templated":true}]}}