{"id":128966,"date":"2026-08-20T21:43:53","date_gmt":"2026-08-21T03:43:53","guid":{"rendered":"https:\/\/losperiodistas.com.mx\/portal\/?p=128966"},"modified":"2026-08-20T21:43:55","modified_gmt":"2026-08-21T03:43:55","slug":"federacion-mexicana-de-futbol-presenta-su-nuevo-modelo-deportivo-la-unica-forma-de-ascender-sera-como-el-atlante-el-universal","status":"publish","type":"post","link":"https:\/\/losperiodistas.com.mx\/portal\/federacion-mexicana-de-futbol-presenta-su-nuevo-modelo-deportivo-la-unica-forma-de-ascender-sera-como-el-atlante-el-universal\/","title":{"rendered":"Federaci\u00f3n Mexicana de Futbol presenta su nuevo modelo deportivo; la \u00fanica forma de ascender ser\u00e1 como el Atlante | El Universal"},"content":{"rendered":"\n<p>El mecanismo para ingresar a la Primera Divisi\u00f3n se modific\u00f3 por mandato de la Asamblea de Due\u00f1os<\/p>\n\n\n\n<figure class=\"wp-block-image size-large\"><img fetchpriority=\"high\" decoding=\"async\" width=\"1024\" height=\"631\" src=\"https:\/\/losperiodistas.com.mx\/portal\/wp-content\/uploads\/2026\/08\/Futbol-1024x631.png\" alt=\"\" class=\"wp-image-128967\" srcset=\"https:\/\/losperiodistas.com.mx\/portal\/wp-content\/uploads\/2026\/08\/Futbol-1024x631.png 1024w, https:\/\/losperiodistas.com.mx\/portal\/wp-content\/uploads\/2026\/08\/Futbol-300x185.png 300w, https:\/\/losperiodistas.com.mx\/portal\/wp-content\/uploads\/2026\/08\/Futbol-768x473.png 768w, https:\/\/losperiodistas.com.mx\/portal\/wp-content\/uploads\/2026\/08\/Futbol.png 1351w\" sizes=\"(max-width: 1024px) 100vw, 1024px\" \/><figcaption class=\"wp-element-caption\">Foto: Imago7<\/figcaption><\/figure>\n\n\n\n<p class=\"has-vivid-red-color has-text-color has-link-color wp-elements-cacad1377b16b76d9452639b5bcdcdd2\">Maria Davalos Soriano \/ El Universal<\/p>\n\n\n\n<p>La <strong>Federaci\u00f3n Mexicana de Futbol<\/strong> (FMF) present\u00f3 su nuevo modelo deportivo, donde la <strong>Liga de Expansi\u00f3n <\/strong>encabezar\u00e1 una pir\u00e1mide conformada por la Liga Premier, la Liga TDP y el sector amateur. En este formato, <strong>la \u00fanica posibilidad para ascender a la Primera Divisi\u00f3n ser\u00e1 de la misma forma que lo hizo Atlante<\/strong>: por el \u201ccumplimiento de los requerimientos establecidos\u201d.<\/p>\n\n\n\n<p>Este a\u00f1o, tras descender en el 2014, los Potros de Hierro regresaron a la <strong>Liga MX <\/strong>despu\u00e9s de comprar el certificado de afiliaci\u00f3n de Mazatl\u00e1n.<\/p>\n\n\n\n<p>Esa ser\u00e1 la \u00fanica manera de ascender, al menos, hasta que se centralicen los derechos de transmisi\u00f3n. De acuerdo a la <strong>Federaci\u00f3n Mexicana de Futbol<\/strong>, se analizar\u00e1n otros esquemas una vez que se cumpla dicho objetivo.<\/p>\n\n\n\n<p>El mecanismo para ingresar a la Primera Divisi\u00f3n<strong> se modific\u00f3 por mandato de la Asamblea de Due\u00f1os<\/strong>, de acuerdo a palabras de <strong>Francisco Iturbide<\/strong>, presidente de la <strong>Liga MX<\/strong>.<\/p>\n\n\n\n<p>En este nuevo modelo, la <strong>Liga MX <\/strong>\u201ciniciar\u00e1 una nueva etapa institucional con un Gobierno Corporativo fortalecido, mayor capacidad de gesti\u00f3n y mejores condiciones para generar valor y relacionarse con el resto de la estructura\u201d, donde conectar\u00e1 con la pir\u00e1mide encabezada por la <strong>Liga de Expansi\u00f3n <\/strong>\u201cpor competencias conjuntas, filiales, estandarizaci\u00f3n de academias, inversi\u00f3n y procesos de formaci\u00f3n, adem\u00e1s de proyecci\u00f3n de talento\u201d.<\/p>\n\n\n\n<figure class=\"wp-block-embed is-type-rich is-provider-x wp-block-embed-x\"><div class=\"wp-block-embed__wrapper\">\n<blockquote class=\"twitter-tweet\" data-width=\"500\" data-dnt=\"true\"><p lang=\"es\" dir=\"ltr\">La Federaci\u00f3n Mexicana de Futbol presenta su Nuevo Modelo Deportivo. \u26bd <a href=\"https:\/\/t.co\/nEulKhkr9d\">pic.twitter.com\/nEulKhkr9d<\/a><\/p>&mdash; Federaci\u00f3n Mexicana de Futbol (@FMF) <a href=\"https:\/\/x.com\/FMF\/status\/2090446339444261215?ref_src=twsrc%5Etfw\">August 20, 2026<\/a><\/blockquote><script async src=\"https:\/\/platform.x.com\/widgets.js\" charset=\"utf-8\"><\/script>\n<\/div><\/figure>\n\n\n\n<p>A trav\u00e9s de un comunicado, la <strong>Federaci\u00f3n Mexicana de Futbol<\/strong> detall\u00f3 que el modelo se implementar\u00e1 de manera inmediata y que avanzar\u00e1 por etapas. A lo largo del 2026 y 2027 realizar\u00e1 mesas de di\u00e1logo con los actores involucrados, respaldado por la aprobaci\u00f3n de los 18 equipos de la <strong>Liga MX<\/strong>, as\u00ed como los dirigentes de la <strong>Liga Premier<\/strong>, la <strong>Liga TDP <\/strong>y el sector amateur.<\/p>\n\n\n\n<p>Si bien tiene la aprobaci\u00f3n de \u00abuna amplia mayor\u00eda\u00bb de los clubes de la <strong>Liga de Expansi\u00f3n<\/strong>, contin\u00faan las manifestaciones para exigir el regreso del ascenso y descenso en el futbol mexicano. Recientemente, los <strong>Leones<\/strong> <strong>Negros <\/strong>protestaron con una manta bajo la leyenda de \u00abRugimos por el ascenso\u00bb.<\/p>\n\n\n\n<p>\u201cEl futbol mexicano necesita una estructura que se conecte mejor, que sea m\u00e1s competitiva y que genere m\u00e1s oportunidades. Este modelo convierte esa visi\u00f3n en una ruta concreta: <strong>una pir\u00e1mide deportiva alineada, clubes m\u00e1s s\u00f3lidos y caminos m\u00e1s claros para los jugadores<\/strong>. La implementaci\u00f3n avanzar\u00e1 por etapas, con reglas claras y trabajo conjunto entre las divisiones\u201d, sentenci\u00f3 <strong>Ivar Sisniega<\/strong>, presidente de la <strong>Federaci\u00f3n Mexicana de Futbol<\/strong>.<\/p>\n\n\n\n<p>Fuente: <a href=\"https:\/\/www.eluniversal.com.mx\/deportes\/federacion-mexicana-de-futbol-presenta-su-nuevo-modelo-deportivo-la-unica-forma-de-ascender-sera-como-el-atlante\/\" target=\"_blank\" rel=\"noreferrer noopener\">El Universal<\/a><\/p>\n","protected":false},"excerpt":{"rendered":"<p>El mecanismo para ingresar a la Primera Divisi\u00f3n se modific\u00f3 por mandato de la Asamblea de Due\u00f1os<\/p>\n","protected":false},"author":1,"featured_media":128967,"comment_status":"open","ping_status":"open","sticky":false,"template":"","format":"standard","meta":{"site-sidebar-layout":"default","site-content-layout":"","ast-site-content-layout":"default","site-content-style":"default","site-sidebar-style":"default","ast-global-header-display":"","ast-banner-title-visibility":"","ast-main-header-display":"","ast-hfb-above-header-display":"","ast-hfb-below-header-display":"","ast-hfb-mobile-header-display":"","site-post-title":"","ast-breadcrumbs-content":"","ast-featured-img":"","footer-sml-layout":"","theme-transparent-header-meta":"","adv-header-id-meta":"","stick-header-meta":"","header-above-stick-meta":"","header-main-stick-meta":"","header-below-stick-meta":"","astra-migrate-meta-layouts":"default","ast-page-background-enabled":"default","ast-page-background-meta":{"desktop":{"background-color":"var(--ast-global-color-4)","background-image":"","background-repeat":"repeat","background-position":"center center","background-size":"auto","background-attachment":"scroll","background-type":"","background-media":"","overlay-type":"","overlay-color":"","overlay-opacity":"","overlay-gradient":""},"tablet":{"background-color":"","background-image":"","background-repeat":"repeat","background-position":"center center","background-size":"auto","background-attachment":"scroll","background-type":"","background-media":"","overlay-type":"","overlay-color":"","overlay-opacity":"","overlay-gradient":""},"mobile":{"background-color":"","background-image":"","background-repeat":"repeat","background-position":"center center","background-size":"auto","background-attachment":"scroll","background-type":"","background-media":"","overlay-type":"","overlay-color":"","overlay-opacity":"","overlay-gradient":""}},"ast-content-background-meta":{"desktop":{"background-color":"var(--ast-global-color-5)","background-image":"","background-repeat":"repeat","background-position":"center center","background-size":"auto","background-attachment":"scroll","background-type":"","background-media":"","overlay-type":"","overlay-color":"","overlay-opacity":"","overlay-gradient":""},"tablet":{"background-color":"var(--ast-global-color-5)","background-image":"","background-repeat":"repeat","background-position":"center center","background-size":"auto","background-attachment":"scroll","background-type":"","background-media":"","overlay-type":"","overlay-color":"","overlay-opacity":"","overlay-gradient":""},"mobile":{"background-color":"var(--ast-global-color-5)","background-image":"","background-repeat":"repeat","background-position":"center center","background-size":"auto","background-attachment":"scroll","background-type":"","background-media":"","overlay-type":"","overlay-color":"","overlay-opacity":"","overlay-gradient":""}},"footnotes":""},"categories":[8],"tags":[52480,51876,13171,52482,52483,52479,52481],"class_list":["post-128966","post","type-post","status-publish","format-standard","has-post-thumbnail","hentry","category-noticias","tag-ascenso","tag-federacion-mexicana-de-futbol","tag-fmf","tag-liga-premier","tag-liga-tdp","tag-nuevo-modelo-deportivo","tag-primera-division"],"_links":{"self":[{"href":"https:\/\/losperiodistas.com.mx\/portal\/wp-json\/wp\/v2\/posts\/128966","targetHints":{"allow":["GET"]}}],"collection":[{"href":"https:\/\/losperiodistas.com.mx\/portal\/wp-json\/wp\/v2\/posts"}],"about":[{"href":"https:\/\/losperiodistas.com.mx\/portal\/wp-json\/wp\/v2\/types\/post"}],"author":[{"embeddable":true,"href":"https:\/\/losperiodistas.com.mx\/portal\/wp-json\/wp\/v2\/users\/1"}],"replies":[{"embeddable":true,"href":"https:\/\/losperiodistas.com.mx\/portal\/wp-json\/wp\/v2\/comments?post=128966"}],"version-history":[{"count":1,"href":"https:\/\/losperiodistas.com.mx\/portal\/wp-json\/wp\/v2\/posts\/128966\/revisions"}],"predecessor-version":[{"id":128968,"href":"https:\/\/losperiodistas.com.mx\/portal\/wp-json\/wp\/v2\/posts\/128966\/revisions\/128968"}],"wp:featuredmedia":[{"embeddable":true,"href":"https:\/\/losperiodistas.com.mx\/portal\/wp-json\/wp\/v2\/media\/128967"}],"wp:attachment":[{"href":"https:\/\/losperiodistas.com.mx\/portal\/wp-json\/wp\/v2\/media?parent=128966"}],"wp:term":[{"taxonomy":"category","embeddable":true,"href":"https:\/\/losperiodistas.com.mx\/portal\/wp-json\/wp\/v2\/categories?post=128966"},{"taxonomy":"post_tag","embeddable":true,"href":"https:\/\/losperiodistas.com.mx\/portal\/wp-json\/wp\/v2\/tags?post=128966"}],"curies":[{"name":"wp","href":"https:\/\/api.w.org\/{rel}","templated":true}]}}