{"id":128961,"date":"2026-08-20T21:36:44","date_gmt":"2026-08-21T03:36:44","guid":{"rendered":"https:\/\/losperiodistas.com.mx\/portal\/?p=128961"},"modified":"2026-08-20T21:36:46","modified_gmt":"2026-08-21T03:36:46","slug":"primeros-resultados-de-examen-unam-muestran-una-curva-distinta-excelsior","status":"publish","type":"post","link":"https:\/\/losperiodistas.com.mx\/portal\/primeros-resultados-de-examen-unam-muestran-una-curva-distinta-excelsior\/","title":{"rendered":"Primeros resultados de examen UNAM muestran una curva distinta | Exc\u00e9lsior"},"content":{"rendered":"\n<p>A diferencia de la prueba en l\u00ednea, los primeros datos del examen de control muestran una curva que se comporta de manera previsible.<\/p>\n\n\n\n<figure class=\"wp-block-image size-large\"><img fetchpriority=\"high\" decoding=\"async\" width=\"1024\" height=\"663\" src=\"https:\/\/losperiodistas.com.mx\/portal\/wp-content\/uploads\/2026\/08\/ResultadosExamenUNAM-1024x663.png\" alt=\"\" class=\"wp-image-128962\" srcset=\"https:\/\/losperiodistas.com.mx\/portal\/wp-content\/uploads\/2026\/08\/ResultadosExamenUNAM-1024x663.png 1024w, https:\/\/losperiodistas.com.mx\/portal\/wp-content\/uploads\/2026\/08\/ResultadosExamenUNAM-300x194.png 300w, https:\/\/losperiodistas.com.mx\/portal\/wp-content\/uploads\/2026\/08\/ResultadosExamenUNAM-768x497.png 768w, https:\/\/losperiodistas.com.mx\/portal\/wp-content\/uploads\/2026\/08\/ResultadosExamenUNAM.png 1219w\" sizes=\"(max-width: 1024px) 100vw, 1024px\" \/><figcaption class=\"wp-element-caption\">Examen UNAM. Alejandro Aguilar<\/figcaption><\/figure>\n\n\n\n<p class=\"has-vivid-red-color has-text-color has-link-color wp-elements-5e67aeee2b16466b97b2dd3d09988f1a\">Laura Toribio \/ Exc\u00e9lsior<\/p>\n\n\n\n<p>Mientras la Universidad Nacional Aut\u00f3noma de M\u00e9xico (UNAM) todav\u00eda deber\u00e1 completar el an\u00e1lisis de los resultados, los primeros cortes estad\u00edsticos ya muestran un comportamiento distinto al observado en el examen de ingreso aplicado originalmente en l\u00ednea.<\/p>\n\n\n\n<p>El rector Leonardo Lomel\u00ed asegur\u00f3 que los datos preliminares son consistentes con el comportamiento estad\u00edstico de ex\u00e1menes presenciales anteriores.<\/p>\n\n\n\n<figure class=\"wp-block-image size-full\"><img decoding=\"async\" width=\"800\" height=\"450\" src=\"https:\/\/losperiodistas.com.mx\/portal\/wp-content\/uploads\/2026\/08\/imagen-78.png\" alt=\"\" class=\"wp-image-128963\" srcset=\"https:\/\/losperiodistas.com.mx\/portal\/wp-content\/uploads\/2026\/08\/imagen-78.png 800w, https:\/\/losperiodistas.com.mx\/portal\/wp-content\/uploads\/2026\/08\/imagen-78-300x169.png 300w, https:\/\/losperiodistas.com.mx\/portal\/wp-content\/uploads\/2026\/08\/imagen-78-768x432.png 768w\" sizes=\"(max-width: 800px) 100vw, 800px\" \/><figcaption class=\"wp-element-caption\">El rector de la UNAM, Leonardo Lomel\u00ed Vanegas, realiz\u00f3 un recorrido de supervisi\u00f3n en el Palacio de los Deportes, en el \u00faltimo d\u00eda de aplicaci\u00f3n del examen de control para ingreso a licenciatura. ALEJANDRO AGUILAR<\/figcaption><\/figure>\n\n\n\n<p>Explic\u00f3 que, a diferencia de la prueba en l\u00ednea, en la que la Universidad detect\u00f3 una distribuci\u00f3n bimodal en los resultados, los primeros datos del examen de control muestran una curva que se comporta de manera previsible.<\/p>\n\n\n\n<figure class=\"wp-block-image size-full\"><img decoding=\"async\" width=\"800\" height=\"450\" src=\"https:\/\/losperiodistas.com.mx\/portal\/wp-content\/uploads\/2026\/08\/imagen-79.png\" alt=\"\" class=\"wp-image-128964\" srcset=\"https:\/\/losperiodistas.com.mx\/portal\/wp-content\/uploads\/2026\/08\/imagen-79.png 800w, https:\/\/losperiodistas.com.mx\/portal\/wp-content\/uploads\/2026\/08\/imagen-79-300x169.png 300w, https:\/\/losperiodistas.com.mx\/portal\/wp-content\/uploads\/2026\/08\/imagen-79-768x432.png 768w\" sizes=\"(max-width: 800px) 100vw, 800px\" \/><figcaption class=\"wp-element-caption\">Decenas de estudiantes acudieron a la aplicaci\u00f3n del examen de control de la UNAM en el Palacio de los Deportes.ALEJANDRO AGUILAR<\/figcaption><\/figure>\n\n\n\n<p>Para la Universidad, este comportamiento representa un primer elemento de tranquilidad respecto de la validez de los resultados obtenidos en el examen de control.<\/p>\n\n\n\n<p>Sin embargo, el rector aclar\u00f3 que todav\u00eda se realizar\u00e1 todo el an\u00e1lisis estad\u00edstico antes de llevar a cabo la asignaci\u00f3n de lugares. <\/p>\n\n\n\n<h2 class=\"wp-block-heading\">Resultados, el 29 y 30 de agosto<\/h2>\n\n\n\n<p>La UNAM prev\u00e9 publicar los resultados del examen de control el fin de semana del 29 y 30 de agosto.<\/p>\n\n\n\n<p>La intenci\u00f3n es que los aspirantes seleccionados puedan iniciar su proceso de inscripci\u00f3n el 31 de agosto, fecha prevista para el inicio de actividades acad\u00e9micas.<\/p>\n\n\n\n<p>Fuente: <a href=\"https:\/\/www.excelsior.com.mx\/nacional\/primeros-resultados-examen-unam-muestran-curva-distinta\" target=\"_blank\" rel=\"noreferrer noopener\">Exc\u00e9lsior<\/a><\/p>\n","protected":false},"excerpt":{"rendered":"<p>A diferencia de la prueba en l\u00ednea, los primeros datos del examen de control muestran una curva que se comporta de manera previsible.<\/p>\n","protected":false},"author":1,"featured_media":128962,"comment_status":"open","ping_status":"open","sticky":false,"template":"","format":"standard","meta":{"site-sidebar-layout":"default","site-content-layout":"","ast-site-content-layout":"default","site-content-style":"default","site-sidebar-style":"default","ast-global-header-display":"","ast-banner-title-visibility":"","ast-main-header-display":"","ast-hfb-above-header-display":"","ast-hfb-below-header-display":"","ast-hfb-mobile-header-display":"","site-post-title":"","ast-breadcrumbs-content":"","ast-featured-img":"","footer-sml-layout":"","theme-transparent-header-meta":"","adv-header-id-meta":"","stick-header-meta":"","header-above-stick-meta":"","header-main-stick-meta":"","header-below-stick-meta":"","astra-migrate-meta-layouts":"default","ast-page-background-enabled":"default","ast-page-background-meta":{"desktop":{"background-color":"var(--ast-global-color-4)","background-image":"","background-repeat":"repeat","background-position":"center center","background-size":"auto","background-attachment":"scroll","background-type":"","background-media":"","overlay-type":"","overlay-color":"","overlay-opacity":"","overlay-gradient":""},"tablet":{"background-color":"","background-image":"","background-repeat":"repeat","background-position":"center center","background-size":"auto","background-attachment":"scroll","background-type":"","background-media":"","overlay-type":"","overlay-color":"","overlay-opacity":"","overlay-gradient":""},"mobile":{"background-color":"","background-image":"","background-repeat":"repeat","background-position":"center center","background-size":"auto","background-attachment":"scroll","background-type":"","background-media":"","overlay-type":"","overlay-color":"","overlay-opacity":"","overlay-gradient":""}},"ast-content-background-meta":{"desktop":{"background-color":"var(--ast-global-color-5)","background-image":"","background-repeat":"repeat","background-position":"center center","background-size":"auto","background-attachment":"scroll","background-type":"","background-media":"","overlay-type":"","overlay-color":"","overlay-opacity":"","overlay-gradient":""},"tablet":{"background-color":"var(--ast-global-color-5)","background-image":"","background-repeat":"repeat","background-position":"center center","background-size":"auto","background-attachment":"scroll","background-type":"","background-media":"","overlay-type":"","overlay-color":"","overlay-opacity":"","overlay-gradient":""},"mobile":{"background-color":"var(--ast-global-color-5)","background-image":"","background-repeat":"repeat","background-position":"center center","background-size":"auto","background-attachment":"scroll","background-type":"","background-media":"","overlay-type":"","overlay-color":"","overlay-opacity":"","overlay-gradient":""}},"footnotes":""},"categories":[8],"tags":[52478,51865,20376,52477,2672],"class_list":["post-128961","post","type-post","status-publish","format-standard","has-post-thumbnail","hentry","category-noticias","tag-curva-previsible","tag-examen-de-control","tag-leonardo-lomeli","tag-primeros-resultados","tag-unam"],"_links":{"self":[{"href":"https:\/\/losperiodistas.com.mx\/portal\/wp-json\/wp\/v2\/posts\/128961","targetHints":{"allow":["GET"]}}],"collection":[{"href":"https:\/\/losperiodistas.com.mx\/portal\/wp-json\/wp\/v2\/posts"}],"about":[{"href":"https:\/\/losperiodistas.com.mx\/portal\/wp-json\/wp\/v2\/types\/post"}],"author":[{"embeddable":true,"href":"https:\/\/losperiodistas.com.mx\/portal\/wp-json\/wp\/v2\/users\/1"}],"replies":[{"embeddable":true,"href":"https:\/\/losperiodistas.com.mx\/portal\/wp-json\/wp\/v2\/comments?post=128961"}],"version-history":[{"count":1,"href":"https:\/\/losperiodistas.com.mx\/portal\/wp-json\/wp\/v2\/posts\/128961\/revisions"}],"predecessor-version":[{"id":128965,"href":"https:\/\/losperiodistas.com.mx\/portal\/wp-json\/wp\/v2\/posts\/128961\/revisions\/128965"}],"wp:featuredmedia":[{"embeddable":true,"href":"https:\/\/losperiodistas.com.mx\/portal\/wp-json\/wp\/v2\/media\/128962"}],"wp:attachment":[{"href":"https:\/\/losperiodistas.com.mx\/portal\/wp-json\/wp\/v2\/media?parent=128961"}],"wp:term":[{"taxonomy":"category","embeddable":true,"href":"https:\/\/losperiodistas.com.mx\/portal\/wp-json\/wp\/v2\/categories?post=128961"},{"taxonomy":"post_tag","embeddable":true,"href":"https:\/\/losperiodistas.com.mx\/portal\/wp-json\/wp\/v2\/tags?post=128961"}],"curies":[{"name":"wp","href":"https:\/\/api.w.org\/{rel}","templated":true}]}}