{"id":128958,"date":"2026-08-20T21:27:59","date_gmt":"2026-08-21T03:27:59","guid":{"rendered":"https:\/\/losperiodistas.com.mx\/portal\/?p=128958"},"modified":"2026-08-20T21:28:13","modified_gmt":"2026-08-21T03:28:13","slug":"mexico-traslada-desde-argentina-al-contralmirante-fernando-farias-laguna-pieza-clave-en-la-trama-de-contrabando-de-combustible-el-pais","status":"publish","type":"post","link":"https:\/\/losperiodistas.com.mx\/portal\/mexico-traslada-desde-argentina-al-contralmirante-fernando-farias-laguna-pieza-clave-en-la-trama-de-contrabando-de-combustible-el-pais\/","title":{"rendered":"M\u00e9xico traslada desde Argentina al contralmirante Fernando Far\u00edas Laguna, pieza clave en la trama de contrabando de combustible | El Pa\u00eds"},"content":{"rendered":"\n<p>El Gobierno de Claudia Sheinbaum desisti\u00f3 del proceso de extradici\u00f3n del exmarino para acelerar su expulsi\u00f3n. Far\u00edas Laguna fue detenido en abril en Buenos Aires<\/p>\n\n\n\n<figure class=\"wp-block-image size-large\"><img fetchpriority=\"high\" decoding=\"async\" width=\"1024\" height=\"640\" src=\"https:\/\/losperiodistas.com.mx\/portal\/wp-content\/uploads\/2026\/08\/TrasladoFarias-1024x640.png\" alt=\"\" class=\"wp-image-128959\" srcset=\"https:\/\/losperiodistas.com.mx\/portal\/wp-content\/uploads\/2026\/08\/TrasladoFarias-1024x640.png 1024w, https:\/\/losperiodistas.com.mx\/portal\/wp-content\/uploads\/2026\/08\/TrasladoFarias-300x188.png 300w, https:\/\/losperiodistas.com.mx\/portal\/wp-content\/uploads\/2026\/08\/TrasladoFarias-768x480.png 768w, https:\/\/losperiodistas.com.mx\/portal\/wp-content\/uploads\/2026\/08\/TrasladoFarias.png 1201w\" sizes=\"(max-width: 1024px) 100vw, 1024px\" \/><figcaption class=\"wp-element-caption\">Traslado de Fernando Far\u00edas Laguna de Argentina a M\u00e9xico, este jueves.Foto: FGR | V\u00eddeo: FGR<\/figcaption><\/figure>\n\n\n\n<p class=\"has-vivid-red-color has-text-color has-link-color wp-elements-0ca8259775ac41aacee3812ff50ea422\">Micaela Varela \/ El Pa\u00eds<\/p>\n\n\n\n<p>La traves\u00eda criminal de Fernando Far\u00edas Laguna est\u00e1 cerca de llegar a su fin. El excontralmirante, considerado una de las figuras centrales en la trama de corrupci\u00f3n por contrabando de combustible, que toca a la Secretar\u00eda de Marina, ya est\u00e1 en manos de las autoridades mexicanas.\u00a0Far\u00edas Laguna\u00a0est\u00e1 siendo trasladado en un avi\u00f3n militar desde Argentina, donde fue capturado en abril, y se prev\u00e9 que aterrice en las pr\u00f3ximas horas en territorio mexicano, para despu\u00e9s ser llevado a la prisi\u00f3n del Altiplano.<\/p>\n\n\n\n<p>La salida de Far\u00edas Laguna del aeropuerto argentino de Ezeiza fue posible gracias a que el Gobierno mexicano desisti\u00f3 de su proceso de extradici\u00f3n, una v\u00eda que solicit\u00f3 en mayo, pero que iba a consumir meses e incluso a\u00f1os hasta que el acusado de la red de corrupci\u00f3n fuese juzgado en su pa\u00eds. Al retirar el reclamo diplom\u00e1tico, el Gobierno de Javier Milei\u00a0acept\u00f3 expulsar al marino, quien ingres\u00f3 a territorio argentino de manera irregular con un pasaporte guatemalteco.<\/p>\n\n\n\n<p>La Fiscal\u00eda (FGR) ha anunciado la repatriaci\u00f3n del exmilitar. \u201c[la FGR] lleva a cabo el traslado, de Argentina a M\u00e9xico, de Fernando \u201cN\u201d, ex servidor p\u00fablico posiblemente relacionado con una compleja red criminal, dedicada al contrabando, dispersi\u00f3n y distribuci\u00f3n de combustible\u00bb, inform\u00f3 la dependencia en las redes sociales. La Secretar\u00eda de Marina (Semar) asegur\u00f3 por la misma v\u00eda que esta acci\u00f3n muestra el compromiso de la corporaci\u00f3n con el combate a la corrupci\u00f3n. \u201cLa actuaci\u00f3n de personas sujetas a investigaci\u00f3n no representa a las mujeres y hombres que integran la Marina\u201d, se\u00f1ala la Marina.<\/p>\n\n\n\n<p>En la trama de corrupci\u00f3n que ha cimbrado al Gobierno de Claudia Sheinbaum ya se han detenido a 16 personas, 12 exservidores p\u00fablicos y otras 4 eran empleadas por las empresas exportadoras y de transporte. Farias Laguna se unir\u00e1 a su hermano, el exvicealmirante Manuel Roberto, en prisi\u00f3n a la espera de su proceso judicial por dirigir la red que qued\u00f3 al descubierto cuando las autoridades hallaron\u00a0un buque que lleg\u00f3 al puerto de Tampico (Tamaulipas)\u00a0con m\u00e1s de 10 millones de litros de di\u00e9sel de contrabando en junio de 2025.<\/p>\n\n\n\n<p>Los hermanos \u2014con la supuesta protecci\u00f3n de su t\u00edo, el entonces secretario de Marina, Jos\u00e9 Rafael Ojeda Dur\u00e1n\u2014 defraudaron cientos de millones de pesos desde los despachos de la instituci\u00f3n al cargo de la vigilancia de aduanas, usando sus influencias para introducir combustible sin pagar impuestos al pa\u00eds haci\u00e9ndolos pasar como aceites y aditivos, seg\u00fan\u00a0un relato que ha hecho este jueves\u00a0Ernestina Godoy, la fiscal general.<\/p>\n\n\n\n<p>Godoy ha explicado que la trama de contrabando, conocida en M\u00e9xico como huachicol fiscal, utiliz\u00f3 una red de funcionarios corruptos que facilitaron pedimentos y permisos falsificados para que el hidrocarburo importado desde Estados Unidos se descargara en puertos mexicanos como Tampico y Ensenada. Empresas legalmente constituidas se encargaban despu\u00e9s de llevar el combustible a estaciones de servicio, donde el dinero se lavaba. La Fiscal\u00eda detect\u00f3 este modus operandi en los Estados de Baja California, Tamaulipas, Sonora, Colima y Ciudad de M\u00e9xico.<\/p>\n\n\n\n<p>Las autoridades han decomisado a la trama unas 86 pipas para transportar el combustible de contrabando, 29 autotanques y tres inmuebles. De acuerdo a la Fiscal\u00eda, la recuperaci\u00f3n del hidrocarburo significa un golpe econ\u00f3mico a la organizaci\u00f3n que ronda los 342 millones de pesos (unos 20 millones de d\u00f3lares).<\/p>\n\n\n\n<p>El contralmirante llevaba a salto de mata desde octubre, cuando no se present\u00f3 a declarar al Centro de Justicia Penal en Almoloya de Ju\u00e1rez, Estado de M\u00e9xico. Escap\u00f3 de M\u00e9xico a Florida, Estados Unidos, con el peso en la nuca de una ficha roja de la Interpol. Finalmente, las autoridades argentinas le detuvieron en Buenos Aires, donde lleg\u00f3 desde Colombia con pasaporte falso de Guatemala.<\/p>\n\n\n\n<p>El equipo de abogados de ambos hermanos, tanto en M\u00e9xico como en Argentina, hab\u00eda insistido a trav\u00e9s de comunicados en que no exist\u00eda constancia jur\u00eddica de que se hubiera concedido la extradici\u00f3n ni de que el traslado del contralmirante a M\u00e9xico fuera inminente. El juicio para su extradici\u00f3n estaba programado para el 27 de agosto, pero el mecanismo de expulsi\u00f3n adelant\u00f3 su salida del pa\u00eds.<\/p>\n\n\n\n<p>La deportaci\u00f3n coincidi\u00f3 con la visita a Argentina del secretario de Seguridad de Sheinbaum, Omar Garc\u00eda Harfuch. El estratega de la pol\u00edtica de seguridad se encontraba en Buenos Aires para la Conferencia Internacional para el Control de Drogas de la DEA.<\/p>\n\n\n\n<p>Epigmenio Mendieta, abogado que encabeza la defensa del marino en M\u00e9xico, visit\u00f3 al contralmirante este martes en la prisi\u00f3n argentina con integrantes de su equipo legal. \u201cCualquier eventual traslado de Fernando Far\u00edas a M\u00e9xico deber\u00e1 realizarse por la v\u00eda jur\u00eddica que corresponda y conforme a las determinaciones de las autoridades argentinas competentes\u201d, se\u00f1al\u00f3. Mendieta hab\u00eda fraguado la estrategia de una petici\u00f3n de asilo en Argentina, mientras gestionaba la solicitud para que los hermanos\u00a0fueran juzgados por la justicia\u00a0militar, ya que segu\u00edan recibiendo su sueldo de la Marina. Con el traslado a M\u00e9xico, sus clientes enfrentan penas de entre 20 y 40 a\u00f1os de prisi\u00f3n en medio de la batalla del Gobierno por combatir\u00a0el enorme agujero fiscal\u00a0que deja el contrabando de combustible en aduanas.<\/p>\n\n\n\n<p>Fuente: <a href=\"https:\/\/elpais.com\/mexico\/2026-08-20\/mexico-traslada-desde-argentina-al-contralmirante-fernando-farias-laguna-pieza-clave-en-la-trama-de-contrabando-de-combustible.html\" target=\"_blank\" rel=\"noreferrer noopener\">El Pa\u00eds<\/a><\/p>\n","protected":false},"excerpt":{"rendered":"<p>El Gobierno de Claudia Sheinbaum desisti\u00f3 del proceso de extradici\u00f3n del exmarino para acelerar su expulsi\u00f3n. Far\u00edas Laguna fue detenido en abril en Buenos Aires<\/p>\n","protected":false},"author":1,"featured_media":128959,"comment_status":"open","ping_status":"open","sticky":false,"template":"","format":"standard","meta":{"site-sidebar-layout":"default","site-content-layout":"","ast-site-content-layout":"default","site-content-style":"default","site-sidebar-style":"default","ast-global-header-display":"","ast-banner-title-visibility":"","ast-main-header-display":"","ast-hfb-above-header-display":"","ast-hfb-below-header-display":"","ast-hfb-mobile-header-display":"","site-post-title":"","ast-breadcrumbs-content":"","ast-featured-img":"","footer-sml-layout":"","theme-transparent-header-meta":"","adv-header-id-meta":"","stick-header-meta":"","header-above-stick-meta":"","header-main-stick-meta":"","header-below-stick-meta":"","astra-migrate-meta-layouts":"default","ast-page-background-enabled":"default","ast-page-background-meta":{"desktop":{"background-color":"var(--ast-global-color-4)","background-image":"","background-repeat":"repeat","background-position":"center center","background-size":"auto","background-attachment":"scroll","background-type":"","background-media":"","overlay-type":"","overlay-color":"","overlay-opacity":"","overlay-gradient":""},"tablet":{"background-color":"","background-image":"","background-repeat":"repeat","background-position":"center center","background-size":"auto","background-attachment":"scroll","background-type":"","background-media":"","overlay-type":"","overlay-color":"","overlay-opacity":"","overlay-gradient":""},"mobile":{"background-color":"","background-image":"","background-repeat":"repeat","background-position":"center center","background-size":"auto","background-attachment":"scroll","background-type":"","background-media":"","overlay-type":"","overlay-color":"","overlay-opacity":"","overlay-gradient":""}},"ast-content-background-meta":{"desktop":{"background-color":"var(--ast-global-color-5)","background-image":"","background-repeat":"repeat","background-position":"center center","background-size":"auto","background-attachment":"scroll","background-type":"","background-media":"","overlay-type":"","overlay-color":"","overlay-opacity":"","overlay-gradient":""},"tablet":{"background-color":"var(--ast-global-color-5)","background-image":"","background-repeat":"repeat","background-position":"center center","background-size":"auto","background-attachment":"scroll","background-type":"","background-media":"","overlay-type":"","overlay-color":"","overlay-opacity":"","overlay-gradient":""},"mobile":{"background-color":"var(--ast-global-color-5)","background-image":"","background-repeat":"repeat","background-position":"center center","background-size":"auto","background-attachment":"scroll","background-type":"","background-media":"","overlay-type":"","overlay-color":"","overlay-opacity":"","overlay-gradient":""}},"footnotes":""},"categories":[8],"tags":[2783,44447,42250,37379,2193],"class_list":["post-128958","post","type-post","status-publish","format-standard","has-post-thumbnail","hentry","category-noticias","tag-argentina","tag-contrabando-de-combustible","tag-fernando-farias-laguna","tag-huachicol-fiscal","tag-mexico"],"_links":{"self":[{"href":"https:\/\/losperiodistas.com.mx\/portal\/wp-json\/wp\/v2\/posts\/128958","targetHints":{"allow":["GET"]}}],"collection":[{"href":"https:\/\/losperiodistas.com.mx\/portal\/wp-json\/wp\/v2\/posts"}],"about":[{"href":"https:\/\/losperiodistas.com.mx\/portal\/wp-json\/wp\/v2\/types\/post"}],"author":[{"embeddable":true,"href":"https:\/\/losperiodistas.com.mx\/portal\/wp-json\/wp\/v2\/users\/1"}],"replies":[{"embeddable":true,"href":"https:\/\/losperiodistas.com.mx\/portal\/wp-json\/wp\/v2\/comments?post=128958"}],"version-history":[{"count":1,"href":"https:\/\/losperiodistas.com.mx\/portal\/wp-json\/wp\/v2\/posts\/128958\/revisions"}],"predecessor-version":[{"id":128960,"href":"https:\/\/losperiodistas.com.mx\/portal\/wp-json\/wp\/v2\/posts\/128958\/revisions\/128960"}],"wp:featuredmedia":[{"embeddable":true,"href":"https:\/\/losperiodistas.com.mx\/portal\/wp-json\/wp\/v2\/media\/128959"}],"wp:attachment":[{"href":"https:\/\/losperiodistas.com.mx\/portal\/wp-json\/wp\/v2\/media?parent=128958"}],"wp:term":[{"taxonomy":"category","embeddable":true,"href":"https:\/\/losperiodistas.com.mx\/portal\/wp-json\/wp\/v2\/categories?post=128958"},{"taxonomy":"post_tag","embeddable":true,"href":"https:\/\/losperiodistas.com.mx\/portal\/wp-json\/wp\/v2\/tags?post=128958"}],"curies":[{"name":"wp","href":"https:\/\/api.w.org\/{rel}","templated":true}]}}