{"id":128943,"date":"2026-08-20T07:47:52","date_gmt":"2026-08-20T13:47:52","guid":{"rendered":"https:\/\/losperiodistas.com.mx\/portal\/?p=128943"},"modified":"2026-08-20T07:47:54","modified_gmt":"2026-08-20T13:47:54","slug":"checo-perez-habla-de-su-futuro-con-cadillac-para-2027-quiero-estar-a-largo-plazo-motorsport","status":"publish","type":"post","link":"https:\/\/losperiodistas.com.mx\/portal\/checo-perez-habla-de-su-futuro-con-cadillac-para-2027-quiero-estar-a-largo-plazo-motorsport\/","title":{"rendered":"Checo P\u00e9rez habla de su futuro con Cadillac para 2027: \u00abQuiero estar a largo plazo\u00bb | Motorsport"},"content":{"rendered":"\n<h2 class=\"wp-block-heading has-medium-font-size\">Sergio P\u00e9rez fij\u00f3 su postura sobre su futuro en la F1 con Cadillac: asegura estar feliz en el equipo y busca mantener el proyecto a largo plazo.<\/h2>\n\n\n\n<figure class=\"wp-block-image size-large\"><img fetchpriority=\"high\" decoding=\"async\" width=\"1024\" height=\"682\" src=\"https:\/\/losperiodistas.com.mx\/portal\/wp-content\/uploads\/2026\/08\/sergio-perez-cadillac-racing-1024x682.jpeg\" alt=\"\" class=\"wp-image-128944\" srcset=\"https:\/\/losperiodistas.com.mx\/portal\/wp-content\/uploads\/2026\/08\/sergio-perez-cadillac-racing-1024x682.jpeg 1024w, https:\/\/losperiodistas.com.mx\/portal\/wp-content\/uploads\/2026\/08\/sergio-perez-cadillac-racing-300x200.jpeg 300w, https:\/\/losperiodistas.com.mx\/portal\/wp-content\/uploads\/2026\/08\/sergio-perez-cadillac-racing-768x511.jpeg 768w, https:\/\/losperiodistas.com.mx\/portal\/wp-content\/uploads\/2026\/08\/sergio-perez-cadillac-racing.jpeg 1200w\" sizes=\"(max-width: 1024px) 100vw, 1024px\" \/><figcaption class=\"wp-element-caption\">Sergio P\u00e9rez, Cadillac Racing<br>Foto de: Sam Bloxham \/ LAT Images via Getty Images<\/figcaption><\/figure>\n\n\n\n<p class=\"has-medium-font-size\"><strong><a href=\"https:\/\/lat.motorsport.com\/info\/about-us\/luis_ram%C3%ADrez\/97380\/\">Luis Ram\u00edrez<\/a> \/ Motorsport<\/strong><\/p>\n\n\n\n<p><a href=\"https:\/\/lat.motorsport.com\/driver\/sergio-perez\/463641\/\" target=\"_blank\" rel=\"noreferrer noopener\">Sergio P\u00e9rez<\/a>&nbsp;llega al Gran Premio de los Pa\u00edses Bajos despu\u00e9s de las vacaciones de verano con cambios en&nbsp;<a href=\"https:\/\/lat.motorsport.com\/team\/cadillac-ferrari\/49031\/\" target=\"_blank\" rel=\"noreferrer noopener\">Cadillac<\/a>, espec\u00edficamente con un nuevo jefe de equipo tras el nombramiento de Marcin Budkowski en sustituci\u00f3n de Graeme Lowdon, una situaci\u00f3n que el piloto mexicano espera le de una nueva filosof\u00eda al equipo.<\/p>\n\n\n\n<p>Durante la conferencia de prensa previa al inicio de las actividades en pista en Zandvoort, Checo P\u00e9rez dej\u00f3 en claro que era necesario tener un cambio, esto con el objetivo de comenzar a dar pasos que condujeran a Cadillac a la parte media de la parrilla, un objetivo que han ido perdiendo en las \u00faltimas carreras ante fallas mec\u00e1nicas que le han costado abandonos en B\u00e9lgica y Hungr\u00eda.<\/p>\n\n\n\n<p>\u201cCreo que Graeme (Lowdon) ha hecho un trabajo enorme para llevar a Cadillac a donde est\u00e1 ahora, junto con GM y Dan (Towriss), y s\u00ed, creo que \u00e9l es parte de la historia del equipo. Le deseo lo mejor en lo que venga para \u00e9l\u201d.<\/p>\n\n\n\n<p>\u201cSobre Marcin, creo que es realmente emocionante. Al mismo tiempo, cuando tienes a un nuevo l\u00edder y ves su nueva perspectiva, no he pasado mucho tiempo con \u00e9l, pero creo que era momento de cambiar\u201d.<\/p>\n\n\n\n<p>Budkowski llega con una experiencia t\u00e9cnicas y de liderazgo en equipos como&nbsp;<a href=\"https:\/\/lat.motorsport.com\/team\/scuderia-ferrari\/25733\/\" target=\"_blank\" rel=\"noreferrer noopener\">Ferrari<\/a>,&nbsp;<a href=\"https:\/\/lat.motorsport.com\/team\/mclaren-f1\/25727\/\" target=\"_blank\" rel=\"noreferrer noopener\">McLaren<\/a>, Renault-Alpine, y Checo P\u00e9rez espera que este respaldo de conocimiento se pueda traducir en mejoras en la pista, pero tambi\u00e9n en el aspecto de organizaci\u00f3n de la escuder\u00eda donde han tenido complicaciones a la hora de ejecutar los fines de semana.<\/p>\n\n\n\n<p>\u201cPienso que esto demuestra que, aunque apenas es nuestro primer a\u00f1o, Cadillac tiene muchas ganas de hacer avanzar a este equipo lo m\u00e1s r\u00e1pido posible y esperamos que con este nuevo liderazgo lo logremos pronto\u201d.<\/p>\n\n\n\n<p>\u201cComo l\u00edder puedes observar todos estos diferentes departamentos con tu experiencia y guiarlos; es lo que todos esperamos de Marcin, que nos gu\u00ede hacia el siguiente nivel y todos estamos muy entusiasmados por ello\u201d.<\/p>\n\n\n\n<h2 class=\"wp-block-heading\">Checo P\u00e9rez y su futuro<\/h2>\n\n\n\n<p>La llegada de Marcin Budkowski a Cadillac tambi\u00e9n significa un cambio de planes a lo que hab\u00eda establecido Lowdon y esto podr\u00eda apuntar a los pilotos. Durante las vacaciones de verano surgi\u00f3 el rumor de que Sergio P\u00e9rez podr\u00eda abandonar el equipo estadounidense para unirse a&nbsp;<a href=\"https:\/\/lat.motorsport.com\/team\/williams\/25737\/\" target=\"_blank\" rel=\"noreferrer noopener\">Williams<\/a>&nbsp;donde&nbsp;<a href=\"https:\/\/lat.motorsport.com\/driver\/carlos-sainz\/463633\/\" target=\"_blank\" rel=\"noreferrer noopener\">Carlos Sainz<\/a>&nbsp;era se\u00f1alado para no continuar.<\/p>\n\n\n\n<p>Apenas al inicio de semana, Williams anunci\u00f3 la renovaci\u00f3n de Sainz y&nbsp;<a href=\"https:\/\/lat.motorsport.com\/driver\/alex-albon\/468536\/\" target=\"_blank\" rel=\"noreferrer noopener\">Alex Albon<\/a>&nbsp;por lo que Checo P\u00e9rez fue cuestionado sobre su futuro. Para el mexicano est\u00e1 claro que quiere continuar, pero no lanz\u00f3 una confirmaci\u00f3n oficial.<\/p>\n\n\n\n<ul class=\"wp-block-list\">\n<li><a href=\"https:\/\/lat.motorsport.com\/f1\/news\/verstappen-mas-cerca-de-dejar-la-f1-que-cambiar-de-equipo\/10847574\/\"><\/a><\/li>\n<\/ul>\n\n\n\n<p>\u201cPor mi parte, ya estaba claro cuando llegu\u00e9 aqu\u00ed que era un acuerdo de dos a\u00f1os, pero obviamente yo quiero esto. Veo esto como mi proyecto y quiero formar parte de Cadillac a largo plazo\u201d.<\/p>\n\n\n\n<p>\u201cCuando empiezas algo desde cero se requiere mucho tiempo, as\u00ed que estoy muy feliz aqu\u00ed y espero continuar a largo plazo. Creo que habr\u00e1 algunas conversaciones m\u00e1s adelante y veremos qu\u00e9 pasa\u201d, finaliz\u00f3 el mexicano.<\/p>\n\n\n\n<p>Fuente: <a href=\"https:\/\/lat.motorsport.com\/f1\/news\/checo-perez-habla-futuro-cadillac-2027-quiero-estar-largo-plazo\/10847588\/\">https:\/\/lat.motorsport.com\/f1\/news\/checo-perez-habla-futuro-cadillac-2027-quiero-estar-largo-plazo\/10847588\/<\/a><\/p>\n","protected":false},"excerpt":{"rendered":"<p>Sergio P\u00e9rez fij\u00f3 su postura sobre su futuro en la F1 con Cadillac: asegura estar feliz en el equipo y [&hellip;]<\/p>\n","protected":false},"author":1,"featured_media":128944,"comment_status":"open","ping_status":"open","sticky":false,"template":"","format":"standard","meta":{"site-sidebar-layout":"default","site-content-layout":"","ast-site-content-layout":"default","site-content-style":"default","site-sidebar-style":"default","ast-global-header-display":"","ast-banner-title-visibility":"","ast-main-header-display":"","ast-hfb-above-header-display":"","ast-hfb-below-header-display":"","ast-hfb-mobile-header-display":"","site-post-title":"","ast-breadcrumbs-content":"","ast-featured-img":"","footer-sml-layout":"","theme-transparent-header-meta":"","adv-header-id-meta":"","stick-header-meta":"","header-above-stick-meta":"","header-main-stick-meta":"","header-below-stick-meta":"","astra-migrate-meta-layouts":"default","ast-page-background-enabled":"default","ast-page-background-meta":{"desktop":{"background-color":"var(--ast-global-color-4)","background-image":"","background-repeat":"repeat","background-position":"center center","background-size":"auto","background-attachment":"scroll","background-type":"","background-media":"","overlay-type":"","overlay-color":"","overlay-opacity":"","overlay-gradient":""},"tablet":{"background-color":"","background-image":"","background-repeat":"repeat","background-position":"center center","background-size":"auto","background-attachment":"scroll","background-type":"","background-media":"","overlay-type":"","overlay-color":"","overlay-opacity":"","overlay-gradient":""},"mobile":{"background-color":"","background-image":"","background-repeat":"repeat","background-position":"center center","background-size":"auto","background-attachment":"scroll","background-type":"","background-media":"","overlay-type":"","overlay-color":"","overlay-opacity":"","overlay-gradient":""}},"ast-content-background-meta":{"desktop":{"background-color":"var(--ast-global-color-5)","background-image":"","background-repeat":"repeat","background-position":"center center","background-size":"auto","background-attachment":"scroll","background-type":"","background-media":"","overlay-type":"","overlay-color":"","overlay-opacity":"","overlay-gradient":""},"tablet":{"background-color":"var(--ast-global-color-5)","background-image":"","background-repeat":"repeat","background-position":"center center","background-size":"auto","background-attachment":"scroll","background-type":"","background-media":"","overlay-type":"","overlay-color":"","overlay-opacity":"","overlay-gradient":""},"mobile":{"background-color":"var(--ast-global-color-5)","background-image":"","background-repeat":"repeat","background-position":"center center","background-size":"auto","background-attachment":"scroll","background-type":"","background-media":"","overlay-type":"","overlay-color":"","overlay-opacity":"","overlay-gradient":""}},"footnotes":""},"categories":[8],"tags":[276,50015],"class_list":["post-128943","post","type-post","status-publish","format-standard","has-post-thumbnail","hentry","category-noticias","tag-checo-perez","tag-f1-cadillac"],"_links":{"self":[{"href":"https:\/\/losperiodistas.com.mx\/portal\/wp-json\/wp\/v2\/posts\/128943","targetHints":{"allow":["GET"]}}],"collection":[{"href":"https:\/\/losperiodistas.com.mx\/portal\/wp-json\/wp\/v2\/posts"}],"about":[{"href":"https:\/\/losperiodistas.com.mx\/portal\/wp-json\/wp\/v2\/types\/post"}],"author":[{"embeddable":true,"href":"https:\/\/losperiodistas.com.mx\/portal\/wp-json\/wp\/v2\/users\/1"}],"replies":[{"embeddable":true,"href":"https:\/\/losperiodistas.com.mx\/portal\/wp-json\/wp\/v2\/comments?post=128943"}],"version-history":[{"count":1,"href":"https:\/\/losperiodistas.com.mx\/portal\/wp-json\/wp\/v2\/posts\/128943\/revisions"}],"predecessor-version":[{"id":128945,"href":"https:\/\/losperiodistas.com.mx\/portal\/wp-json\/wp\/v2\/posts\/128943\/revisions\/128945"}],"wp:featuredmedia":[{"embeddable":true,"href":"https:\/\/losperiodistas.com.mx\/portal\/wp-json\/wp\/v2\/media\/128944"}],"wp:attachment":[{"href":"https:\/\/losperiodistas.com.mx\/portal\/wp-json\/wp\/v2\/media?parent=128943"}],"wp:term":[{"taxonomy":"category","embeddable":true,"href":"https:\/\/losperiodistas.com.mx\/portal\/wp-json\/wp\/v2\/categories?post=128943"},{"taxonomy":"post_tag","embeddable":true,"href":"https:\/\/losperiodistas.com.mx\/portal\/wp-json\/wp\/v2\/tags?post=128943"}],"curies":[{"name":"wp","href":"https:\/\/api.w.org\/{rel}","templated":true}]}}