{"id":128897,"date":"2026-08-19T21:32:09","date_gmt":"2026-08-20T03:32:09","guid":{"rendered":"https:\/\/losperiodistas.com.mx\/portal\/?p=128897"},"modified":"2026-08-19T21:32:12","modified_gmt":"2026-08-20T03:32:12","slug":"consejero-del-ine-uuc-kib-espadas-presenta-examen-de-la-unam-en-el-palacio-de-los-deportes-la-jornada","status":"publish","type":"post","link":"https:\/\/losperiodistas.com.mx\/portal\/consejero-del-ine-uuc-kib-espadas-presenta-examen-de-la-unam-en-el-palacio-de-los-deportes-la-jornada\/","title":{"rendered":"Consejero del INE, Uuc-kib Espadas, presenta examen de la UNAM en el Palacio de los Deportes | La Jornada"},"content":{"rendered":"\n<p>El consejero electoral del INE, Uuc-kib Espadas Ancona, llega al Palacio de los Deportes para presentar su examen de control para ingresar a la UNAM, en la Ciudad de M\u00e9xico, el 19 de agosto de 2026.<\/p>\n\n\n\n<figure class=\"wp-block-image size-large\"><img fetchpriority=\"high\" decoding=\"async\" width=\"1024\" height=\"632\" src=\"https:\/\/losperiodistas.com.mx\/portal\/wp-content\/uploads\/2026\/08\/consejero-del-ine-uuckib-espadas-examen-unam-1024x632.png\" alt=\"\" class=\"wp-image-128898\" srcset=\"https:\/\/losperiodistas.com.mx\/portal\/wp-content\/uploads\/2026\/08\/consejero-del-ine-uuckib-espadas-examen-unam-1024x632.png 1024w, https:\/\/losperiodistas.com.mx\/portal\/wp-content\/uploads\/2026\/08\/consejero-del-ine-uuckib-espadas-examen-unam-300x185.png 300w, https:\/\/losperiodistas.com.mx\/portal\/wp-content\/uploads\/2026\/08\/consejero-del-ine-uuckib-espadas-examen-unam-768x474.png 768w, https:\/\/losperiodistas.com.mx\/portal\/wp-content\/uploads\/2026\/08\/consejero-del-ine-uuckib-espadas-examen-unam.png 1422w\" sizes=\"(max-width: 1024px) 100vw, 1024px\" \/><figcaption class=\"wp-element-caption\">Foto: Luis Castillo<\/figcaption><\/figure>\n\n\n\n<p class=\"has-vivid-red-color has-text-color has-link-color wp-elements-95abdbe1bda2e8254340034b5f27cf57\">Lilian Hern\u00e1ndez \/ Alexia Villase\u00f1or \/ La Jornada<\/p>\n\n\n\n<p>El consejero del Instituto Nacional Electoral (INE), Uuc-kib Espadas Ancona, acudi\u00f3 a presentar el examen de ingreso a licenciatura de la Universidad Nacional Aut\u00f3noma de M\u00e9xico (UNAM) que se repiti\u00f3 en el Palacio de los Deportes.<\/p>\n\n\n\n<p>El consejero hizo fila como todos los aspirantes para ingresar al segundo turno del tercer d\u00eda de la aplicaci\u00f3n del examen, el cual concluye hoy en la noche.<\/p>\n\n\n\n<figure class=\"wp-block-image size-large\"><img decoding=\"async\" width=\"1024\" height=\"632\" src=\"https:\/\/losperiodistas.com.mx\/portal\/wp-content\/uploads\/2026\/08\/imagen-73-1024x632.png\" alt=\"\" class=\"wp-image-128899\" srcset=\"https:\/\/losperiodistas.com.mx\/portal\/wp-content\/uploads\/2026\/08\/imagen-73-1024x632.png 1024w, https:\/\/losperiodistas.com.mx\/portal\/wp-content\/uploads\/2026\/08\/imagen-73-300x185.png 300w, https:\/\/losperiodistas.com.mx\/portal\/wp-content\/uploads\/2026\/08\/imagen-73-768x474.png 768w, https:\/\/losperiodistas.com.mx\/portal\/wp-content\/uploads\/2026\/08\/imagen-73.png 1200w\" sizes=\"(max-width: 1024px) 100vw, 1024px\" \/><figcaption class=\"wp-element-caption\">Foto: Luis Castillo<\/figcaption><\/figure>\n\n\n\n<p>Al preguntarle para qu\u00e9 carrera aplicar\u00eda, el consejero electoral no respondi\u00f3 y prosigui\u00f3 su andar para no perder la formaci\u00f3n.<\/p>\n\n\n\n<p>Antes, un vigilante del Palacio de los Deportes le pidi\u00f3 que saliera de la fila y se fuera del otro lado de las vallas, porque ah\u00ed deb\u00edan esperar los acompa\u00f1antes de los aspirantes, pero el consejero electoral respondi\u00f3 que \u00e9l presentar\u00eda la prueba y mostr\u00f3 su ficha de cita.<\/p>\n\n\n\n<figure class=\"wp-block-image size-large\"><img decoding=\"async\" width=\"1024\" height=\"632\" src=\"https:\/\/losperiodistas.com.mx\/portal\/wp-content\/uploads\/2026\/08\/imagen-74-1024x632.png\" alt=\"\" class=\"wp-image-128900\" srcset=\"https:\/\/losperiodistas.com.mx\/portal\/wp-content\/uploads\/2026\/08\/imagen-74-1024x632.png 1024w, https:\/\/losperiodistas.com.mx\/portal\/wp-content\/uploads\/2026\/08\/imagen-74-300x185.png 300w, https:\/\/losperiodistas.com.mx\/portal\/wp-content\/uploads\/2026\/08\/imagen-74-768x474.png 768w, https:\/\/losperiodistas.com.mx\/portal\/wp-content\/uploads\/2026\/08\/imagen-74.png 1200w\" sizes=\"(max-width: 1024px) 100vw, 1024px\" \/><figcaption class=\"wp-element-caption\">Foto: Luis Castillo<\/figcaption><\/figure>\n\n\n\n<p>A\u00fan con un brazo inmovilizado en un cabestrillo, Espadas Ancona resalt\u00f3 entre los aspirantes, quienes en su mayor\u00eda son j\u00f3venes de 17 a 23 a\u00f1os de edad.<\/p>\n\n\n\n<p>Fuente: <a href=\"https:\/\/www.jornada.com.mx\/noticia\/2026\/08\/19\/politica\/consejero-del-ine-uuckib-espadas-presenta-examen-de-la-unam-en-el-palacio-de-los-deportes\" target=\"_blank\" rel=\"noreferrer noopener\">La Jornada<\/a><\/p>\n","protected":false},"excerpt":{"rendered":"<p>El consejero electoral del INE, Uuc-kib Espadas Ancona, llega al Palacio de los Deportes para presentar su examen de control para ingresar a la UNAM, en la Ciudad de M\u00e9xico, el 19 de agosto de 2026.<\/p>\n","protected":false},"author":1,"featured_media":128898,"comment_status":"open","ping_status":"open","sticky":false,"template":"","format":"standard","meta":{"site-sidebar-layout":"default","site-content-layout":"","ast-site-content-layout":"default","site-content-style":"default","site-sidebar-style":"default","ast-global-header-display":"","ast-banner-title-visibility":"","ast-main-header-display":"","ast-hfb-above-header-display":"","ast-hfb-below-header-display":"","ast-hfb-mobile-header-display":"","site-post-title":"","ast-breadcrumbs-content":"","ast-featured-img":"","footer-sml-layout":"","theme-transparent-header-meta":"","adv-header-id-meta":"","stick-header-meta":"","header-above-stick-meta":"","header-main-stick-meta":"","header-below-stick-meta":"","astra-migrate-meta-layouts":"default","ast-page-background-enabled":"default","ast-page-background-meta":{"desktop":{"background-color":"var(--ast-global-color-4)","background-image":"","background-repeat":"repeat","background-position":"center center","background-size":"auto","background-attachment":"scroll","background-type":"","background-media":"","overlay-type":"","overlay-color":"","overlay-opacity":"","overlay-gradient":""},"tablet":{"background-color":"","background-image":"","background-repeat":"repeat","background-position":"center center","background-size":"auto","background-attachment":"scroll","background-type":"","background-media":"","overlay-type":"","overlay-color":"","overlay-opacity":"","overlay-gradient":""},"mobile":{"background-color":"","background-image":"","background-repeat":"repeat","background-position":"center center","background-size":"auto","background-attachment":"scroll","background-type":"","background-media":"","overlay-type":"","overlay-color":"","overlay-opacity":"","overlay-gradient":""}},"ast-content-background-meta":{"desktop":{"background-color":"var(--ast-global-color-5)","background-image":"","background-repeat":"repeat","background-position":"center center","background-size":"auto","background-attachment":"scroll","background-type":"","background-media":"","overlay-type":"","overlay-color":"","overlay-opacity":"","overlay-gradient":""},"tablet":{"background-color":"var(--ast-global-color-5)","background-image":"","background-repeat":"repeat","background-position":"center center","background-size":"auto","background-attachment":"scroll","background-type":"","background-media":"","overlay-type":"","overlay-color":"","overlay-opacity":"","overlay-gradient":""},"mobile":{"background-color":"var(--ast-global-color-5)","background-image":"","background-repeat":"repeat","background-position":"center center","background-size":"auto","background-attachment":"scroll","background-type":"","background-media":"","overlay-type":"","overlay-color":"","overlay-opacity":"","overlay-gradient":""}},"footnotes":""},"categories":[8],"tags":[52450,51865,2672,41128],"class_list":["post-128897","post","type-post","status-publish","format-standard","has-post-thumbnail","hentry","category-noticias","tag-consejero-del-ine","tag-examen-de-control","tag-unam","tag-uuc-kib-espadas"],"_links":{"self":[{"href":"https:\/\/losperiodistas.com.mx\/portal\/wp-json\/wp\/v2\/posts\/128897","targetHints":{"allow":["GET"]}}],"collection":[{"href":"https:\/\/losperiodistas.com.mx\/portal\/wp-json\/wp\/v2\/posts"}],"about":[{"href":"https:\/\/losperiodistas.com.mx\/portal\/wp-json\/wp\/v2\/types\/post"}],"author":[{"embeddable":true,"href":"https:\/\/losperiodistas.com.mx\/portal\/wp-json\/wp\/v2\/users\/1"}],"replies":[{"embeddable":true,"href":"https:\/\/losperiodistas.com.mx\/portal\/wp-json\/wp\/v2\/comments?post=128897"}],"version-history":[{"count":1,"href":"https:\/\/losperiodistas.com.mx\/portal\/wp-json\/wp\/v2\/posts\/128897\/revisions"}],"predecessor-version":[{"id":128901,"href":"https:\/\/losperiodistas.com.mx\/portal\/wp-json\/wp\/v2\/posts\/128897\/revisions\/128901"}],"wp:featuredmedia":[{"embeddable":true,"href":"https:\/\/losperiodistas.com.mx\/portal\/wp-json\/wp\/v2\/media\/128898"}],"wp:attachment":[{"href":"https:\/\/losperiodistas.com.mx\/portal\/wp-json\/wp\/v2\/media?parent=128897"}],"wp:term":[{"taxonomy":"category","embeddable":true,"href":"https:\/\/losperiodistas.com.mx\/portal\/wp-json\/wp\/v2\/categories?post=128897"},{"taxonomy":"post_tag","embeddable":true,"href":"https:\/\/losperiodistas.com.mx\/portal\/wp-json\/wp\/v2\/tags?post=128897"}],"curies":[{"name":"wp","href":"https:\/\/api.w.org\/{rel}","templated":true}]}}