{"id":128893,"date":"2026-08-19T12:36:20","date_gmt":"2026-08-19T18:36:20","guid":{"rendered":"https:\/\/losperiodistas.com.mx\/portal\/?p=128893"},"modified":"2026-08-19T12:36:22","modified_gmt":"2026-08-19T18:36:22","slug":"opinion-transparencia-a-la-poblana-todo-bajo-reserva","status":"publish","type":"post","link":"https:\/\/losperiodistas.com.mx\/portal\/opinion-transparencia-a-la-poblana-todo-bajo-reserva\/","title":{"rendered":"Opini\u00f3n | Transparencia a la poblana: \u201ctodo bajo reserva\u201d"},"content":{"rendered":"\n<figure class=\"wp-block-image size-large\"><img fetchpriority=\"high\" decoding=\"async\" width=\"1024\" height=\"823\" src=\"https:\/\/losperiodistas.com.mx\/portal\/wp-content\/uploads\/2026\/06\/Captura-de-pantalla-2026-06-24-a-las-8.17.07-1024x823.png\" alt=\"\" class=\"wp-image-125099\" srcset=\"https:\/\/losperiodistas.com.mx\/portal\/wp-content\/uploads\/2026\/06\/Captura-de-pantalla-2026-06-24-a-las-8.17.07-1024x823.png 1024w, https:\/\/losperiodistas.com.mx\/portal\/wp-content\/uploads\/2026\/06\/Captura-de-pantalla-2026-06-24-a-las-8.17.07-300x241.png 300w, https:\/\/losperiodistas.com.mx\/portal\/wp-content\/uploads\/2026\/06\/Captura-de-pantalla-2026-06-24-a-las-8.17.07-768x617.png 768w, https:\/\/losperiodistas.com.mx\/portal\/wp-content\/uploads\/2026\/06\/Captura-de-pantalla-2026-06-24-a-las-8.17.07.png 1314w\" sizes=\"(max-width: 1024px) 100vw, 1024px\" \/><\/figure>\n\n\n\n<p class=\"has-vivid-red-color has-text-color has-link-color has-medium-font-size wp-elements-5f3a9ac7b6e6758b680dab32c10e1125\"><strong><em>Por Rafael Micalco M\u00e9ndez<\/em><\/strong><\/p>\n\n\n\n<p><a href=\"http:\/\/rafamicalco\/\">@rafamicalco<\/a><\/p>\n\n\n\n<p>Un buen gobierno no le teme a la transparencia. Al contrario: la necesita<\/p>\n\n\n\n<p>Porque cuando las cuentas son claras, las decisiones se pueden explicar, as\u00ed cuando el dinero p\u00fablico se utiliza correctamente, no hay raz\u00f3n para esconder c\u00f3mo se gast\u00f3 y cuando una obra realmente beneficia a los ciudadanos, lo l\u00f3gico es presumirla con n\u00fameros y resultados.<\/p>\n\n\n\n<p>La transparencia no debe ser un lujo, ni una concesi\u00f3n del gobernante. Es un derecho de los ciudadanos y una obligaci\u00f3n de quienes administran el recurso p\u00fablico.<\/p>\n\n\n\n<p>Incluso el propio Gobierno de Puebla lo ha dicho: la transparencia es un eje fundamental de su administraci\u00f3n, el acceso a la informaci\u00f3n p\u00fablica es un derecho democr\u00e1tico y una obligaci\u00f3n permanente del Estado.<\/p>\n\n\n\n<p>Entonces hagamos una pregunta sencilla: si la transparencia es un eje fundamental de este gobierno, \u00bfpor qu\u00e9 cuando los ciudadanos quieren conocer informaci\u00f3n sobre determinados gastos, contratos, eventos, proyectos o actividades del Ejecutivo, la respuesta termina siendo una reserva?<\/p>\n\n\n\n<p>Y es que en Puebla empieza a aparecer una curiosa contradicci\u00f3n.<\/p>\n\n\n\n<p>Mientras en el discurso oficial se habla de transparencia, rendici\u00f3n de cuentas y gobierno abierto, la realidad muestra una lista cada vez m\u00e1s inc\u00f3moda de asuntos sobre los que los ciudadanos tienen dificultades para conocer qu\u00e9 se hizo, cu\u00e1nto cost\u00f3 y por qu\u00e9 se tom\u00f3 determinada decisi\u00f3n.<\/p>\n\n\n\n<p>Claro ejemplo son: el partido Espa\u00f1a\u2013Per\u00fa, la Feria de Puebla 2025, el Festival del Amor 2025, los vuelos y helic\u00f3pteros utilizados por el Ejecutivo Estatal, el proyecto del Cableb\u00fas, el Museo Internacional del Barroco y hasta la compra de 27 m\u00f3dulos de maquinaria agr\u00edcola por alrededor de 150 millones de pesos, entre otros m\u00e1s.<\/p>\n\n\n\n<p>Y aqu\u00ed conviene hacer una precisi\u00f3n importante, reservar informaci\u00f3n puede ser legal, la propia Ley de Transparencia contempla excepciones y exige que una clasificaci\u00f3n est\u00e9 debidamente fundada y motivada.<\/p>\n\n\n\n<p>Pero realmente el problema comienza cuando la excepci\u00f3n empieza a parecer como regla general en el gobierno de Puebla.<\/p>\n\n\n\n<p>Porque una cosa es proteger informaci\u00f3n que realmente pueda poner en riesgo la seguridad, una investigaci\u00f3n o alg\u00fan inter\u00e9s leg\u00edtimamente protegido; y otra muy distinta es utilizar la figura de la reserva para que el ciudadano tenga que conformarse con un <strong>\u201cla informaci\u00f3n se clasific\u00f3 en su modalidad de reservada\u201d.<\/strong><\/p>\n\n\n\n<p>\u00bfDe verdad necesitamos esperar a\u00f1os para saber cu\u00e1nto cost\u00f3 un espect\u00e1culo?<\/p>\n\n\n\n<p>\u00bfEl ciudadano que paga impuestos no puede conocer c\u00f3mo se organizaron los espect\u00e1culos en Puebla?<\/p>\n\n\n\n<p>Son preguntas muy sencillas.<\/p>\n\n\n\n<p>Pero un gobierno que presume transparencia, las preguntas sencillas no deber\u00edan convertirse en expedientes reservados.<\/p>\n\n\n\n<p>Porque al final el dinero no es del gobernador, no es de Morena, no es de los secretarios, no es de los funcionarios, <strong>es dinero de los poblanos.<\/strong><\/p>\n\n\n\n<p>Por eso resulta parad\u00f3jico que mientras el discurso oficial presume una administraci\u00f3n transparente, cada vez sean m\u00e1s los asuntos en los que el ciudadano tiene que preguntar primero si puede conocer la informaci\u00f3n.<\/p>\n\n\n\n<p>\u00bfSer\u00e1 que la nueva transparencia en Puebla consiste en que el gobierno s\u00ed informa, pero solamente aquello que le conviene informar?<\/p>\n\n\n\n<p>Porque gobernar no es solamente inaugurar obras, cortar listones, entregar maquinaria, organizar festivales o presumir inversiones, gobernar tambi\u00e9n significa rendir cuentas.<\/p>\n\n\n\n<p>Y si todo est\u00e1 bien, \u00bfpor qu\u00e9 esconderlo? esa es la pregunta que el gobierno de Puebla deber\u00eda responder, no con discursos, no con boletines, no con propaganda, si no con documentos<strong>.<\/strong><\/p>\n\n\n\n<p>Porque cuando un gobierno verdaderamente no tiene nada que esconder, la transparencia no le estorba, al contrario, le sirve.<\/p>\n\n\n\n<p>Y cuando la informaci\u00f3n p\u00fablica comienza a convertirse en informaci\u00f3n reservada, quiz\u00e1 el problema no sea que los ciudadanos est\u00e9n preguntando demasiado.<\/p>\n\n\n\n<p><strong>Quiz\u00e1 el problema sea que el gobierno est\u00e1 explicando demasiado poco.<\/strong><\/p>\n\n\n\n<p>Porque el gobierno del Estado puede reservar documentos, puede esconder cifras detr\u00e1s de expedientes, puede justificar clasificaciones y puede llenar boletines hablando de transparencia, pero hay algo que no puede reservar: la desconfianza de los ciudadanos.<\/p>\n\n\n\n<p>Estamos frente a un gobierno que quiere que los ciudadanos vean, pero s\u00f3lo cuando el poder decida qu\u00e9 pueden ver. Y eso no es transparencia.<\/p>\n\n\n\n<p><strong>Eso tiene otro nombre: opacidad.<\/strong><\/p>\n\n\n\n<hr class=\"wp-block-separator has-alpha-channel-opacity\"\/>\n\n\n\n<p><strong>+ OPINI\u00d3N : Las opiniones expresadas son responsabilidad del autor<\/strong><\/p>\n","protected":false},"excerpt":{"rendered":"<p>Por Rafael Micalco M\u00e9ndez @rafamicalco Un buen gobierno no le teme a la transparencia. Al contrario: la necesita Porque cuando [&hellip;]<\/p>\n","protected":false},"author":1,"featured_media":125099,"comment_status":"open","ping_status":"open","sticky":false,"template":"","format":"standard","meta":{"site-sidebar-layout":"default","site-content-layout":"","ast-site-content-layout":"default","site-content-style":"default","site-sidebar-style":"default","ast-global-header-display":"","ast-banner-title-visibility":"","ast-main-header-display":"","ast-hfb-above-header-display":"","ast-hfb-below-header-display":"","ast-hfb-mobile-header-display":"","site-post-title":"","ast-breadcrumbs-content":"","ast-featured-img":"","footer-sml-layout":"","theme-transparent-header-meta":"","adv-header-id-meta":"","stick-header-meta":"","header-above-stick-meta":"","header-main-stick-meta":"","header-below-stick-meta":"","astra-migrate-meta-layouts":"default","ast-page-background-enabled":"default","ast-page-background-meta":{"desktop":{"background-color":"var(--ast-global-color-4)","background-image":"","background-repeat":"repeat","background-position":"center center","background-size":"auto","background-attachment":"scroll","background-type":"","background-media":"","overlay-type":"","overlay-color":"","overlay-opacity":"","overlay-gradient":""},"tablet":{"background-color":"","background-image":"","background-repeat":"repeat","background-position":"center center","background-size":"auto","background-attachment":"scroll","background-type":"","background-media":"","overlay-type":"","overlay-color":"","overlay-opacity":"","overlay-gradient":""},"mobile":{"background-color":"","background-image":"","background-repeat":"repeat","background-position":"center center","background-size":"auto","background-attachment":"scroll","background-type":"","background-media":"","overlay-type":"","overlay-color":"","overlay-opacity":"","overlay-gradient":""}},"ast-content-background-meta":{"desktop":{"background-color":"var(--ast-global-color-5)","background-image":"","background-repeat":"repeat","background-position":"center center","background-size":"auto","background-attachment":"scroll","background-type":"","background-media":"","overlay-type":"","overlay-color":"","overlay-opacity":"","overlay-gradient":""},"tablet":{"background-color":"var(--ast-global-color-5)","background-image":"","background-repeat":"repeat","background-position":"center center","background-size":"auto","background-attachment":"scroll","background-type":"","background-media":"","overlay-type":"","overlay-color":"","overlay-opacity":"","overlay-gradient":""},"mobile":{"background-color":"var(--ast-global-color-5)","background-image":"","background-repeat":"repeat","background-position":"center center","background-size":"auto","background-attachment":"scroll","background-type":"","background-media":"","overlay-type":"","overlay-color":"","overlay-opacity":"","overlay-gradient":""}},"footnotes":""},"categories":[8,22],"tags":[52449,52448],"class_list":["post-128893","post","type-post","status-publish","format-standard","has-post-thumbnail","hentry","category-noticias","category-opinion-invitada","tag-reserva-de-informacion","tag-transparencia-gobierno-de-puebla"],"_links":{"self":[{"href":"https:\/\/losperiodistas.com.mx\/portal\/wp-json\/wp\/v2\/posts\/128893","targetHints":{"allow":["GET"]}}],"collection":[{"href":"https:\/\/losperiodistas.com.mx\/portal\/wp-json\/wp\/v2\/posts"}],"about":[{"href":"https:\/\/losperiodistas.com.mx\/portal\/wp-json\/wp\/v2\/types\/post"}],"author":[{"embeddable":true,"href":"https:\/\/losperiodistas.com.mx\/portal\/wp-json\/wp\/v2\/users\/1"}],"replies":[{"embeddable":true,"href":"https:\/\/losperiodistas.com.mx\/portal\/wp-json\/wp\/v2\/comments?post=128893"}],"version-history":[{"count":1,"href":"https:\/\/losperiodistas.com.mx\/portal\/wp-json\/wp\/v2\/posts\/128893\/revisions"}],"predecessor-version":[{"id":128894,"href":"https:\/\/losperiodistas.com.mx\/portal\/wp-json\/wp\/v2\/posts\/128893\/revisions\/128894"}],"wp:featuredmedia":[{"embeddable":true,"href":"https:\/\/losperiodistas.com.mx\/portal\/wp-json\/wp\/v2\/media\/125099"}],"wp:attachment":[{"href":"https:\/\/losperiodistas.com.mx\/portal\/wp-json\/wp\/v2\/media?parent=128893"}],"wp:term":[{"taxonomy":"category","embeddable":true,"href":"https:\/\/losperiodistas.com.mx\/portal\/wp-json\/wp\/v2\/categories?post=128893"},{"taxonomy":"post_tag","embeddable":true,"href":"https:\/\/losperiodistas.com.mx\/portal\/wp-json\/wp\/v2\/tags?post=128893"}],"curies":[{"name":"wp","href":"https:\/\/api.w.org\/{rel}","templated":true}]}}