{"id":128880,"date":"2026-08-19T07:29:36","date_gmt":"2026-08-19T13:29:36","guid":{"rendered":"https:\/\/losperiodistas.com.mx\/portal\/?p=128880"},"modified":"2026-08-19T07:29:37","modified_gmt":"2026-08-19T13:29:37","slug":"opinion-decadencia-del-servicio-publico","status":"publish","type":"post","link":"https:\/\/losperiodistas.com.mx\/portal\/opinion-decadencia-del-servicio-publico\/","title":{"rendered":"Opini\u00f3n | Decadencia del servicio\u00a0p\u00fablico"},"content":{"rendered":"\n<figure class=\"wp-block-embed is-type-video is-provider-youtube wp-block-embed-youtube wp-embed-aspect-16-9 wp-has-aspect-ratio\"><div class=\"wp-block-embed__wrapper\">\n<iframe title=\"Decadencia del servicio p\u00fablico 18ago26\" width=\"500\" height=\"281\" src=\"https:\/\/www.youtube.com\/embed\/Bgh2qbeHt88?feature=oembed\" frameborder=\"0\" allow=\"accelerometer; autoplay; clipboard-write; encrypted-media; gyroscope; picture-in-picture; web-share\" referrerpolicy=\"strict-origin-when-cross-origin\" allowfullscreen><\/iframe>\n<\/div><\/figure>\n\n\n\n<h1 class=\"wp-block-heading\"><\/h1>\n\n\n\n<p class=\"has-vivid-red-color has-text-color has-link-color has-medium-font-size wp-elements-b24a280bf71d8ab249278b900444b768\"><strong><em>Por Dr. Alejandro Guill\u00e9n Reyes<\/em><\/strong><\/p>\n\n\n\n<p>\u00abEn las condiciones actuales en las que vive el pa\u00eds, hay una decadencia del servicio p\u00fablico; no existen principios \u00e9ticos que lo regulen, los funcionarios se sienten en libertad de hacer lo que su voluntad les permite y no hay una sujeci\u00f3n plena a la norma\u2026\u00bb.<\/p>\n\n\n\n<p>Lo anterior lo afirm\u00f3 el ministro presidente de la Suprema Corte de Justicia de la Naci\u00f3n, Hugo Aguilar Ortiz, durante la sesi\u00f3n del Pleno del pasado 17 de agosto. La declaraci\u00f3n ocurri\u00f3 al discutir el requisito de \u00abtener un modo honesto de vivir\u00bb para ocupar la Direcci\u00f3n de Atenci\u00f3n a Pueblos y Comunidades Ind\u00edgenas y Afromexicanas de Baja California Sur; un criterio que la mayor\u00eda de los ministros vot\u00f3 por eliminar, al considerar que carece de par\u00e1metros claros y objetivos para ser juzgado.<\/p>\n\n\n\n<p>En respuesta, la ministra Mar\u00eda Estela R\u00edos Gonz\u00e1lez intent\u00f3 enmendarle la plana al ministro Aguilar, se\u00f1alando que no coincid\u00eda con la generalizaci\u00f3n de que todos los servidores p\u00fablicos son corruptos, por lo que Aguilar tuvo que matizar su comentario.<\/p>\n\n\n\n<p>Por supuesto, no se puede dejar de cuestionar la autoridad moral de ambos ministros para realizar tales afirmaciones, considerando que llegaron a sus cargos tras un proceso ampliamente cuestionado. En el caso particular de la ministra R\u00edos, junto con la ministra Lenia Batres, son exhibidas constantemente por su falta de rigor t\u00e9cnico y conocimientos que deber\u00edan de tener por el cargo que ostentan, lo cual abona directamente a la decadencia de la funci\u00f3n p\u00fablica de impartir justicia.<\/p>\n\n\n\n<p>M\u00e1s all\u00e1 de este se\u00f1alamiento, ambos tienen parte de raz\u00f3n: no es posible generalizar, pero s\u00ed afirmar que el servicio p\u00fablico atraviesa un estado decadente en las condiciones actuales. A menudo esto no obedece solo al servidor p\u00fablico en s\u00ed, sino a las condiciones estructurales en las que labora, agravadas por la llamada \u00abausteridad republicana\u00bb.<\/p>\n\n\n\n<p>Por otra parte, en el art\u00edculo 34 de la Constituci\u00f3n mexicana se establece que son ciudadanos de la Rep\u00fablica los hombres y mujeres que tengan la nacionalidad mexicana, hayan cumplido 18 a\u00f1os y cuenten con \u00abun modo honesto de vivir\u00bb. Este requisito se replica en m\u00faltiples leyes y convocatorias orientadas a reclutar personal para el Estado; entonces, \u00bfa qu\u00e9 se debe la decadencia del servicio p\u00fablico a la que alude el ministro Aguilar?<\/p>\n\n\n\n<p>M\u00e1s que exigir como formalidad un \u00abmodo honesto de vivir\u00bb, es indispensable demandar que los servidores p\u00fablicos \u2014aspirantes o en funciones, de elecci\u00f3n popular o de designaci\u00f3n\u2014 cumplan estrictamente con las reglas existentes. Para ello se requiere de fiscal\u00edas, tribunales y un Poder Judicial que las hagan valer; en pocas palabras, que se ponga fin a la impunidad y dejen de aplicar la ley en forma selectiva.<\/p>\n\n\n\n<p>El marco normativo ya existe: la Ley de Transparencia, la Ley General de Responsabilidades Administrativas, la Ley del Sistema Nacional Anticorrupci\u00f3n y el C\u00f3digo Penal, donde est\u00e1n tipificados los delitos de corrupci\u00f3n, entre otros reglamentos. Si se lograra que los funcionarios no infrinjan este marco legal, se podr\u00eda frenar el deterioro institucional.<\/p>\n\n\n\n<p>Si hoy prevalece un servicio p\u00fablico en decadencia, es precisamente porque existen fiscal\u00edas, tribunales y una Suprema Corte de Justicia que garantizan dicha impunidad.<\/p>\n\n\n\n<p>(Por cierto, renunci\u00f3 a su cargo la magistrada del Tribunal Electoral del Poder Judicial de la Federaci\u00f3n, M\u00f3nica Soto, quien es uno de los ejemplos m\u00e1s acabados de este servicio p\u00fablico decadente).<\/p>\n\n\n\n<p>M:&nbsp;<a href=\"mailto:alejandroguillenmex@gmail.com\">alejandroguillenmex@gmail.com<\/a><\/p>\n\n\n\n<p>YouTube: @aleguillenr<\/p>\n\n\n\n<p>X: @aleguillenr<\/p>\n\n\n\n<p>FB: Alejandro Guill\u00e9n<\/p>\n\n\n\n<p>TikTok: alejandro_guillen_reyes<\/p>\n\n\n\n<p>Instagram: alejandroguillenmx<\/p>\n\n\n\n<p>W: alejandroguillen.com.mx<\/p>\n\n\n\n<hr class=\"wp-block-separator has-alpha-channel-opacity\"\/>\n\n\n\n<p><strong>+ OPINI\u00d3N : Las opiniones expresadas son responsabilidad del autor<\/strong><\/p>\n","protected":false},"excerpt":{"rendered":"<p>Por Dr. Alejandro Guill\u00e9n Reyes \u00abEn las condiciones actuales en las que vive el pa\u00eds, hay una decadencia del servicio [&hellip;]<\/p>\n","protected":false},"author":1,"featured_media":128881,"comment_status":"open","ping_status":"open","sticky":false,"template":"","format":"standard","meta":{"site-sidebar-layout":"default","site-content-layout":"","ast-site-content-layout":"default","site-content-style":"default","site-sidebar-style":"default","ast-global-header-display":"","ast-banner-title-visibility":"","ast-main-header-display":"","ast-hfb-above-header-display":"","ast-hfb-below-header-display":"","ast-hfb-mobile-header-display":"","site-post-title":"","ast-breadcrumbs-content":"","ast-featured-img":"","footer-sml-layout":"","theme-transparent-header-meta":"","adv-header-id-meta":"","stick-header-meta":"","header-above-stick-meta":"","header-main-stick-meta":"","header-below-stick-meta":"","astra-migrate-meta-layouts":"default","ast-page-background-enabled":"default","ast-page-background-meta":{"desktop":{"background-color":"var(--ast-global-color-4)","background-image":"","background-repeat":"repeat","background-position":"center center","background-size":"auto","background-attachment":"scroll","background-type":"","background-media":"","overlay-type":"","overlay-color":"","overlay-opacity":"","overlay-gradient":""},"tablet":{"background-color":"","background-image":"","background-repeat":"repeat","background-position":"center center","background-size":"auto","background-attachment":"scroll","background-type":"","background-media":"","overlay-type":"","overlay-color":"","overlay-opacity":"","overlay-gradient":""},"mobile":{"background-color":"","background-image":"","background-repeat":"repeat","background-position":"center center","background-size":"auto","background-attachment":"scroll","background-type":"","background-media":"","overlay-type":"","overlay-color":"","overlay-opacity":"","overlay-gradient":""}},"ast-content-background-meta":{"desktop":{"background-color":"var(--ast-global-color-5)","background-image":"","background-repeat":"repeat","background-position":"center center","background-size":"auto","background-attachment":"scroll","background-type":"","background-media":"","overlay-type":"","overlay-color":"","overlay-opacity":"","overlay-gradient":""},"tablet":{"background-color":"var(--ast-global-color-5)","background-image":"","background-repeat":"repeat","background-position":"center center","background-size":"auto","background-attachment":"scroll","background-type":"","background-media":"","overlay-type":"","overlay-color":"","overlay-opacity":"","overlay-gradient":""},"mobile":{"background-color":"var(--ast-global-color-5)","background-image":"","background-repeat":"repeat","background-position":"center center","background-size":"auto","background-attachment":"scroll","background-type":"","background-media":"","overlay-type":"","overlay-color":"","overlay-opacity":"","overlay-gradient":""}},"footnotes":""},"categories":[8,22],"tags":[52447],"class_list":["post-128880","post","type-post","status-publish","format-standard","has-post-thumbnail","hentry","category-noticias","category-opinion-invitada","tag-decadencia-servicio-publico-mexico"],"_links":{"self":[{"href":"https:\/\/losperiodistas.com.mx\/portal\/wp-json\/wp\/v2\/posts\/128880","targetHints":{"allow":["GET"]}}],"collection":[{"href":"https:\/\/losperiodistas.com.mx\/portal\/wp-json\/wp\/v2\/posts"}],"about":[{"href":"https:\/\/losperiodistas.com.mx\/portal\/wp-json\/wp\/v2\/types\/post"}],"author":[{"embeddable":true,"href":"https:\/\/losperiodistas.com.mx\/portal\/wp-json\/wp\/v2\/users\/1"}],"replies":[{"embeddable":true,"href":"https:\/\/losperiodistas.com.mx\/portal\/wp-json\/wp\/v2\/comments?post=128880"}],"version-history":[{"count":1,"href":"https:\/\/losperiodistas.com.mx\/portal\/wp-json\/wp\/v2\/posts\/128880\/revisions"}],"predecessor-version":[{"id":128882,"href":"https:\/\/losperiodistas.com.mx\/portal\/wp-json\/wp\/v2\/posts\/128880\/revisions\/128882"}],"wp:featuredmedia":[{"embeddable":true,"href":"https:\/\/losperiodistas.com.mx\/portal\/wp-json\/wp\/v2\/media\/128881"}],"wp:attachment":[{"href":"https:\/\/losperiodistas.com.mx\/portal\/wp-json\/wp\/v2\/media?parent=128880"}],"wp:term":[{"taxonomy":"category","embeddable":true,"href":"https:\/\/losperiodistas.com.mx\/portal\/wp-json\/wp\/v2\/categories?post=128880"},{"taxonomy":"post_tag","embeddable":true,"href":"https:\/\/losperiodistas.com.mx\/portal\/wp-json\/wp\/v2\/tags?post=128880"}],"curies":[{"name":"wp","href":"https:\/\/api.w.org\/{rel}","templated":true}]}}