{"id":12888,"date":"2021-09-10T07:08:35","date_gmt":"2021-09-10T12:08:35","guid":{"rendered":"http:\/\/losperiodistas.com.mx\/portal\/?p=12888"},"modified":"2021-09-10T07:08:37","modified_gmt":"2021-09-10T12:08:37","slug":"el-duro-testimonio-de-dos-periodistas-torturados-por-los-talibanes-ser","status":"publish","type":"post","link":"https:\/\/losperiodistas.com.mx\/portal\/el-duro-testimonio-de-dos-periodistas-torturados-por-los-talibanes-ser\/","title":{"rendered":"El duro testimonio de dos periodistas torturados por los talibanes | SER"},"content":{"rendered":"\n<p style=\"font-size:18px\"><em>\u00abPregunt\u00e9 por qu\u00e9 me golpeaban y respondieron que ten\u00eda suerte de no haber sido decapitado\u00bb<\/em><\/p>\n\n\n\n<p><\/p>\n\n\n\n<figure class=\"wp-block-image size-large\"><img fetchpriority=\"high\" decoding=\"async\" width=\"1024\" height=\"778\" src=\"https:\/\/losperiodistas.com.mx\/portal\/wp-content\/uploads\/2021\/09\/Captura-de-Pantalla-2021-09-10-a-las-7.06.06-1024x778.jpg\" alt=\"\" class=\"wp-image-12889\" srcset=\"https:\/\/losperiodistas.com.mx\/portal\/wp-content\/uploads\/2021\/09\/Captura-de-Pantalla-2021-09-10-a-las-7.06.06-1024x778.jpg 1024w, https:\/\/losperiodistas.com.mx\/portal\/wp-content\/uploads\/2021\/09\/Captura-de-Pantalla-2021-09-10-a-las-7.06.06-300x228.jpg 300w, https:\/\/losperiodistas.com.mx\/portal\/wp-content\/uploads\/2021\/09\/Captura-de-Pantalla-2021-09-10-a-las-7.06.06-768x583.jpg 768w, https:\/\/losperiodistas.com.mx\/portal\/wp-content\/uploads\/2021\/09\/Captura-de-Pantalla-2021-09-10-a-las-7.06.06-1536x1166.jpg 1536w, https:\/\/losperiodistas.com.mx\/portal\/wp-content\/uploads\/2021\/09\/Captura-de-Pantalla-2021-09-10-a-las-7.06.06.jpg 1538w\" sizes=\"(max-width: 1024px) 100vw, 1024px\" \/><figcaption>Los periodistas de &#8216;Etilaatroz&#8217; Nemat Naqdi (28) y Taqi Daryabi (22) muestran su cuerpo tras la paliza propinada por los talibanes. \/\u00a0MARCUS YAM \/ LOS ANGELES TIMES\u00a0(GETTY)<\/figcaption><\/figure>\n\n\n\n<p class=\"has-vivid-cyan-blue-color has-text-color has-medium-font-size\">CADENA SER<\/p>\n\n\n\n<p>La imagen de sus cuerpos golpeados, llenos de moratones, es muy impactante. Dos periodistas del medio&nbsp;<a href=\"https:\/\/twitter.com\/etilaatroz?lang=es\"><em>Eliaatroz<\/em><\/a>, especializado en noticias e investigaci\u00f3n sobre&nbsp;<a href=\"https:\/\/cadenaser.com\/tag\/afganistan\/a\/\">Afganist\u00e1n<\/a>, han denunciado que los talibanes les han detenido y golpeado cuando intentaban cubrir una protesta de mujeres en&nbsp;<a href=\"https:\/\/cadenaser.com\/tag\/kabul\/a\/\">Kabul<\/a>.<\/p>\n\n\n\n<p>M\u00c1S INFORMACI\u00d3N<\/p>\n\n\n\n<ul class=\"wp-block-list\"><li><a href=\"https:\/\/cadenaser.com\/ser\/2021\/09\/09\/internacional\/1631199413_082580.html?int=masinfo\">Despega desde Kabul el primer vuelo comercial desde la salida de los militares de Afganist\u00e1n<\/a><\/li><\/ul>\n\n\n\n<p><a href=\"https:\/\/www.bbc.com\/news\/world-asia-58500579\" rel=\"noreferrer noopener\" target=\"_blank\">Seg\u00fan informa la BBC<\/a>, uno de ellos, Taqi Daryabi, asegura que fue trasladado a una comisar\u00eda de polic\u00eda junto a su compa\u00f1ero, el fot\u00f3grafo Nematullah Naqdi, y que all\u00ed recibieron patadas y fueron agredidos con porras y cables el\u00e9ctricos a modo de l\u00e1tigo. Horas m\u00e1s tarde, los talibanes los dejaron en libertad sin m\u00e1s.<\/p>\n\n\n\n<p>\u00abMe llevaron a otra habitaci\u00f3n y me esposaron las manos a la espalda. Decid\u00ed no defenderme porque pens\u00e9 que me golpear\u00edan m\u00e1s, as\u00ed que me tumb\u00e9 para proteger la parte delantera de mi cuerpo\u00bb, ha explicado a la BBC.<\/p>\n\n\n\n<h2 class=\"wp-block-heading\">\u00abSuerte de no haber sido decapitado\u00bb<\/h2>\n\n\n\n<p>\u00abOcho de ellos vinieron y empezaron a golpearme con palos, porras y lo que tuvieran a mano. Las marcas que tengo en la cara son de zapatos\u00bb, ha a\u00f1adido.<\/p>\n\n\n\n<figure class=\"wp-block-image\"><img decoding=\"async\" src=\"https:\/\/cadenaser00.epimg.net\/ser\/imagenes\/2021\/09\/09\/internacional\/1631201386_520717_1631203026_sumario_normal.jpg\" alt=\"Taqi Daryabi y Nematullah Naqdi.\" title=\"Taqi Daryabi y Nematullah Naqdi.\"\/><figcaption>Taqi Daryabi y Nematullah Naqdi. \/ GETTY<\/figcaption><\/figure>\n\n\n\n<p>\u00abMe qued\u00e9 inconsciente despu\u00e9s de eso. Entonces me llevaron a otro edificio donde hab\u00eda celdas y me dejaron. Apenas pod\u00eda caminar, pero nos dec\u00edan que camin\u00e1ramos r\u00e1pido. Ten\u00eda un dolor muy fuerte\u00bb, a\u00f1ade Daryabi.<\/p>\n\n\n\n<p>Naqdi ha explicado, adem\u00e1s, que los talibanes intentaron quitarle la c\u00e1mara en cuanto empez\u00f3 a tomar fotograf\u00edas de la protesta: \u00abUno de los talibanes me puso un pie en la cabeza y me aplast\u00f3 la cara contra el cemento. Me patearon en la cabeza&#8230; Pens\u00e9 que me iban a matar. Pregunt\u00e9 por qu\u00e9 me golpeaban y respondieron que ten\u00eda suerte de no haber sido decapitado\u00bb.<\/p>\n\n\n\n<p>Fuente: https:\/\/cadenaser.com\/ser\/2021\/09\/09\/internacional\/1631201386_520717.html<\/p>\n","protected":false},"excerpt":{"rendered":"<p>\u00abPregunt\u00e9 por qu\u00e9 me golpeaban y respondieron que ten\u00eda suerte de no haber sido decapitado\u00bb CADENA SER La imagen de [&hellip;]<\/p>\n","protected":false},"author":1,"featured_media":12889,"comment_status":"open","ping_status":"open","sticky":false,"template":"","format":"standard","meta":{"site-sidebar-layout":"default","site-content-layout":"","ast-site-content-layout":"default","site-content-style":"default","site-sidebar-style":"default","ast-global-header-display":"","ast-banner-title-visibility":"","ast-main-header-display":"","ast-hfb-above-header-display":"","ast-hfb-below-header-display":"","ast-hfb-mobile-header-display":"","site-post-title":"","ast-breadcrumbs-content":"","ast-featured-img":"","footer-sml-layout":"","theme-transparent-header-meta":"","adv-header-id-meta":"","stick-header-meta":"","header-above-stick-meta":"","header-main-stick-meta":"","header-below-stick-meta":"","astra-migrate-meta-layouts":"default","ast-page-background-enabled":"default","ast-page-background-meta":{"desktop":{"background-color":"var(--ast-global-color-4)","background-image":"","background-repeat":"repeat","background-position":"center center","background-size":"auto","background-attachment":"scroll","background-type":"","background-media":"","overlay-type":"","overlay-color":"","overlay-opacity":"","overlay-gradient":""},"tablet":{"background-color":"","background-image":"","background-repeat":"repeat","background-position":"center center","background-size":"auto","background-attachment":"scroll","background-type":"","background-media":"","overlay-type":"","overlay-color":"","overlay-opacity":"","overlay-gradient":""},"mobile":{"background-color":"","background-image":"","background-repeat":"repeat","background-position":"center center","background-size":"auto","background-attachment":"scroll","background-type":"","background-media":"","overlay-type":"","overlay-color":"","overlay-opacity":"","overlay-gradient":""}},"ast-content-background-meta":{"desktop":{"background-color":"var(--ast-global-color-5)","background-image":"","background-repeat":"repeat","background-position":"center center","background-size":"auto","background-attachment":"scroll","background-type":"","background-media":"","overlay-type":"","overlay-color":"","overlay-opacity":"","overlay-gradient":""},"tablet":{"background-color":"var(--ast-global-color-5)","background-image":"","background-repeat":"repeat","background-position":"center center","background-size":"auto","background-attachment":"scroll","background-type":"","background-media":"","overlay-type":"","overlay-color":"","overlay-opacity":"","overlay-gradient":""},"mobile":{"background-color":"var(--ast-global-color-5)","background-image":"","background-repeat":"repeat","background-position":"center center","background-size":"auto","background-attachment":"scroll","background-type":"","background-media":"","overlay-type":"","overlay-color":"","overlay-opacity":"","overlay-gradient":""}},"footnotes":""},"categories":[8],"tags":[3931,3932,3225],"class_list":["post-12888","post","type-post","status-publish","format-standard","has-post-thumbnail","hentry","category-noticias","tag-afganistan-2","tag-periodistas-torturados","tag-talibanes"],"_links":{"self":[{"href":"https:\/\/losperiodistas.com.mx\/portal\/wp-json\/wp\/v2\/posts\/12888","targetHints":{"allow":["GET"]}}],"collection":[{"href":"https:\/\/losperiodistas.com.mx\/portal\/wp-json\/wp\/v2\/posts"}],"about":[{"href":"https:\/\/losperiodistas.com.mx\/portal\/wp-json\/wp\/v2\/types\/post"}],"author":[{"embeddable":true,"href":"https:\/\/losperiodistas.com.mx\/portal\/wp-json\/wp\/v2\/users\/1"}],"replies":[{"embeddable":true,"href":"https:\/\/losperiodistas.com.mx\/portal\/wp-json\/wp\/v2\/comments?post=12888"}],"version-history":[{"count":1,"href":"https:\/\/losperiodistas.com.mx\/portal\/wp-json\/wp\/v2\/posts\/12888\/revisions"}],"predecessor-version":[{"id":12890,"href":"https:\/\/losperiodistas.com.mx\/portal\/wp-json\/wp\/v2\/posts\/12888\/revisions\/12890"}],"wp:featuredmedia":[{"embeddable":true,"href":"https:\/\/losperiodistas.com.mx\/portal\/wp-json\/wp\/v2\/media\/12889"}],"wp:attachment":[{"href":"https:\/\/losperiodistas.com.mx\/portal\/wp-json\/wp\/v2\/media?parent=12888"}],"wp:term":[{"taxonomy":"category","embeddable":true,"href":"https:\/\/losperiodistas.com.mx\/portal\/wp-json\/wp\/v2\/categories?post=12888"},{"taxonomy":"post_tag","embeddable":true,"href":"https:\/\/losperiodistas.com.mx\/portal\/wp-json\/wp\/v2\/tags?post=12888"}],"curies":[{"name":"wp","href":"https:\/\/api.w.org\/{rel}","templated":true}]}}