{"id":128876,"date":"2026-08-19T07:25:44","date_gmt":"2026-08-19T13:25:44","guid":{"rendered":"https:\/\/losperiodistas.com.mx\/portal\/?p=128876"},"modified":"2026-08-19T07:25:45","modified_gmt":"2026-08-19T13:25:45","slug":"barbie-celebra-el-aniversario-de-marilyn-monroe-con-una-muneca-de-la-actriz-efe","status":"publish","type":"post","link":"https:\/\/losperiodistas.com.mx\/portal\/barbie-celebra-el-aniversario-de-marilyn-monroe-con-una-muneca-de-la-actriz-efe\/","title":{"rendered":"Barbie celebra el aniversario de Marilyn Monroe con una mu\u00f1eca de la actriz | EFE"},"content":{"rendered":"\n<figure class=\"wp-block-image size-full\"><img fetchpriority=\"high\" decoding=\"async\" width=\"900\" height=\"900\" src=\"https:\/\/losperiodistas.com.mx\/portal\/wp-content\/uploads\/2026\/08\/barbie-marilyn-monroe.jpeg\" alt=\"\" class=\"wp-image-128877\" srcset=\"https:\/\/losperiodistas.com.mx\/portal\/wp-content\/uploads\/2026\/08\/barbie-marilyn-monroe.jpeg 900w, https:\/\/losperiodistas.com.mx\/portal\/wp-content\/uploads\/2026\/08\/barbie-marilyn-monroe-300x300.jpeg 300w, https:\/\/losperiodistas.com.mx\/portal\/wp-content\/uploads\/2026\/08\/barbie-marilyn-monroe-150x150.jpeg 150w, https:\/\/losperiodistas.com.mx\/portal\/wp-content\/uploads\/2026\/08\/barbie-marilyn-monroe-768x768.jpeg 768w\" sizes=\"(max-width: 900px) 100vw, 900px\" \/><figcaption class=\"wp-element-caption\">La mu\u00f1eca se inspira en la actriz y su actuaci\u00f3n en la pel\u00edcula &#8216;Los caballeros las prefieren rubias&#8217;. EFE\/ Mattel<\/figcaption><\/figure>\n\n\n\n<p class=\"has-vivid-red-color has-text-color has-link-color has-medium-font-size wp-elements-23db7e95974579b190d8bc7ea9a6cef6\"><strong>Agencia EFE<\/strong><\/p>\n\n\n\n<p>Redacci\u00f3n Internacional (EFE).- Barbie celebra el centenario del nacimiento de Marilyn Monroe (1926-1962) con una mu\u00f1eca inspirada en la actriz y su actuaci\u00f3n en la pel\u00edcula \u2018Los caballeros las prefieren rubias\u2019 (\u2018Gentlemen Prefer Blondes\u2019, 1953).<\/p>\n\n\n\n<p>La mu\u00f1eca viste una versi\u00f3n del m\u00edtico traje rosa y el collar de diamantes de la ic\u00f3nica interpretaci\u00f3n de la actriz en la escena musical de \u2018Diamonds Are a Girl\u2019s Best Friend\u2019.<\/p>\n\n\n\n<h2 class=\"wp-block-heading\" id=\"h-homenaje-a-un-icono\">Homenaje a un icono<\/h2>\n\n\n\n<p>Todo el dise\u00f1o ha sido creado por Mattel en colaboraci\u00f3n con la instituci\u00f3n que conserva y promueve el legado de Marilyn Monroe (The Estate of Marilyn Monroe LLC) para asegurar que cada detalle rinde homenaje a una de sus actuaciones m\u00e1s memorables, a\u00f1ade el comunicado.<\/p>\n\n\n\n<p>La escena de \u2018Diamonds Are a Girl\u2019s Best Friend\u2019, recuerda Mattel en una nota, es \u00abuno de los momentos de moda m\u00e1s ic\u00f3nicos del cine\u00bb y ayud\u00f3 a definir el legado cultural de la actriz.<\/p>\n\n\n\n<figure class=\"wp-block-image\"><img decoding=\"async\" src=\"https:\/\/i0.wp.com\/efe.com\/wp-content\/uploads\/2026\/08\/barbie-marilyn.webp?resize=900%2C900&amp;ssl=1\" alt=\"Barbie Marilyn Monroe\" class=\"wp-image-2818815\"\/><figcaption class=\"wp-element-caption\">Barbie celebra as\u00ed el centenario del nacimiento de Marilyn Monroe (1926-1962). EFE\/ Mattel<\/figcaption><\/figure>\n\n\n\n<p>El vestido de la mu\u00f1eca luce un llamativo lazo de gran tama\u00f1o, largos guantes y lleva joyas inspiradas en diamantes, emulando el \u00abglamour inconfundible de Marilyn\u00bb.<\/p>\n\n\n\n<p>\u00abM\u00e1s que un tributo a este look inolvidable, honramos a Marilyn como una pionera: una productora perspicaz, una empresaria y una artista que rompi\u00f3 barreras, y esta mu\u00f1eca celebra la totalidad de su incre\u00edble legado\u00bb, subraya Robert Best, vicepresidente y director creativo de dise\u00f1o de mu\u00f1ecas en Mattel.<\/p>\n\n\n\n<p>El dise\u00f1o se suma a otros de Mattel en homenaje a Marilyn Monroe, ya que entre 1997 y 2009 vieron la luz varias mu\u00f1ecas que celebraron sus papeles cinematogr\u00e1ficos y sus momentos de moda m\u00e1s memorables.<\/p>\n\n\n\n<figure class=\"wp-block-image\"><img decoding=\"async\" src=\"https:\/\/i0.wp.com\/efe.com\/wp-content\/uploads\/2026\/08\/barbie-muneca-marilyn.webp?resize=900%2C900&amp;ssl=1\" alt=\"Barbie Marilyn Monroe\" class=\"wp-image-2818818\"\/><figcaption class=\"wp-element-caption\">EFE\/ Mattel<\/figcaption><\/figure>\n\n\n\n<p>Mattel ha lanzado&nbsp;<a href=\"https:\/\/efe.com\/cultura\/2024-03-06\/barbie-8m-mujeres-destacadas\/\" target=\"_blank\" rel=\"noreferrer noopener\">mu\u00f1ecas inspiradas en otros iconos<\/a>&nbsp;culturales como Whitney Houston, Miley Cyrus, Kylie Minogue, Aaliyah, Stevie Nicks, Gloria Estefan, David Bowie, Juan Gabriel, Tina Turner, Elvis Presley, Diana Ross o Elton John, entre otros.<\/p>\n\n\n\n<p><a href=\"https:\/\/efe.com\/cultura\/2026-05-31\/marilyn-monroe-exposicion-fotos-piezas-cultura\/\" target=\"_blank\" rel=\"noreferrer noopener\">El aniversario de Marilyn Monroe<\/a>&nbsp;cuenta con una extensa programaci\u00f3n en todo el mundo, especialmente exposiciones como \u2018Marilyn Monroe: Hollywood Icon\u2019 en el Academy Museum of Motion Pictures en Los \u00c1ngeles o \u2018Marilyn Monroe: A Portrait\u2019 en la National Portrait Gallery de Londres.<\/p>\n\n\n\n<figure class=\"wp-block-embed is-type-wp-embed is-provider-efe-noticias wp-block-embed-efe-noticias\"><div class=\"wp-block-embed__wrapper\">\nhttps:\/\/efe.com\/cultura\/2026-05-31\/marilyn-monroe-exposicion-fotos-piezas-cultura\/\n<\/div><\/figure>\n\n\n\n<p><\/p>\n\n\n\n<p>Fuente: <a href=\"https:\/\/efe.com\/cultura\/2026-08-19\/barbie-marilyn-monroe-caballeros-prefieren-rubias\/\">https:\/\/efe.com\/cultura\/2026-08-19\/barbie-marilyn-monroe-caballeros-prefieren-rubias\/<\/a><\/p>\n","protected":false},"excerpt":{"rendered":"<p>Agencia EFE Redacci\u00f3n Internacional (EFE).- Barbie celebra el centenario del nacimiento de Marilyn Monroe (1926-1962) con una mu\u00f1eca inspirada en [&hellip;]<\/p>\n","protected":false},"author":1,"featured_media":128877,"comment_status":"open","ping_status":"open","sticky":false,"template":"","format":"standard","meta":{"site-sidebar-layout":"default","site-content-layout":"","ast-site-content-layout":"default","site-content-style":"default","site-sidebar-style":"default","ast-global-header-display":"","ast-banner-title-visibility":"","ast-main-header-display":"","ast-hfb-above-header-display":"","ast-hfb-below-header-display":"","ast-hfb-mobile-header-display":"","site-post-title":"","ast-breadcrumbs-content":"","ast-featured-img":"","footer-sml-layout":"","theme-transparent-header-meta":"","adv-header-id-meta":"","stick-header-meta":"","header-above-stick-meta":"","header-main-stick-meta":"","header-below-stick-meta":"","astra-migrate-meta-layouts":"default","ast-page-background-enabled":"default","ast-page-background-meta":{"desktop":{"background-color":"var(--ast-global-color-4)","background-image":"","background-repeat":"repeat","background-position":"center center","background-size":"auto","background-attachment":"scroll","background-type":"","background-media":"","overlay-type":"","overlay-color":"","overlay-opacity":"","overlay-gradient":""},"tablet":{"background-color":"","background-image":"","background-repeat":"repeat","background-position":"center center","background-size":"auto","background-attachment":"scroll","background-type":"","background-media":"","overlay-type":"","overlay-color":"","overlay-opacity":"","overlay-gradient":""},"mobile":{"background-color":"","background-image":"","background-repeat":"repeat","background-position":"center center","background-size":"auto","background-attachment":"scroll","background-type":"","background-media":"","overlay-type":"","overlay-color":"","overlay-opacity":"","overlay-gradient":""}},"ast-content-background-meta":{"desktop":{"background-color":"var(--ast-global-color-5)","background-image":"","background-repeat":"repeat","background-position":"center center","background-size":"auto","background-attachment":"scroll","background-type":"","background-media":"","overlay-type":"","overlay-color":"","overlay-opacity":"","overlay-gradient":""},"tablet":{"background-color":"var(--ast-global-color-5)","background-image":"","background-repeat":"repeat","background-position":"center center","background-size":"auto","background-attachment":"scroll","background-type":"","background-media":"","overlay-type":"","overlay-color":"","overlay-opacity":"","overlay-gradient":""},"mobile":{"background-color":"var(--ast-global-color-5)","background-image":"","background-repeat":"repeat","background-position":"center center","background-size":"auto","background-attachment":"scroll","background-type":"","background-media":"","overlay-type":"","overlay-color":"","overlay-opacity":"","overlay-gradient":""}},"footnotes":""},"categories":[8],"tags":[52444,52446,52445],"class_list":["post-128876","post","type-post","status-publish","format-standard","has-post-thumbnail","hentry","category-noticias","tag-los-caballeros-las-prefieren-rubias","tag-barbie-marilyn-monroe","tag-centenario-marilyn-monroe"],"_links":{"self":[{"href":"https:\/\/losperiodistas.com.mx\/portal\/wp-json\/wp\/v2\/posts\/128876","targetHints":{"allow":["GET"]}}],"collection":[{"href":"https:\/\/losperiodistas.com.mx\/portal\/wp-json\/wp\/v2\/posts"}],"about":[{"href":"https:\/\/losperiodistas.com.mx\/portal\/wp-json\/wp\/v2\/types\/post"}],"author":[{"embeddable":true,"href":"https:\/\/losperiodistas.com.mx\/portal\/wp-json\/wp\/v2\/users\/1"}],"replies":[{"embeddable":true,"href":"https:\/\/losperiodistas.com.mx\/portal\/wp-json\/wp\/v2\/comments?post=128876"}],"version-history":[{"count":1,"href":"https:\/\/losperiodistas.com.mx\/portal\/wp-json\/wp\/v2\/posts\/128876\/revisions"}],"predecessor-version":[{"id":128878,"href":"https:\/\/losperiodistas.com.mx\/portal\/wp-json\/wp\/v2\/posts\/128876\/revisions\/128878"}],"wp:featuredmedia":[{"embeddable":true,"href":"https:\/\/losperiodistas.com.mx\/portal\/wp-json\/wp\/v2\/media\/128877"}],"wp:attachment":[{"href":"https:\/\/losperiodistas.com.mx\/portal\/wp-json\/wp\/v2\/media?parent=128876"}],"wp:term":[{"taxonomy":"category","embeddable":true,"href":"https:\/\/losperiodistas.com.mx\/portal\/wp-json\/wp\/v2\/categories?post=128876"},{"taxonomy":"post_tag","embeddable":true,"href":"https:\/\/losperiodistas.com.mx\/portal\/wp-json\/wp\/v2\/tags?post=128876"}],"curies":[{"name":"wp","href":"https:\/\/api.w.org\/{rel}","templated":true}]}}