{"id":128864,"date":"2026-08-19T06:03:03","date_gmt":"2026-08-19T12:03:03","guid":{"rendered":"https:\/\/losperiodistas.com.mx\/portal\/?p=128864"},"modified":"2026-08-19T06:03:05","modified_gmt":"2026-08-19T12:03:05","slug":"aguas-con-el-nino-traera-calor-y-lluvias-muy-intensas-en-proximos-meses-el-economista","status":"publish","type":"post","link":"https:\/\/losperiodistas.com.mx\/portal\/aguas-con-el-nino-traera-calor-y-lluvias-muy-intensas-en-proximos-meses-el-economista\/","title":{"rendered":"Aguas con El Ni\u00f1o; traer\u00e1 calor y lluvias muy intensas en pr\u00f3ximos meses | El Economista"},"content":{"rendered":"\n<p class=\"has-medium-font-size\">Manufactura tuvo p\u00e9rdidas por fen\u00f3meno en 2023-2024 de hasta 130,000 millones de pesos.<\/p>\n\n\n\n<figure class=\"wp-block-image size-large\"><img fetchpriority=\"high\" decoding=\"async\" width=\"1024\" height=\"576\" src=\"https:\/\/losperiodistas.com.mx\/portal\/wp-content\/uploads\/2026\/08\/6a854b80bb0b2-1024x576.webp\" alt=\"\" class=\"wp-image-128865\" srcset=\"https:\/\/losperiodistas.com.mx\/portal\/wp-content\/uploads\/2026\/08\/6a854b80bb0b2-1024x576.webp 1024w, https:\/\/losperiodistas.com.mx\/portal\/wp-content\/uploads\/2026\/08\/6a854b80bb0b2-300x169.webp 300w, https:\/\/losperiodistas.com.mx\/portal\/wp-content\/uploads\/2026\/08\/6a854b80bb0b2-768x432.webp 768w, https:\/\/losperiodistas.com.mx\/portal\/wp-content\/uploads\/2026\/08\/6a854b80bb0b2.webp 1280w\" sizes=\"(max-width: 1024px) 100vw, 1024px\" \/><figcaption class=\"wp-element-caption\">Banco de M\u00e9xico estim\u00f3 que El Ni\u00f1o de 2023-2024 tuvo un impacto de entre 164,000 y 188,000 millones de pesos sobre el Producto Interno Bruto (PIB). Cr\u00e9ditos autom\u00e1ticos<\/figcaption><\/figure>\n\n\n\n<p class=\"has-medium-font-size\"><strong>Por:\u00a0<a href=\"https:\/\/www.eleconomista.com.mx\/autor\/arturo.rojas\">Arturo Rojas<\/a> \/ El Economista<\/strong><\/p>\n\n\n\n<p><\/p>\n\n\n\n<p>El fen\u00f3meno de El Ni\u00f1o 2026-2027 podr\u00eda agravar la crisis h\u00eddrica que enfrenta M\u00e9xico y generar impactos que ir\u00edan desde una menor disponibilidad de agua en presas, r\u00edos y acu\u00edferos hasta p\u00e9rdidas agr\u00edcolas, restricciones para la industria, mayores costos de producci\u00f3n y presiones sobre el suministro para las ciudades.<\/p>\n\n\n\n<p>Durante el seminario \u201cEl Ni\u00f1o 2026: La liga con la emergencia clim\u00e1tica global, qu\u00e9 esperar y c\u00f3mo prepararnos\u201d, Fabiola Sosa, jefa del \u00c1rea de Crecimiento Econ\u00f3mico y Medio Ambiente de la UAM, advirti\u00f3 que el pa\u00eds no puede enfrentar el fen\u00f3meno \u00fanicamente recurriendo a una mayor extracci\u00f3n de aguas subterr\u00e1neas.<\/p>\n\n\n\n<p>Explic\u00f3 que El Ni\u00f1o puede alterar distintos componentes del ciclo del agua, entre ellos la precipitaci\u00f3n, evaporaci\u00f3n, evapotranspiraci\u00f3n, escurrimientos superficiales y recarga de los acu\u00edferos.<\/p>\n\n\n\n<p>\u201cNo s\u00f3lo implican un menor nivel en el agua superficial, sino tambi\u00e9n en las aguas subterr\u00e1neas\u201d, se\u00f1al\u00f3 al recordar los efectos de El Ni\u00f1o de 2023-2024.<\/p>\n\n\n\n<p>Por ello, consider\u00f3 que continuar utilizando los acu\u00edferos como principal mecanismo de emergencia para compensar la reducci\u00f3n en las presas no es una estrategia sostenible.<\/p>\n\n\n\n<p>Sosa explic\u00f3 que los efectos de El Ni\u00f1o ser\u00e1n heterog\u00e9neos y podr\u00edan generar simult\u00e1neamente sequ\u00edas, inundaciones y otros eventos hidrometeorol\u00f3gicos extremos, dependiendo de la regi\u00f3n y de la \u00e9poca del a\u00f1o.<\/p>\n\n\n\n<p>El problema, dijo, se presenta sobre un territorio donde m\u00e1s de la mitad del pa\u00eds es naturalmente semides\u00e9rtico y donde, adem\u00e1s, decisiones de planeaci\u00f3n urbana y desarrollo econ\u00f3mico han concentrado ciudades y actividades intensivas en agua en regiones que ya enfrentan estr\u00e9s h\u00eddrico.<\/p>\n\n\n\n<p><strong>Sectores m\u00e1s expuestos<\/strong><\/p>\n\n\n\n<p>En la agricultura, Sosa se\u00f1al\u00f3 que una menor disponibilidad de agua puede traducirse en reducciones de rendimiento, mayores costos de bombeo, p\u00e9rdidas de cosechas y aumento en los precios de los alimentos.<\/p>\n\n\n\n<p>La industria tambi\u00e9n enfrentar\u00eda impactos diferenciados de acuerdo con su consumo de agua y la disponibilidad de las cuencas donde se encuentre instalada. Actividades como la producci\u00f3n de alimentos, bebidas y papel estar\u00edan entre las m\u00e1s expuestas.<\/p>\n\n\n\n<p>En el sector energ\u00e9tico, los efectos no s\u00f3lo estar\u00edan relacionados con la generaci\u00f3n de electricidad, sino con una posible mayor demanda el\u00e9ctrica en las ciudades ante las presiones derivadas del suministro de agua y las altas temperaturas.<\/p>\n\n\n\n<p>Como referencia, se\u00f1al\u00f3 que Banco de M\u00e9xico estim\u00f3 que El Ni\u00f1o de 2023-2024 tuvo un impacto de entre 164,000 y 188,000 millones de pesos sobre el Producto Interno Bruto (PIB).<\/p>\n\n\n\n<p>Tambi\u00e9n mencion\u00f3 estimaciones de p\u00e9rdidas de entre 107,000 y 130,000 millones de pesos para la industria manufacturera, mientras que alrededor de 80% de la producci\u00f3n agr\u00edcola se encontraba en municipios que presentaban alguna evidencia de sequ\u00eda.<\/p>\n\n\n\n<p>Tania P\u00e9rez, especialista de la Subdirecci\u00f3n de Medio Ambiente de FIRA (Fideicomisos Instituidos en Relaci\u00f3n con la Agricultura), explic\u00f3 que el sector financiero ya considera los fen\u00f3menos clim\u00e1ticos extremos como un factor de riesgo para productores, empresas e instituciones financieras.<\/p>\n\n\n\n<p>Indic\u00f3 que la sequ\u00eda de 2024 provoc\u00f3 una contracci\u00f3n de 3.3% del PIB agropecuario, mientras que los efectos de El Ni\u00f1o pueden trasladarse desde el terreno clim\u00e1tico hasta el financiero.<\/p>\n\n\n\n<p>Entre las estrategias desarrolladas por FIRA mencion\u00f3 plataformas de informaci\u00f3n clim\u00e1tica y geoespacial, programas para impulsar bioinsumos, agricultura regenerativa, eficiencia h\u00eddrica, labranza cero y m\u00ednima, seguros y garant\u00edas, as\u00ed como herramientas para identificar riesgos clim\u00e1ticos por regi\u00f3n y cultivo.<\/p>\n\n\n\n<p>Mientras que, en el panel \u201c\u00bfEstamos listos? \u00bfC\u00f3mo nos preparamos? Retos para todos los sectores y niveles de gobierno\u201d, Enrique Guevara Ortiz, director general del Centro Nacional de Prevenci\u00f3n de Desastres, advirti\u00f3 que no puede afirmarse que todo el pa\u00eds est\u00e9 igualmente preparado, debido a las diferencias territoriales, sociales, institucionales y econ\u00f3micas existentes entre regiones.<\/p>\n\n\n\n<p>\u201cLa preparaci\u00f3n no comienza con el impacto, sino con la toma de decisiones a partir del d\u00eda de hoy\u201d, afirm\u00f3.<\/p>\n\n\n\n<p>Guillermo P\u00e9rez, director de Gesti\u00f3n Integral de Riesgos de Desastres y Cambio Clim\u00e1tico de la Secretar\u00eda de Desarrollo Agrario, Territorial y Urbano, coincidi\u00f3 en que el reto no consiste \u00fanicamente en pronosticar los fen\u00f3menos, sino en llevar la informaci\u00f3n hasta donde ocurre la vida cotidiana.<\/p>\n\n\n\n<p>P\u00e9rez plante\u00f3 que la informaci\u00f3n sobre riesgos debe alcanzar una escala de barrio, manzana o incluso predio, de manera que las autoridades locales puedan identificar con precisi\u00f3n d\u00f3nde existe riesgo de inundaci\u00f3n, desbordamientos, deslizamientos o intrusi\u00f3n salina.<\/p>\n\n\n\n<p><strong>Estiman que en 2027 se romper\u00eda r\u00e9cord en temperatura global<\/strong><\/p>\n\n\n\n<p>El fen\u00f3meno de El Ni\u00f1o 2026-2027 podr\u00eda alcanzar una intensidad excepcional e incluso romper r\u00e9cords, al tiempo que sus efectos se combinar\u00e1n con un planeta que ya experimenta temperaturas elevadas por el cambio clim\u00e1tico, advirti\u00f3 Andreas Fischlin, excopresidente del Panel Intergubernamental sobre Cambio Clim\u00e1tico (IPCC) y profesor de ETH Zurich.<\/p>\n\n\n\n<p>Durante el panel \u201cEl fen\u00f3meno de El Ni\u00f1o y su relaci\u00f3n con el cambio clim\u00e1tico: qu\u00e9 se espera este a\u00f1o\u201d, del seminario \u201cEl Ni\u00f1o 2026: La liga con la emergencia clim\u00e1tica global, qu\u00e9 esperar y c\u00f3mo prepararnos\u201d, Fischlin explic\u00f3 que ambos fen\u00f3menos no deben confundirse: mientras El Ni\u00f1o forma parte de una oscilaci\u00f3n natural del sistema clim\u00e1tico, el calentamiento global constituye una transformaci\u00f3n de largo plazo.<\/p>\n\n\n\n<p>\u201cEste El Ni\u00f1o&nbsp;est\u00e1 agregando combustible a un planeta que ya est\u00e1 en llamas\u201d, resumi\u00f3 Fischlin al citar una descripci\u00f3n reciente del fen\u00f3meno.<\/p>\n\n\n\n<p>De acuerdo con el experto, la combinaci\u00f3n de ambos procesos podr\u00eda provocar nuevos r\u00e9cords de temperatura global, particularmente si El Ni\u00f1o se mantiene hasta 2027.<\/p>\n\n\n\n<p>Para Centroam\u00e9rica y M\u00e9xico, uno de los principales riesgos es la presencia de condiciones m\u00e1s c\u00e1lidas y secas.<\/p>\n\n\n\n<p>Adem\u00e1s, a\u00f1adi\u00f3 que otras regiones enfrentar\u00e1n escenarios distintos, desde d\u00e9ficit de precipitaciones hasta lluvias intensas capaces de provocar inundaciones.<\/p>\n\n\n\n<p>\u201cEste El Ni\u00f1o est\u00e1 agregando combustible a un planeta que ya est\u00e1 en llamas\u201d, resumi\u00f3 Fischlin al citar una descripci\u00f3n reciente del fen\u00f3meno.<\/p>\n\n\n\n<p>Ante la pregunta sobre qu\u00e9 deber\u00eda hacer M\u00e9xico frente al escenario previsto, Fischlin evit\u00f3 formular recomendaciones espec\u00edficas debido a que, dijo, no conoce suficientemente las condiciones institucionales y territoriales del pa\u00eds.<\/p>\n\n\n\n<p>No obstante, plante\u00f3 una prioridad: desarrollar servicios clim\u00e1ticos y escenarios regionalizados que permitan anticipar c\u00f3mo afectar\u00e1 El Ni\u00f1o y el cambio clim\u00e1tico a cada zona del pa\u00eds.<\/p>\n\n\n\n<p>Fuente: <a href=\"https:\/\/www.eleconomista.com.mx\/politica\/alertan-nino-empeorar-crisis-hidrica-20260819-829006.html\">https:\/\/www.eleconomista.com.mx\/politica\/alertan-nino-empeorar-crisis-hidrica-20260819-829006.html<\/a><\/p>\n","protected":false},"excerpt":{"rendered":"<p>Manufactura tuvo p\u00e9rdidas por fen\u00f3meno en 2023-2024 de hasta 130,000 millones de pesos. Por:\u00a0Arturo Rojas \/ El Economista El fen\u00f3meno [&hellip;]<\/p>\n","protected":false},"author":1,"featured_media":128865,"comment_status":"open","ping_status":"open","sticky":false,"template":"","format":"standard","meta":{"site-sidebar-layout":"default","site-content-layout":"","ast-site-content-layout":"default","site-content-style":"default","site-sidebar-style":"default","ast-global-header-display":"","ast-banner-title-visibility":"","ast-main-header-display":"","ast-hfb-above-header-display":"","ast-hfb-below-header-display":"","ast-hfb-mobile-header-display":"","site-post-title":"","ast-breadcrumbs-content":"","ast-featured-img":"","footer-sml-layout":"","theme-transparent-header-meta":"","adv-header-id-meta":"","stick-header-meta":"","header-above-stick-meta":"","header-main-stick-meta":"","header-below-stick-meta":"","astra-migrate-meta-layouts":"default","ast-page-background-enabled":"default","ast-page-background-meta":{"desktop":{"background-color":"var(--ast-global-color-4)","background-image":"","background-repeat":"repeat","background-position":"center center","background-size":"auto","background-attachment":"scroll","background-type":"","background-media":"","overlay-type":"","overlay-color":"","overlay-opacity":"","overlay-gradient":""},"tablet":{"background-color":"","background-image":"","background-repeat":"repeat","background-position":"center center","background-size":"auto","background-attachment":"scroll","background-type":"","background-media":"","overlay-type":"","overlay-color":"","overlay-opacity":"","overlay-gradient":""},"mobile":{"background-color":"","background-image":"","background-repeat":"repeat","background-position":"center center","background-size":"auto","background-attachment":"scroll","background-type":"","background-media":"","overlay-type":"","overlay-color":"","overlay-opacity":"","overlay-gradient":""}},"ast-content-background-meta":{"desktop":{"background-color":"var(--ast-global-color-5)","background-image":"","background-repeat":"repeat","background-position":"center center","background-size":"auto","background-attachment":"scroll","background-type":"","background-media":"","overlay-type":"","overlay-color":"","overlay-opacity":"","overlay-gradient":""},"tablet":{"background-color":"var(--ast-global-color-5)","background-image":"","background-repeat":"repeat","background-position":"center center","background-size":"auto","background-attachment":"scroll","background-type":"","background-media":"","overlay-type":"","overlay-color":"","overlay-opacity":"","overlay-gradient":""},"mobile":{"background-color":"var(--ast-global-color-5)","background-image":"","background-repeat":"repeat","background-position":"center center","background-size":"auto","background-attachment":"scroll","background-type":"","background-media":"","overlay-type":"","overlay-color":"","overlay-opacity":"","overlay-gradient":""}},"footnotes":""},"categories":[8],"tags":[24828,52435],"class_list":["post-128864","post","type-post","status-publish","format-standard","has-post-thumbnail","hentry","category-noticias","tag-crisis-hidrica-mexico","tag-fenomeno-de-el-nino-2026-2027"],"_links":{"self":[{"href":"https:\/\/losperiodistas.com.mx\/portal\/wp-json\/wp\/v2\/posts\/128864","targetHints":{"allow":["GET"]}}],"collection":[{"href":"https:\/\/losperiodistas.com.mx\/portal\/wp-json\/wp\/v2\/posts"}],"about":[{"href":"https:\/\/losperiodistas.com.mx\/portal\/wp-json\/wp\/v2\/types\/post"}],"author":[{"embeddable":true,"href":"https:\/\/losperiodistas.com.mx\/portal\/wp-json\/wp\/v2\/users\/1"}],"replies":[{"embeddable":true,"href":"https:\/\/losperiodistas.com.mx\/portal\/wp-json\/wp\/v2\/comments?post=128864"}],"version-history":[{"count":1,"href":"https:\/\/losperiodistas.com.mx\/portal\/wp-json\/wp\/v2\/posts\/128864\/revisions"}],"predecessor-version":[{"id":128866,"href":"https:\/\/losperiodistas.com.mx\/portal\/wp-json\/wp\/v2\/posts\/128864\/revisions\/128866"}],"wp:featuredmedia":[{"embeddable":true,"href":"https:\/\/losperiodistas.com.mx\/portal\/wp-json\/wp\/v2\/media\/128865"}],"wp:attachment":[{"href":"https:\/\/losperiodistas.com.mx\/portal\/wp-json\/wp\/v2\/media?parent=128864"}],"wp:term":[{"taxonomy":"category","embeddable":true,"href":"https:\/\/losperiodistas.com.mx\/portal\/wp-json\/wp\/v2\/categories?post=128864"},{"taxonomy":"post_tag","embeddable":true,"href":"https:\/\/losperiodistas.com.mx\/portal\/wp-json\/wp\/v2\/tags?post=128864"}],"curies":[{"name":"wp","href":"https:\/\/api.w.org\/{rel}","templated":true}]}}