{"id":128862,"date":"2026-08-19T05:57:09","date_gmt":"2026-08-19T11:57:09","guid":{"rendered":"https:\/\/losperiodistas.com.mx\/portal\/?p=128862"},"modified":"2026-08-19T05:57:10","modified_gmt":"2026-08-19T11:57:10","slug":"opinion-aqui-esta-la-carta","status":"publish","type":"post","link":"https:\/\/losperiodistas.com.mx\/portal\/opinion-aqui-esta-la-carta\/","title":{"rendered":"Opini\u00f3n | \u00a1\u00a1Aqu\u00ed est\u00e1 la carta!!"},"content":{"rendered":"\n<figure class=\"wp-block-image aligncenter size-full is-resized\"><img fetchpriority=\"high\" decoding=\"async\" width=\"750\" height=\"292\" src=\"https:\/\/losperiodistas.com.mx\/portal\/wp-content\/uploads\/2026\/05\/Captura-de-Pantalla-2021-07-20-a-las-18.51.06.jpg\" alt=\"\" class=\"wp-image-121762\" style=\"width:440px;height:auto\" srcset=\"https:\/\/losperiodistas.com.mx\/portal\/wp-content\/uploads\/2026\/05\/Captura-de-Pantalla-2021-07-20-a-las-18.51.06.jpg 750w, https:\/\/losperiodistas.com.mx\/portal\/wp-content\/uploads\/2026\/05\/Captura-de-Pantalla-2021-07-20-a-las-18.51.06-300x117.jpg 300w\" sizes=\"(max-width: 750px) 100vw, 750px\" \/><figcaption class=\"wp-element-caption\">Screenshot<\/figcaption><\/figure>\n\n\n\n<p><strong>Por: Humberto Aguilar Coronado*<\/strong><\/p>\n\n\n\n<p>Don Jes\u00fas Reyes Heroles afirm\u00f3 que, en la pol\u00edtica mexicana, \u201cla forma es fondo\u201d, pero cuando la forma es una copia casi exacta de un estilo muy personal de redactar, la sospecha pasa a segundo plano.<\/p>\n\n\n\n<p>Despu\u00e9s de la cancelaci\u00f3n de la visa estadounidense a Andy L\u00f3pez Beltr\u00e1n, se dio a conocer en redes sociales un escrito dirigido al presidente Donald Trump.<\/p>\n\n\n\n<p>El hecho llama poderosamente la atenci\u00f3n, no solo por considerarse un exabrupto, sino por la similitud sem\u00e1ntica, en tono, sintaxis, referencias y recursos literarios con las famosas cartas escritas por su padre en mayo de 2019 y en junio de 2026.<\/p>\n\n\n\n<p>La hip\u00f3tesis se sostiene por s\u00ed misma: la carta de Andy no parece redactada por \u00e9l y pareciera que la redact\u00f3 o dict\u00f3 AMLO.<\/p>\n\n\n\n<p>Basta revisar los paralelismos en los textos y conceptos en las tres cartas.<\/p>\n\n\n\n<p>En la carta de mayo de 2019, L\u00f3pez Obrador se\u00f1alaba a los funcionarios que \u201cdesinformaban\u201d a Trump; en junio de 2026 volv\u00eda a se\u00f1alar a los \u201chalcones\u201d del Departamento de Estado y casualmente, en la carta de \u201cAndy\u201d, califica de \u201chalcones\u201d a Marco Rubio y a Christopher Landau, acus\u00e1ndolos de ser los autores de una \u00abburda y perversa canallada politiquera\u00bb.<\/p>\n\n\n\n<p>Un sello personal de L\u00f3pez Obrador fue recordar la historia norteamericana para tratar de dar lecciones morales de diplomacia. En las cartas enviadas en2019 y 2026, invoc\u00f3 a Abraham Lincoln y Franklin D. Roosevelt como referentes \u00abdignos\u00bb de Washington.<\/p>\n\n\n\n<p>Curiosamente la carta de Andy repite, casi exactamente la cita hist\u00f3rica, se\u00f1alando que espera un viraje en la actuaci\u00f3n de los EE. UU. guiados por los ideales de Lincoln y Roosevelt.<\/p>\n\n\n\n<p>En sus cartas, L\u00f3pez Obrador sol\u00eda contrastar los valores del pueblo mexicano con la decadencia occidental, y la carta de Andy, concluye afirmando que no tiene inconveniente en no visitar los Estados Unidos, al que describe como un pa\u00eds que vive en \u00abtiempos decadentes de odio, racismo, drogadicci\u00f3n, desintegraci\u00f3n familiar y tristeza\u00bb.<\/p>\n\n\n\n<p>La adjetivaci\u00f3n parece una referencia a los discursos ma\u00f1aneros de su padre.<\/p>\n\n\n\n<p>El uso de un lenguaje moralizante, la l\u00ednea argumentativa, la invocaci\u00f3n de pr\u00f3ceres y la arrogancia envuelta en victimizaci\u00f3n, delatan que lo m\u00e1s seguro es que Andy no fue el redactor de la carta.<\/p>\n\n\n\n<p>La cancelaci\u00f3n de una visa por el Departamento de Estado responde a la Ley de Inmigraci\u00f3n y Nacionalidad que otorga facultades discrecionales para retirar visados por se\u00f1alamientos de corrupci\u00f3n, v\u00ednculos con el crimen organizado o violaciones a derechos humanos, sin obligaci\u00f3n de presentar un juicio penal previo.<\/p>\n\n\n\n<p>No es un caso aislado. Estados Unidos ha revocado visas a mandatarios y pol\u00edticos latinoamericanos envueltos en se\u00f1alamientos de corrupci\u00f3n o lavado de dinero, como el expresidente de Guatemala Alejandro Giammattei, el expresidente de Panam\u00e1 Ricardo Martinelli o el expresidente de Honduras Juan Orlando Hern\u00e1ndez.<\/p>\n\n\n\n<p>&nbsp;Lo que resulta completamente inusual es la respuesta mediante una carta p\u00fablica.<\/p>\n\n\n\n<p>No existe un antecedente en Latinoam\u00e9rica de un dirigente o familiares de pol\u00edticos, a quienes se le haya retirado la visa, cuya reacci\u00f3n haya sido enviar una carta personal al presidente de los Estados Unidos reclamando el hecho, para intentar un litigo medi\u00e1tico-ideol\u00f3gico.<\/p>\n\n\n\n<p>La carta responde a la misma l\u00f3gica de soberbia e impunidad de la clase gobernante de los \u00faltimos 8 a\u00f1os.<\/p>\n\n\n\n<p>Hay que decirlo claramente, el que le hayan retirado la visa a Andy, no significa ning\u00fan agravio para los mexicanos y mucho menos, un ataque injerencista a M\u00e9xico.<\/p>\n\n\n\n<p>\u00bfDar\u00e1 respuesta formal el presidente Trump o el gobierno norteamericano?<\/p>\n\n\n\n<p>Me parece que no y al parecer, la cancelaci\u00f3n de la visa es la primera parte de un expediente mucho m\u00e1s amplio que manejar\u00e1 Estados Unidos a su conveniencia.<\/p>\n\n\n\n<p>*Es polit\u00f3logo<\/p>\n\n\n\n<hr class=\"wp-block-separator has-alpha-channel-opacity\"\/>\n\n\n\n<p><strong>+ OPINI\u00d3N : Las opiniones expresadas son responsabilidad del autor<\/strong><\/p>\n","protected":false},"excerpt":{"rendered":"<p>Por: Humberto Aguilar Coronado* Don Jes\u00fas Reyes Heroles afirm\u00f3 que, en la pol\u00edtica mexicana, \u201cla forma es fondo\u201d, pero cuando [&hellip;]<\/p>\n","protected":false},"author":1,"featured_media":121762,"comment_status":"open","ping_status":"open","sticky":false,"template":"","format":"standard","meta":{"site-sidebar-layout":"default","site-content-layout":"","ast-site-content-layout":"default","site-content-style":"default","site-sidebar-style":"default","ast-global-header-display":"","ast-banner-title-visibility":"","ast-main-header-display":"","ast-hfb-above-header-display":"","ast-hfb-below-header-display":"","ast-hfb-mobile-header-display":"","site-post-title":"","ast-breadcrumbs-content":"","ast-featured-img":"","footer-sml-layout":"","theme-transparent-header-meta":"","adv-header-id-meta":"","stick-header-meta":"","header-above-stick-meta":"","header-main-stick-meta":"","header-below-stick-meta":"","astra-migrate-meta-layouts":"default","ast-page-background-enabled":"default","ast-page-background-meta":{"desktop":{"background-color":"var(--ast-global-color-4)","background-image":"","background-repeat":"repeat","background-position":"center center","background-size":"auto","background-attachment":"scroll","background-type":"","background-media":"","overlay-type":"","overlay-color":"","overlay-opacity":"","overlay-gradient":""},"tablet":{"background-color":"","background-image":"","background-repeat":"repeat","background-position":"center center","background-size":"auto","background-attachment":"scroll","background-type":"","background-media":"","overlay-type":"","overlay-color":"","overlay-opacity":"","overlay-gradient":""},"mobile":{"background-color":"","background-image":"","background-repeat":"repeat","background-position":"center center","background-size":"auto","background-attachment":"scroll","background-type":"","background-media":"","overlay-type":"","overlay-color":"","overlay-opacity":"","overlay-gradient":""}},"ast-content-background-meta":{"desktop":{"background-color":"var(--ast-global-color-5)","background-image":"","background-repeat":"repeat","background-position":"center center","background-size":"auto","background-attachment":"scroll","background-type":"","background-media":"","overlay-type":"","overlay-color":"","overlay-opacity":"","overlay-gradient":""},"tablet":{"background-color":"var(--ast-global-color-5)","background-image":"","background-repeat":"repeat","background-position":"center center","background-size":"auto","background-attachment":"scroll","background-type":"","background-media":"","overlay-type":"","overlay-color":"","overlay-opacity":"","overlay-gradient":""},"mobile":{"background-color":"var(--ast-global-color-5)","background-image":"","background-repeat":"repeat","background-position":"center center","background-size":"auto","background-attachment":"scroll","background-type":"","background-media":"","overlay-type":"","overlay-color":"","overlay-opacity":"","overlay-gradient":""}},"footnotes":""},"categories":[8,18],"tags":[52434,29829,52432,52433],"class_list":["post-128862","post","type-post","status-publish","format-standard","has-post-thumbnail","hentry","category-noticias","category-palabra-de-tigre","tag-amlo-carta-trump","tag-andy-lopez-beltran","tag-la-forma-es-fondo","tag-visa-andy"],"_links":{"self":[{"href":"https:\/\/losperiodistas.com.mx\/portal\/wp-json\/wp\/v2\/posts\/128862","targetHints":{"allow":["GET"]}}],"collection":[{"href":"https:\/\/losperiodistas.com.mx\/portal\/wp-json\/wp\/v2\/posts"}],"about":[{"href":"https:\/\/losperiodistas.com.mx\/portal\/wp-json\/wp\/v2\/types\/post"}],"author":[{"embeddable":true,"href":"https:\/\/losperiodistas.com.mx\/portal\/wp-json\/wp\/v2\/users\/1"}],"replies":[{"embeddable":true,"href":"https:\/\/losperiodistas.com.mx\/portal\/wp-json\/wp\/v2\/comments?post=128862"}],"version-history":[{"count":1,"href":"https:\/\/losperiodistas.com.mx\/portal\/wp-json\/wp\/v2\/posts\/128862\/revisions"}],"predecessor-version":[{"id":128863,"href":"https:\/\/losperiodistas.com.mx\/portal\/wp-json\/wp\/v2\/posts\/128862\/revisions\/128863"}],"wp:featuredmedia":[{"embeddable":true,"href":"https:\/\/losperiodistas.com.mx\/portal\/wp-json\/wp\/v2\/media\/121762"}],"wp:attachment":[{"href":"https:\/\/losperiodistas.com.mx\/portal\/wp-json\/wp\/v2\/media?parent=128862"}],"wp:term":[{"taxonomy":"category","embeddable":true,"href":"https:\/\/losperiodistas.com.mx\/portal\/wp-json\/wp\/v2\/categories?post=128862"},{"taxonomy":"post_tag","embeddable":true,"href":"https:\/\/losperiodistas.com.mx\/portal\/wp-json\/wp\/v2\/tags?post=128862"}],"curies":[{"name":"wp","href":"https:\/\/api.w.org\/{rel}","templated":true}]}}